{"id":2481,"date":"2019-07-31T12:02:45","date_gmt":"2019-07-31T12:02:45","guid":{"rendered":"https:\/\/jorgezanoni.com.br\/2019\/?p=2481"},"modified":"2019-07-31T12:02:45","modified_gmt":"2019-07-31T12:02:45","slug":"fogo-no-interior-da-caixa-federal-de-adamantina-mobiliza-policia-militar-e-corpo-de-bombeiros","status":"publish","type":"post","link":"https:\/\/jorgezanoni.com.br\/2019\/fogo-no-interior-da-caixa-federal-de-adamantina-mobiliza-policia-militar-e-corpo-de-bombeiros\/","title":{"rendered":"Fogo no interior da Caixa Federal de Adamantina mobiliza Pol\u00edcia Militar e Corpo de Bombeiros"},"content":{"rendered":"<p><strong>Atendimento est\u00e1 paralisado.<\/strong><\/p>\n<p style=\"text-align: justify;\">Uma ocorr\u00eancia de inc\u00eandio no interior da ag\u00eancia da Caixa Econ\u00f4mica Federal de Adamantina na madrugada desta quarta-feira (31) mobilizou os efetivos da Pol\u00edcia Militar de Adamantina e o Corpo de Bombeiros.<\/p>\n<p style=\"text-align: justify;\">Segundo as primeiras informa\u00e7\u00f5es obtidas pela reportagem do\u00a0<strong>adamantinanet.com.br<\/strong>\u00a0junto \u00e0 Pol\u00edcia Militar, uma pessoa teria tentado colocar fogo em materiais que estavam na lixeira da \u00e1rea de autoatendimento da ag\u00eancia banc\u00e1ria (caixas eletr\u00f4nicos).<\/p>\n<p style=\"text-align: justify;\">O Tenente PM Rodrigo Afonso informou que foi registrado o boletim de ocorr\u00eancia de inc\u00eandio e que as imagens do sistema interno de monitoramento ser\u00e3o utilizadas visando esclarecer o crime e identificar o autor.<\/p>\n<p>Apesar do princ\u00edpio de inc\u00eandio, n\u00e3o houve o arrombamento ou outros danos na ag\u00eancia.<\/p>\n<p>O local est\u00e1 sendo preservado pela Pol\u00edcia Militar de Adamantina que aguarda a chegada de uma equipe de peritos especializados que est\u00e3o se deslocando de Mar\u00edlia para a Cidade Joia, j\u00e1 que o local trata-se de um \u00f3rg\u00e3o federal.<\/p>\n<p style=\"text-align: justify;\">V\u00e1rias pessoas estiveram no local j\u00e1 nas primeiras horas da manh\u00e3 de hoje, por\u00e9m, n\u00e3o puderam adentrar at\u00e9 que aconte\u00e7am todos os trabalhos da Pol\u00edcia.<\/p>\n<p style=\"text-align: justify;\">A ocorr\u00eancia segue em andamento e atualiza\u00e7\u00e3o desta reportagem pode acontecer a qualquer momento.<\/p>\n<p style=\"text-align: justify;\">Fonte: adamantinanet.com.br<\/p>\n","protected":false},"excerpt":{"rendered":"<p>Atendimento est\u00e1 paralisado. Uma ocorr\u00eancia de inc\u00eandio no interior da ag\u00eancia da Caixa Econ\u00f4mica Federal de Adamantina na madrugada desta quarta-feira (31) mobilizou os efetivos da Pol\u00edcia Militar de Adamantina e o Corpo de Bombeiros. Segundo as primeiras informa\u00e7\u00f5es obtidas pela reportagem do\u00a0adamantinanet.com.br\u00a0junto \u00e0 Pol\u00edcia Militar, uma pessoa teria tentado colocar fogo em materiais que [&hellip;]<\/p>\n","protected":false},"author":1,"featured_media":2482,"comment_status":"closed","ping_status":"open","sticky":false,"template":"","format":"standard","meta":{"footnotes":""},"categories":[110,2],"tags":[],"class_list":["post-2481","post","type-post","status-publish","format-standard","has-post-thumbnail","hentry","category-noticiasdestaque","category-policial"],"_links":{"self":[{"href":"https:\/\/jorgezanoni.com.br\/2019\/wp-json\/wp\/v2\/posts\/2481","targetHints":{"allow":["GET"]}}],"collection":[{"href":"https:\/\/jorgezanoni.com.br\/2019\/wp-json\/wp\/v2\/posts"}],"about":[{"href":"https:\/\/jorgezanoni.com.br\/2019\/wp-json\/wp\/v2\/types\/post"}],"author":[{"embeddable":true,"href":"https:\/\/jorgezanoni.com.br\/2019\/wp-json\/wp\/v2\/users\/1"}],"replies":[{"embeddable":true,"href":"https:\/\/jorgezanoni.com.br\/2019\/wp-json\/wp\/v2\/comments?post=2481"}],"version-history":[{"count":0,"href":"https:\/\/jorgezanoni.com.br\/2019\/wp-json\/wp\/v2\/posts\/2481\/revisions"}],"wp:featuredmedia":[{"embeddable":true,"href":"https:\/\/jorgezanoni.com.br\/2019\/wp-json\/wp\/v2\/media\/2482"}],"wp:attachment":[{"href":"https:\/\/jorgezanoni.com.br\/2019\/wp-json\/wp\/v2\/media?parent=2481"}],"wp:term":[{"taxonomy":"category","embeddable":true,"href":"https:\/\/jorgezanoni.com.br\/2019\/wp-json\/wp\/v2\/categories?post=2481"},{"taxonomy":"post_tag","embeddable":true,"href":"https:\/\/jorgezanoni.com.br\/2019\/wp-json\/wp\/v2\/tags?post=2481"}],"curies":[{"name":"wp","href":"https:\/\/api.w.org\/{rel}","templated":true}]}}