{"id":24801,"date":"2020-04-29T15:55:47","date_gmt":"2020-04-29T15:55:47","guid":{"rendered":"https:\/\/jorgezanoni.com.br\/2019\/?p=24801"},"modified":"2020-04-29T15:55:47","modified_gmt":"2020-04-29T15:55:47","slug":"reuniao-presidida-pelo-deputado-bragato-aprova-projeto-do-legislativo-paulista-para-combate-ao-coronavirus","status":"publish","type":"post","link":"https:\/\/jorgezanoni.com.br\/2019\/reuniao-presidida-pelo-deputado-bragato-aprova-projeto-do-legislativo-paulista-para-combate-ao-coronavirus\/","title":{"rendered":"Reuni\u00e3o presidida pelo deputado Bragato, aprova projeto do legislativo paulista para combate ao coronav\u00edrus"},"content":{"rendered":"<p style=\"text-align: justify;\"><strong>Reuni\u00e3o, presidida pelo deputado Bragato, aprova projeto que disponibiliza recursos do legislativo paulista para combate ao coronav\u00edrus.<\/strong><\/p>\n<p style=\"text-align: justify;\">O deputado Mauro Bragato presidiu a reuni\u00e3o conjunta da Comiss\u00e3o de Constitui\u00e7\u00e3o, Justi\u00e7a e Reda\u00e7\u00e3o e da Comiss\u00e3o de Finan\u00e7as, Or\u00e7amento e Planejamento da Alesp que apreciou o Projeto de Resolu\u00e7\u00e3o 13\/2020, referente ao corte de despesa da Assembleia Legislativa do Estado de S\u00e3o Paulo, revertendo estes recursos para o combate \u00e0 pandemia do coronav\u00edrus.<\/p>\n<p style=\"text-align: justify;\">A expectativa \u00e9 que sejam economizados cerca de R$ 320 milh\u00f5es durante o per\u00edodo de Calamidade P\u00fablica, decretado pelo Governo do Estado de S\u00e3o Paulo. O valor dever\u00e1 ser revertido em pol\u00edticas p\u00fablicas para o combate \u00e0 doen\u00e7a no Estado.<\/p>\n<p style=\"text-align: justify;\">Foi aprovado com 17 votos o relat\u00f3rio do l\u00edder do Governo na Casa, deputado Carl\u00e3o Pignatari, que prev\u00ea um corte de 30% no sal\u00e1rio dos parlamentares paulistas e um desconto de 35% sobre as verbas de gabinete. O relator apresentou tamb\u00e9m uma proposta que preserva o aux\u00edlio-alimenta\u00e7\u00e3o dos servidores, al\u00e9m de propor a redu\u00e7\u00e3o escalonada dos vencimentos dos funcion\u00e1rios comissionados, como tamb\u00e9m do aumento do valor doado ao Estado pelo Fundo Especial de Despesa da Alesp.<\/p>\n<p style=\"text-align: justify;\">De acordo com Bragato, a Assembleia Legislativa d\u00e1 um passo \u00e0 frente no combate ao coronav\u00edrus, demonstrando a efetividade do Parlamento paulista neste momento hist\u00f3rico que o estado de S\u00e3o Paulo e o pa\u00eds vivem. &#8220;Estamos vivendo um dos momentos mais dif\u00edceis da hist\u00f3ria, tanto na \u00e1rea da sa\u00fade, quanto na economia, e n\u00f3s, parlamentares, temos que dar o exemplo contribuindo com a sociedade no combate a essa doen\u00e7a\u201d, disse.<\/p>\n<p style=\"text-align: justify;\">Com a aprova\u00e7\u00e3o, o projeto est\u00e1 pronto para ser votado em plen\u00e1rio, nesta quinta-feira, 30\/04, \u00e0s 14h30, com transmiss\u00e3o ao vivo pela Rede Alesp.<\/p>\n<p style=\"text-align: justify;\">Tamb\u00e9m participaram da reuni\u00e3o as deputadas e os deputados Alex de Madureira, Carlos Cezar, Daniel Soares, Delegado Olim, Dirceu Dalben, Dra. Damaris Moura, Em\u00eddio de Souza, Estevam Galv\u00e3o, Gil Diniz, Gilmaci Santos, Heni cozi Cukier, Janaina Paschoal, Marcio da Farm\u00e1cia, Marina Helou, Marta Costa, Paulo Fiorillo, Ricardo Mell\u00e3o, Rog\u00e9rio Nogueira, Tenente Nascimento, Thiago Auricchio e Wellington Moura.<\/p>\n<p><img loading=\"lazy\" decoding=\"async\" class=\"alignnone size-full wp-image-24802\" src=\"https:\/\/jorgezanoni.com.br\/2019\/wp-content\/uploads\/2020\/04\/braga.jpg\" alt=\"\" width=\"1280\" height=\"960\" srcset=\"https:\/\/jorgezanoni.com.br\/2019\/wp-content\/uploads\/2020\/04\/braga.jpg 1280w, https:\/\/jorgezanoni.com.br\/2019\/wp-content\/uploads\/2020\/04\/braga-300x225.jpg 300w, https:\/\/jorgezanoni.com.br\/2019\/wp-content\/uploads\/2020\/04\/braga-1024x768.jpg 1024w, https:\/\/jorgezanoni.com.br\/2019\/wp-content\/uploads\/2020\/04\/braga-768x576.jpg 768w, https:\/\/jorgezanoni.com.br\/2019\/wp-content\/uploads\/2020\/04\/braga-80x60.jpg 80w, https:\/\/jorgezanoni.com.br\/2019\/wp-content\/uploads\/2020\/04\/braga-265x198.jpg 265w, https:\/\/jorgezanoni.com.br\/2019\/wp-content\/uploads\/2020\/04\/braga-696x522.jpg 696w, https:\/\/jorgezanoni.com.br\/2019\/wp-content\/uploads\/2020\/04\/braga-1068x801.jpg 1068w, https:\/\/jorgezanoni.com.br\/2019\/wp-content\/uploads\/2020\/04\/braga-560x420.jpg 560w\" sizes=\"auto, (max-width: 1280px) 100vw, 1280px\" \/> <img loading=\"lazy\" decoding=\"async\" class=\"alignnone size-full wp-image-24804\" src=\"https:\/\/jorgezanoni.com.br\/2019\/wp-content\/uploads\/2020\/04\/braga2.jpg\" alt=\"\" width=\"1280\" height=\"960\" srcset=\"https:\/\/jorgezanoni.com.br\/2019\/wp-content\/uploads\/2020\/04\/braga2.jpg 1280w, https:\/\/jorgezanoni.com.br\/2019\/wp-content\/uploads\/2020\/04\/braga2-300x225.jpg 300w, https:\/\/jorgezanoni.com.br\/2019\/wp-content\/uploads\/2020\/04\/braga2-1024x768.jpg 1024w, https:\/\/jorgezanoni.com.br\/2019\/wp-content\/uploads\/2020\/04\/braga2-768x576.jpg 768w, https:\/\/jorgezanoni.com.br\/2019\/wp-content\/uploads\/2020\/04\/braga2-80x60.jpg 80w, https:\/\/jorgezanoni.com.br\/2019\/wp-content\/uploads\/2020\/04\/braga2-265x198.jpg 265w, https:\/\/jorgezanoni.com.br\/2019\/wp-content\/uploads\/2020\/04\/braga2-696x522.jpg 696w, https:\/\/jorgezanoni.com.br\/2019\/wp-content\/uploads\/2020\/04\/braga2-1068x801.jpg 1068w, https:\/\/jorgezanoni.com.br\/2019\/wp-content\/uploads\/2020\/04\/braga2-560x420.jpg 560w\" sizes=\"auto, (max-width: 1280px) 100vw, 1280px\" \/> <img loading=\"lazy\" decoding=\"async\" class=\"alignnone size-full wp-image-24805\" src=\"https:\/\/jorgezanoni.com.br\/2019\/wp-content\/uploads\/2020\/04\/braga3.jpg\" alt=\"\" width=\"1280\" height=\"960\" srcset=\"https:\/\/jorgezanoni.com.br\/2019\/wp-content\/uploads\/2020\/04\/braga3.jpg 1280w, https:\/\/jorgezanoni.com.br\/2019\/wp-content\/uploads\/2020\/04\/braga3-300x225.jpg 300w, https:\/\/jorgezanoni.com.br\/2019\/wp-content\/uploads\/2020\/04\/braga3-1024x768.jpg 1024w, https:\/\/jorgezanoni.com.br\/2019\/wp-content\/uploads\/2020\/04\/braga3-768x576.jpg 768w, https:\/\/jorgezanoni.com.br\/2019\/wp-content\/uploads\/2020\/04\/braga3-80x60.jpg 80w, https:\/\/jorgezanoni.com.br\/2019\/wp-content\/uploads\/2020\/04\/braga3-265x198.jpg 265w, https:\/\/jorgezanoni.com.br\/2019\/wp-content\/uploads\/2020\/04\/braga3-696x522.jpg 696w, https:\/\/jorgezanoni.com.br\/2019\/wp-content\/uploads\/2020\/04\/braga3-1068x801.jpg 1068w, https:\/\/jorgezanoni.com.br\/2019\/wp-content\/uploads\/2020\/04\/braga3-560x420.jpg 560w\" sizes=\"auto, (max-width: 1280px) 100vw, 1280px\" \/><\/p>\n<p style=\"text-align: justify;\">Fonte: Assessoria de Imprensa<\/p>\n","protected":false},"excerpt":{"rendered":"<p>Reuni\u00e3o, presidida pelo deputado Bragato, aprova projeto que disponibiliza recursos do legislativo paulista para combate ao coronav\u00edrus. O deputado Mauro Bragato presidiu a reuni\u00e3o conjunta da Comiss\u00e3o de Constitui\u00e7\u00e3o, Justi\u00e7a e Reda\u00e7\u00e3o e da Comiss\u00e3o de Finan\u00e7as, Or\u00e7amento e Planejamento da Alesp que apreciou o Projeto de Resolu\u00e7\u00e3o 13\/2020, referente ao corte de despesa da [&hellip;]<\/p>\n","protected":false},"author":1,"featured_media":24803,"comment_status":"closed","ping_status":"open","sticky":false,"template":"","format":"standard","meta":{"footnotes":""},"categories":[110,116],"tags":[],"class_list":["post-24801","post","type-post","status-publish","format-standard","has-post-thumbnail","hentry","category-noticiasdestaque","category-politicaeeconomia"],"_links":{"self":[{"href":"https:\/\/jorgezanoni.com.br\/2019\/wp-json\/wp\/v2\/posts\/24801","targetHints":{"allow":["GET"]}}],"collection":[{"href":"https:\/\/jorgezanoni.com.br\/2019\/wp-json\/wp\/v2\/posts"}],"about":[{"href":"https:\/\/jorgezanoni.com.br\/2019\/wp-json\/wp\/v2\/types\/post"}],"author":[{"embeddable":true,"href":"https:\/\/jorgezanoni.com.br\/2019\/wp-json\/wp\/v2\/users\/1"}],"replies":[{"embeddable":true,"href":"https:\/\/jorgezanoni.com.br\/2019\/wp-json\/wp\/v2\/comments?post=24801"}],"version-history":[{"count":0,"href":"https:\/\/jorgezanoni.com.br\/2019\/wp-json\/wp\/v2\/posts\/24801\/revisions"}],"wp:featuredmedia":[{"embeddable":true,"href":"https:\/\/jorgezanoni.com.br\/2019\/wp-json\/wp\/v2\/media\/24803"}],"wp:attachment":[{"href":"https:\/\/jorgezanoni.com.br\/2019\/wp-json\/wp\/v2\/media?parent=24801"}],"wp:term":[{"taxonomy":"category","embeddable":true,"href":"https:\/\/jorgezanoni.com.br\/2019\/wp-json\/wp\/v2\/categories?post=24801"},{"taxonomy":"post_tag","embeddable":true,"href":"https:\/\/jorgezanoni.com.br\/2019\/wp-json\/wp\/v2\/tags?post=24801"}],"curies":[{"name":"wp","href":"https:\/\/api.w.org\/{rel}","templated":true}]}}