{"id":24792,"date":"2020-04-29T14:15:15","date_gmt":"2020-04-29T14:15:15","guid":{"rendered":"https:\/\/jorgezanoni.com.br\/2019\/?p=24792"},"modified":"2020-04-29T14:15:15","modified_gmt":"2020-04-29T14:15:15","slug":"a-fundec-e-o-novo-coronavirus","status":"publish","type":"post","link":"https:\/\/jorgezanoni.com.br\/2019\/a-fundec-e-o-novo-coronavirus\/","title":{"rendered":"A\u00a0Fundec\u00a0e\u00a0o\u00a0novo\u00a0coronav\u00edrus"},"content":{"rendered":"<p style=\"text-align: justify;\">Um cen\u00e1rio mundialmente delicado tem marcado o momento atual com uma crise sanit\u00e1ria sem precedentes em raz\u00e3o da pandemia causada pelo novo coronav\u00edrus. A Funda\u00e7\u00e3o Dracenense de Educa\u00e7\u00e3o e Cultura &#8211; Fundec, mantenedora das unidades escolares Anglo-CID, CEP\/UME e Unifadra, tamb\u00e9m foi surpreendida pelo COVID-19. Diante disso, a institui\u00e7\u00e3o imediatamente adotou todas as medidas necess\u00e1rias para a preven\u00e7\u00e3o de contamina\u00e7\u00f5es, estipulando trabalho <em>home office<\/em>, isolamento dos seus colaboradores, especialmente dos de grupo de risco, al\u00e9m da suspens\u00e3o das aulas presenciais, seguindo as medidas governamentais.<br \/>\nEra o momento de nos afastarmos fisicamente para garantir a seguran\u00e7a e a sa\u00fade de todos, mas nem por isso a Fundec parou! Durante esse per\u00edodo de isolamento social, a Fundec tem participado de diversas a\u00e7\u00f5es colaborativas com os segmentos p\u00fablicos. A Institui\u00e7\u00e3o, por meio de seus representantes, participou da primeira reuni\u00e3o do Poder Executivo, Legislativo e autoridades da \u00e1rea de sa\u00fade de Dracena para definir as primeiras a\u00e7\u00f5es frente \u00e0 COVID-19 e se mant\u00e9m \u00e0 disposi\u00e7\u00e3o das nossas autoridades. Alunos e professores volunt\u00e1rios da Unifadra e do CEP\/UME, dos cursos de Medicina, Enfermagem Superior e T\u00e9cnico em Enfermagem, auxiliam na Campanha de Vacina\u00e7\u00e3o da influenza. A Funda\u00e7\u00e3o fez doa\u00e7\u00f5es de materiais de EPI, como m\u00e1scaras e luvas, para os profissionais da Secretaria Municipal de Sa\u00fade. Equipamentos pedag\u00f3gicos de sa\u00fade tamb\u00e9m foram cedidos para os hospitais de nossa microrregi\u00e3o para treinamentos e capacita\u00e7\u00f5es de profissionais, visando a um melhor atendimento \u00e0 popula\u00e7\u00e3o. Atualmente desenvolve dentro de seu quadro de colaboradores uma campanha de arrecada\u00e7\u00e3o financeira em prol da Santa Casa de Dracena, que h\u00e1 anos \u00e9 parceira da Institui\u00e7\u00e3o.<br \/>\nNa \u00e1rea educacional, a institui\u00e7\u00e3o tem investido, ao longo dos \u00faltimos anos, em estrutura e infraestrutura modernas, com novas tecnologias que a mantiveram preparada para situa\u00e7\u00f5es como esta. Dentro desses investimentos est\u00e3o a elabora\u00e7\u00e3o de projetos pedag\u00f3gicos mais modernos, aquisi\u00e7\u00e3o de sistemas de ERP (gest\u00e3o integrada) e ferramentas educacionais. Foram e est\u00e3o sendo constru\u00eddos v\u00e1rios laborat\u00f3rios de sa\u00fade totalmente dotados com equipamentos tecnol\u00f3gicos de \u00faltima gera\u00e7\u00e3o e de alto custo, como simuladores real\u00edsticos, mesas simuladoras de anatomia 3D, aparelhos completos para procedimentos e pr\u00e1ticas cir\u00fargicas, equipamentos para habilidades m\u00e9dicas, morfologia, bibliotecas virtuais com acervos digitais, entre outros.<br \/>\nOs professores s\u00e3o treinados e capacitados constantemente dentro das novas propostas pedag\u00f3gicas, como atualiza\u00e7\u00e3o profissional por meio do programa de capacita\u00e7\u00e3o e qualifica\u00e7\u00e3o da Institui\u00e7\u00e3o, que contempla todos os seus colaboradores.<br \/>\nA Funda\u00e7\u00e3o, por meio de programas sociais constru\u00eddos com base em conhecimentos cient\u00edficos de suas unidades escolares, tamb\u00e9m impacta significativamente na \u00e1rea social de Dracena e regi\u00e3o. Os resultados obtidos pela Fundec s\u00e3o reinvestidos em suas pr\u00f3prias Unidades Escolares, e tamb\u00e9m nos programas sociais gratuitos voltados \u00e0 comunidade, como o Viva a Vida (para pacientes hipertensos e diab\u00e9ticos), Parkinson, Unati (Universidade Aberta \u00e0 Terceira Idade), Cl\u00ednica Psicol\u00f3gica, Inclus\u00e3o Digital (para crian\u00e7as de 4 e 5 anos), al\u00e9m dos atendimentos dos alunos de Medicina, Enfermagem e T\u00e9cnico em Enfermagem, que cumprem seus est\u00e1gios pr\u00e1ticos, colaborando de forma direta em diferentes unidades de sa\u00fade da microrregi\u00e3o de Dracena. Esses programas est\u00e3o temporariamente suspensos como medida preventiva ao coronav\u00edrus.<br \/>\nCom o avan\u00e7o da pandemia no Pa\u00eds, as atividades educacionais tiveram continuidade com a expertise conquistada pela Institui\u00e7\u00e3o ao longo de mais de 14 anos de atividades em ensino a dist\u00e2ncia em v\u00e1rios cursos superiores. Para atender \u00e0s necessidades de suas unidades escolares mantidas, a Funda\u00e7\u00e3o agilizou o processo de aquisi\u00e7\u00e3o de licen\u00e7as da plataforma de educa\u00e7\u00e3o on-line Zoom, que est\u00e1 sendo utilizada de forma eficiente por alunos e professores de todas suas unidades escolares para atividades s\u00edncronas e ass\u00edncronas, visando \u00e0 sedimenta\u00e7\u00e3o dos conte\u00fados e atividades realizadas na plataforma AVA (Ambiente Virtual de Aprendizagem), implantada h\u00e1 tr\u00eas anos para o atendimento da matriz curricular da maioria dos cursos superiores da Unifadra, que prev\u00ea 20% de seu conte\u00fado ministrado a dist\u00e2ncia, ou seja, mediado por tecnologias, conforme aprova\u00e7\u00f5es dos projetos emitidos pelo Conselho Estadual de Educa\u00e7\u00e3o do Estado de S\u00e3o Paulo \u2013 CEE-SP.<br \/>\nNa busca constante de inova\u00e7\u00f5es, com o seu compromisso de manter uma educa\u00e7\u00e3o de qualidade, al\u00e9m de preparar alunos mais aut\u00f4nomos, com pensamento cr\u00edtico e liberdade para o enfrentamento das ricas e novas experi\u00eancias que se apresentam, a Fundec traz como inova\u00e7\u00e3o a implanta\u00e7\u00e3o do Google Gsuite for Education, hoje considerada uma das melhores ferramentas de educa\u00e7\u00e3o tecnol\u00f3gica do mundo. Essa plataforma colaborativa j\u00e1 est\u00e1 sendo utilizada pelo Col\u00e9gio Anglo-CID por meio do Sistema Anglo de Ensino e da Somos Educa\u00e7\u00e3o e, em breve, estar\u00e1 dispon\u00edvel para os alunos e professores da escola t\u00e9cnica CEP\/UME e da faculdade Unifadra, como um projeto de transforma\u00e7\u00e3o digital, e que ser\u00e1 a plataforma educacional oficial da Institui\u00e7\u00e3o em atendimento aos anseios e necessidades da nova gera\u00e7\u00e3o. Essa plataforma oferece in\u00fameros recursos e ferramentas voltadas especificamente para a educa\u00e7\u00e3o, envolvendo, inclusive, intelig\u00eancia artificial, beneficiando diretamente alunos e professores no processo educacional.<br \/>\nO diretor executivo da Fundec Edson Hissatomi Kai destacou que tudo isso s\u00f3 foi poss\u00edvel com a colabora\u00e7\u00e3o de todos, em especial do corpo docente, corpo discente e familiares, que s\u00e3o fundamentais neste processo de ensino aprendizagem.<br \/>\nKai ainda ressaltou que participou de um congresso da Google Gsuite for Education em S\u00e3o Paulo, em 2019, que despertou o interesse da institui\u00e7\u00e3o em seguir essa linha de utiliza\u00e7\u00e3o de tecnologias e novas metodologias para nossas unidades escolares. \u201c\u00c9 um modelo que est\u00e1 sendo seguido pelas melhores institui\u00e7\u00f5es de ensino de todo o mundo\u201d, comentou o diretor.<br \/>\nReinventar frentes, ter criatividade e, principalmente, preservar a ess\u00eancia educacional neste per\u00edodo t\u00e3o delicado \u00e9 um grande desafio, no qual a Fundec est\u00e1 empenhada!<br \/>\nUma das miss\u00f5es da Fundec \u00e9 colaborar e estar sempre \u00e0 disposi\u00e7\u00e3o da comunidade. Por isso, a import\u00e2ncia de se manter os investimentos em sua linha mestra na Educa\u00e7\u00e3o para que possa dar continuidade ao seu desenvolvimento e a seus programas sociais e, consequentemente, continuar contribuindo de forma significativa com o desenvolvimento regional.<\/p>\n<p style=\"text-align: justify;\">Cheios de saudade dos corredores lotados, salas de aulas, eventos institucionais, momentos de intera\u00e7\u00e3o, e at\u00e9 do lanchinho em grupo na cantina, estamos confiantes de que logo estaremos todos juntos (e seguros!) em nossa escola.<br \/>\nDiante de dificuldades como essa, o momento nos uniu (mesmo afastados) por um bem maior: nossa vida, e a certeza do aprendizado para realmente buscarmos a constru\u00e7\u00e3o de um Mundo Bem Melhor! Juntos!<\/p>\n<p>Foto:\u00a0Aluna de Enfermagem na Campanha de Vacina\u00e7\u00e3o.<\/p>\n","protected":false},"excerpt":{"rendered":"<p>Um cen\u00e1rio mundialmente delicado tem marcado o momento atual com uma crise sanit\u00e1ria sem precedentes em raz\u00e3o da pandemia causada pelo novo coronav\u00edrus. A Funda\u00e7\u00e3o Dracenense de Educa\u00e7\u00e3o e Cultura &#8211; Fundec, mantenedora das unidades escolares Anglo-CID, CEP\/UME e Unifadra, tamb\u00e9m foi surpreendida pelo COVID-19. Diante disso, a institui\u00e7\u00e3o imediatamente adotou todas as medidas necess\u00e1rias [&hellip;]<\/p>\n","protected":false},"author":1,"featured_media":24793,"comment_status":"closed","ping_status":"open","sticky":false,"template":"","format":"standard","meta":{"footnotes":""},"categories":[122],"tags":[],"class_list":["post-24792","post","type-post","status-publish","format-standard","has-post-thumbnail","hentry","category-saudeeducacaoeconcurso"],"_links":{"self":[{"href":"https:\/\/jorgezanoni.com.br\/2019\/wp-json\/wp\/v2\/posts\/24792","targetHints":{"allow":["GET"]}}],"collection":[{"href":"https:\/\/jorgezanoni.com.br\/2019\/wp-json\/wp\/v2\/posts"}],"about":[{"href":"https:\/\/jorgezanoni.com.br\/2019\/wp-json\/wp\/v2\/types\/post"}],"author":[{"embeddable":true,"href":"https:\/\/jorgezanoni.com.br\/2019\/wp-json\/wp\/v2\/users\/1"}],"replies":[{"embeddable":true,"href":"https:\/\/jorgezanoni.com.br\/2019\/wp-json\/wp\/v2\/comments?post=24792"}],"version-history":[{"count":0,"href":"https:\/\/jorgezanoni.com.br\/2019\/wp-json\/wp\/v2\/posts\/24792\/revisions"}],"wp:featuredmedia":[{"embeddable":true,"href":"https:\/\/jorgezanoni.com.br\/2019\/wp-json\/wp\/v2\/media\/24793"}],"wp:attachment":[{"href":"https:\/\/jorgezanoni.com.br\/2019\/wp-json\/wp\/v2\/media?parent=24792"}],"wp:term":[{"taxonomy":"category","embeddable":true,"href":"https:\/\/jorgezanoni.com.br\/2019\/wp-json\/wp\/v2\/categories?post=24792"},{"taxonomy":"post_tag","embeddable":true,"href":"https:\/\/jorgezanoni.com.br\/2019\/wp-json\/wp\/v2\/tags?post=24792"}],"curies":[{"name":"wp","href":"https:\/\/api.w.org\/{rel}","templated":true}]}}