{"id":24786,"date":"2020-04-29T13:51:16","date_gmt":"2020-04-29T13:51:16","guid":{"rendered":"https:\/\/jorgezanoni.com.br\/2019\/?p=24786"},"modified":"2020-04-29T13:51:16","modified_gmt":"2020-04-29T13:51:16","slug":"fundec-celebra-18-anos-da-lei-de-libras-no-brasil","status":"publish","type":"post","link":"https:\/\/jorgezanoni.com.br\/2019\/fundec-celebra-18-anos-da-lei-de-libras-no-brasil\/","title":{"rendered":"Fundec celebra 18 anos da Lei de Libras no Brasil"},"content":{"rendered":"<p style=\"text-align: justify;\">O dia 24 de abril \u00e9 marcado como o Dia Nacional da L\u00edngua Brasileira de Sinais, e, em 2020, a lei de regulamenta\u00e7\u00e3o de Libras completa 18 anos. A Fundec celebra a data, que proporcionou a forma\u00e7\u00e3o de diversos profissionais Surdos ao longo dos anos no CEP\/UME e na Unifadra.<br \/>\nA Profa. Esp. e int\u00e9rprete de Libras Adverilda Alexandre da Silva Costa destacou, nessa data t\u00e3o importante, que hoje a acessibilidade \u00e0s pessoas que dependem da l\u00edngua dos sinais est\u00e1 muito mais avan\u00e7ada. A Fundec recebe e forma Surdos disponibilizando condi\u00e7\u00f5es adequadas para que esses profissionais ofere\u00e7am servi\u00e7os de qualidade para a nossa regi\u00e3o, e tamb\u00e9m d\u00e1 a oportunidade de atua\u00e7\u00e3o desses profissionais em salas de aula de suas unidades de ensino.<br \/>\nTodos os cursos de licenciatura e superiores da \u00e1rea de Sa\u00fade s\u00e3o obrigados, pela Lei\u00a0<a href=\"http:\/\/www.jusbrasil.com.br\/legislacao\/99492\/lei-de-l%C3%ADbras-lei-10436-02\" target=\"_blank\" rel=\"noopener noreferrer\">10.436<\/a>\/02, a inserir a disciplina de Libras aos alunos. \u201cDessa forma, os profissionais formados ter\u00e3o condi\u00e7\u00f5es de realizar atendimentos de maior qualidade \u00e0 comunidade surda\u201d, comentou Adverilda Costa.<br \/>\nO ex-aluno Hugo C\u00e9sar Machado de Brito \u00e9 surdo e se formou em Pedagogia na Unifadra em 2017. Hoje Hugo acumula mais duas p\u00f3s-gradua\u00e7\u00f5es em Libras e Educa\u00e7\u00e3o Especial por outras institui\u00e7\u00f5es. O jovem foi aprovado no concurso da Prefeitura Municipal de Dracena e atua na educa\u00e7\u00e3o infantil da cidade. \u201c\u00c9 gratificante ver que hoje marcamos a quebra de barreiras para a acessibilidade na comunica\u00e7\u00e3o entre Surdos e ouvintes, possibilitando ao Hugo e tantos outros alunos uma profiss\u00e3o\u201d, concluiu Adverilda.<\/p>\n<p style=\"text-align: justify;\">Foto: Hugo de Brito em sua formatura de Pedagogia da Unifadra em dezembro de 2017.<\/p>\n<p style=\"text-align: justify;\">Atenciosamente,<\/p>\n<p style=\"text-align: justify;\">Carolina Colnago<br \/>\nDepartamento de Comunica\u00e7\u00e3o<\/p>\n","protected":false},"excerpt":{"rendered":"<p>O dia 24 de abril \u00e9 marcado como o Dia Nacional da L\u00edngua Brasileira de Sinais, e, em 2020, a lei de regulamenta\u00e7\u00e3o de Libras completa 18 anos. A Fundec celebra a data, que proporcionou a forma\u00e7\u00e3o de diversos profissionais Surdos ao longo dos anos no CEP\/UME e na Unifadra. A Profa. Esp. e int\u00e9rprete [&hellip;]<\/p>\n","protected":false},"author":1,"featured_media":24787,"comment_status":"closed","ping_status":"open","sticky":false,"template":"","format":"standard","meta":{"footnotes":""},"categories":[122],"tags":[],"class_list":["post-24786","post","type-post","status-publish","format-standard","has-post-thumbnail","hentry","category-saudeeducacaoeconcurso"],"_links":{"self":[{"href":"https:\/\/jorgezanoni.com.br\/2019\/wp-json\/wp\/v2\/posts\/24786","targetHints":{"allow":["GET"]}}],"collection":[{"href":"https:\/\/jorgezanoni.com.br\/2019\/wp-json\/wp\/v2\/posts"}],"about":[{"href":"https:\/\/jorgezanoni.com.br\/2019\/wp-json\/wp\/v2\/types\/post"}],"author":[{"embeddable":true,"href":"https:\/\/jorgezanoni.com.br\/2019\/wp-json\/wp\/v2\/users\/1"}],"replies":[{"embeddable":true,"href":"https:\/\/jorgezanoni.com.br\/2019\/wp-json\/wp\/v2\/comments?post=24786"}],"version-history":[{"count":0,"href":"https:\/\/jorgezanoni.com.br\/2019\/wp-json\/wp\/v2\/posts\/24786\/revisions"}],"wp:featuredmedia":[{"embeddable":true,"href":"https:\/\/jorgezanoni.com.br\/2019\/wp-json\/wp\/v2\/media\/24787"}],"wp:attachment":[{"href":"https:\/\/jorgezanoni.com.br\/2019\/wp-json\/wp\/v2\/media?parent=24786"}],"wp:term":[{"taxonomy":"category","embeddable":true,"href":"https:\/\/jorgezanoni.com.br\/2019\/wp-json\/wp\/v2\/categories?post=24786"},{"taxonomy":"post_tag","embeddable":true,"href":"https:\/\/jorgezanoni.com.br\/2019\/wp-json\/wp\/v2\/tags?post=24786"}],"curies":[{"name":"wp","href":"https:\/\/api.w.org\/{rel}","templated":true}]}}