{"id":24766,"date":"2020-04-29T00:43:03","date_gmt":"2020-04-29T00:43:03","guid":{"rendered":"https:\/\/jorgezanoni.com.br\/2019\/?p=24766"},"modified":"2020-04-29T00:43:03","modified_gmt":"2020-04-29T00:43:03","slug":"governo-de-sp-e-prefeitos-se-reunem-para-discutir-quarentena-mais-leve","status":"publish","type":"post","link":"https:\/\/jorgezanoni.com.br\/2019\/governo-de-sp-e-prefeitos-se-reunem-para-discutir-quarentena-mais-leve\/","title":{"rendered":"Governo de SP e prefeitos se re\u00fanem para discutir quarentena mais leve"},"content":{"rendered":"<h2 class=\"subtitle\" style=\"text-align: justify;\"><strong>Hoje, governador, secret\u00e1rios de Estado e o m\u00e9dico Davi Uip conversaram, por meio da internet, com 30 prefeitos de cidades com mais de 200 mil habitantes.<\/strong><\/h2>\n<p style=\"text-align: justify;\">O governo de S\u00e3o Paulo iniciou, nesta ter\u00e7a-feira (28), uma s\u00e9rie de reuni\u00f5es virtuais com\u00a0<a href=\"http:\/\/noticias.r7.com\/sao-paulo\/municipios-de-sp-adotam-proprias-medidas-durante-quarentena-28042020\"><strong>prefeitos de cidades paulistas<\/strong><\/a>\u00a0para discutir a flexibiliza\u00e7\u00e3o da quarentena no Estado. O primeiro encontro, hoje de manh\u00e3, contou com a participa\u00e7\u00e3o dos prefeitos de cidades com mais de 200 mil habitantes.<\/p>\n<p style=\"text-align: justify;\">Essa \u00e9 a primeira vez que os chefes do Executivos municipais e representantes do Executivo Estadual se encontram para tratar, em conjunto, sobre como ser\u00e1 a reabertura das atividades econ\u00f4micas daqui em diante. A reuni\u00e3o desta manh\u00e3 foi virtual \u2013 assim como as pr\u00f3ximas.<\/p>\n<p style=\"text-align: justify;\">Em princ\u00edpio, est\u00e1 descartado qualquer afrouxamento das restri\u00e7\u00f5es do isolamento social antes de 11 de maio. O secret\u00e1rio Marco Vinholi (Desenvolvimento Regional) disse hoje que os prefeitos foram receptivos e que as cidades com melhores \u00edndices devem liberar o com\u00e9rcio de rua na semana do dia 11 de maio.<\/p>\n<p style=\"text-align: justify;\">Por semanas, aos poucos, ser\u00e3o liberados outros setores da economia, como bares e restaurantes em uma segunda etapa, disse Vinholi.<\/p>\n<p style=\"text-align: justify;\">Hoje, participaram prefeitos de Americana, Ara\u00e7atuba, Araraquara, Barretos, Bauru, Campinas, Cordeir\u00f3polis, Franca, Guaruj\u00e1, Hortol\u00e2ndia, Indaiatuba, Itapeva, Jacare\u00ed, Jundia\u00ed, Limeira, Mar\u00edlia, Piracicaba, Praia Grande, Presidente Prudente, Registro, Ribeir\u00e3o Preto, Rio Claro, Santos, S\u00e3o Carlos, S\u00e3o Jos\u00e9 do Rio Preto, S\u00e3o Jos\u00e9 dos Campos, S\u00e3o Vicente, Sorocaba, Sumar\u00e9 e Taubat\u00e9.<\/p>\n<p style=\"text-align: justify;\">Na pauta desta ter\u00e7a-feira, estavam detalhes de cada regi\u00e3o do estado e o motivo de seguir com o isolamento social at\u00e9 dia 10. O governo paulista fez uma pesquisa em todos os munic\u00edpios com a popula\u00e7\u00e3o a fim de entender a percep\u00e7\u00e3o deles com problema.<\/p>\n<p style=\"text-align: justify;\">Os encontros virtuais com prefeitos foram propostos pelo secret\u00e1rio Marco Vinholi e comandados pelo governador Jo\u00e3o Doria (PSDB). Tamb\u00e9m participaram o presidente da APM (Associa\u00e7\u00e3o Paulista de Munic\u00edpios), Carlos Cruz, e o presidente da Avesp (Associa\u00e7\u00e3o dos Vereadores do Estado de S\u00e3o Paulo), Sebasti\u00e3o Misiara.<\/p>\n<p style=\"text-align: justify;\">Al\u00e9m deles, estar\u00e3o presentes em todas as reuni\u00f5es a Secret\u00e1ria de Desenvolvimento Econ\u00f4mico, Patr\u00edcia Ellen; o Secret\u00e1rio de Sa\u00fade, Jos\u00e9 Henrique Germann; a Secret\u00e1ria de Desenvolvimento Social, C\u00e9lia Parnes; e o Coordenador do Centro de Conting\u00eancia da covid-19\/S\u00e3o Paulo, Davi Uip.<\/p>\n<p style=\"text-align: justify;\">Nesta quarta-feira, ser\u00e1 a vez de os prefeitos da Regi\u00e3o Metropolitana de S\u00e3o Paulo discutirem com autoridades do governo paulista os pr\u00f3ximos passos para a reabertura das atividades econ\u00f4micas.<\/p>\n<p style=\"text-align: justify;\">Fonte: https:\/\/noticias.r7.com\/<\/p>\n","protected":false},"excerpt":{"rendered":"<p>Hoje, governador, secret\u00e1rios de Estado e o m\u00e9dico Davi Uip conversaram, por meio da internet, com 30 prefeitos de cidades com mais de 200 mil habitantes. O governo de S\u00e3o Paulo iniciou, nesta ter\u00e7a-feira (28), uma s\u00e9rie de reuni\u00f5es virtuais com\u00a0prefeitos de cidades paulistas\u00a0para discutir a flexibiliza\u00e7\u00e3o da quarentena no Estado. O primeiro encontro, hoje [&hellip;]<\/p>\n","protected":false},"author":1,"featured_media":24767,"comment_status":"closed","ping_status":"open","sticky":false,"template":"","format":"standard","meta":{"footnotes":""},"categories":[110,116],"tags":[],"class_list":["post-24766","post","type-post","status-publish","format-standard","has-post-thumbnail","hentry","category-noticiasdestaque","category-politicaeeconomia"],"_links":{"self":[{"href":"https:\/\/jorgezanoni.com.br\/2019\/wp-json\/wp\/v2\/posts\/24766","targetHints":{"allow":["GET"]}}],"collection":[{"href":"https:\/\/jorgezanoni.com.br\/2019\/wp-json\/wp\/v2\/posts"}],"about":[{"href":"https:\/\/jorgezanoni.com.br\/2019\/wp-json\/wp\/v2\/types\/post"}],"author":[{"embeddable":true,"href":"https:\/\/jorgezanoni.com.br\/2019\/wp-json\/wp\/v2\/users\/1"}],"replies":[{"embeddable":true,"href":"https:\/\/jorgezanoni.com.br\/2019\/wp-json\/wp\/v2\/comments?post=24766"}],"version-history":[{"count":0,"href":"https:\/\/jorgezanoni.com.br\/2019\/wp-json\/wp\/v2\/posts\/24766\/revisions"}],"wp:featuredmedia":[{"embeddable":true,"href":"https:\/\/jorgezanoni.com.br\/2019\/wp-json\/wp\/v2\/media\/24767"}],"wp:attachment":[{"href":"https:\/\/jorgezanoni.com.br\/2019\/wp-json\/wp\/v2\/media?parent=24766"}],"wp:term":[{"taxonomy":"category","embeddable":true,"href":"https:\/\/jorgezanoni.com.br\/2019\/wp-json\/wp\/v2\/categories?post=24766"},{"taxonomy":"post_tag","embeddable":true,"href":"https:\/\/jorgezanoni.com.br\/2019\/wp-json\/wp\/v2\/tags?post=24766"}],"curies":[{"name":"wp","href":"https:\/\/api.w.org\/{rel}","templated":true}]}}