{"id":24760,"date":"2020-04-29T00:01:59","date_gmt":"2020-04-29T00:01:59","guid":{"rendered":"https:\/\/jorgezanoni.com.br\/2019\/?p=24760"},"modified":"2020-04-29T00:01:59","modified_gmt":"2020-04-29T00:01:59","slug":"site-de-jornalismo-independente-aponta-14-mortes-no-presidio-de-lucelia-em-44-dias-sap-confirma-3","status":"publish","type":"post","link":"https:\/\/jorgezanoni.com.br\/2019\/site-de-jornalismo-independente-aponta-14-mortes-no-presidio-de-lucelia-em-44-dias-sap-confirma-3\/","title":{"rendered":"Site de jornalismo independente aponta 14 mortes no pres\u00eddio de Luc\u00e9lia em 44 dias; SAP confirma 3"},"content":{"rendered":"<p style=\"text-align: justify;\"><strong>Mortes teriam ocorrido entre 4 de mar\u00e7o e 17 de abril. SAP confirma 3, uma positivo para Covid-19.<\/strong><\/p>\n<p style=\"text-align: justify;\">O site Ponte, que se identifica como jornalismo independente focado em seguran\u00e7a p\u00fablica e direitos humanos, publicou no \u00faltimo s\u00e1bado (25) reportagem onde revela a morte de pelo menos quatro detentos do sistema prisional paulista, com causa atribu\u00edda ao novo coronav\u00edrus, e alerta sobre os riscos de poss\u00edveis cont\u00e1gios.<\/p>\n<p style=\"text-align: justify;\">Segundo a Ponte, dessas quatro mortes, tr\u00eas seriam detentos idosos que cumpriam penas por crimes sexuais. Duas mortes teriam ocorrido na Penitenci\u00e1ria 2 de Sorocaba (detentos com idades de 62 e 67 anos), uma na Penitenci\u00e1ria 1 de Mirand\u00f3polis (detento com 54 anos) e o outra em Luc\u00e9lia (detento de 76 anos).<\/p>\n<p style=\"text-align: justify;\">A reportagem afirma ter apurado junto a agentes penitenci\u00e1rios que, considerando o fluxo no sistema prisional, ao menos 900 detentos e dezenas de funcion\u00e1rios tiveram contato com esses quatro presos mortos.<\/p>\n<p style=\"text-align: justify;\">A Ponte ouviu o psiquiatra Paulo C\u00e9sar Sampaio, ex-coordenador de Sa\u00fade da SAP (Secretaria Estadual da Administra\u00e7\u00e3o Penitenci\u00e1ria) de SP e presidente do grupo Tortura Nunca Mais. O profissional afirmou ao site que todos os presos que tiveram contato com os detentos mortos pela Covid-19 t\u00eam de fazer o teste de coronav\u00edrus.\u00a0<em>&#8220;O Estado tem obriga\u00e7\u00e3o de fazer isso. Se um detento manteve contato com outro infectado que veio a \u00f3bito no mesmo pres\u00eddio, ele deve ser separado dos demais, isolado imediatamente e ser submetido ao exame de coronav\u00edrus para ter a certeza se est\u00e1 ou n\u00e3o doente&#8221;<\/em>, ressaltou.<\/p>\n<p style=\"text-align: justify;\">\u00c0 Ponte, Sampaio disse que os presos que apresentam sintomas da Covid-19 n\u00e3o podem ser retirados de um pavilh\u00e3o e levados para uma enfermaria na mesma unidade, porque, se isso ocorrer, n\u00e3o ser\u00e1 poss\u00edvel conter a prolifera\u00e7\u00e3o da pandemia no sistema prisional.\u00a0<em>&#8220;O governo n\u00e3o criou hospitais de campanha? Ent\u00e3o deveria ter providenciado unidades prisionais s\u00f3 para receber e tratar adequadamente os presos infectados, com equipe m\u00e9dica completa e tudo o que \u00e9 necess\u00e1rio. Caso contr\u00e1rio, a doen\u00e7a vai se espalhar&#8221;<\/em>, explicou.<\/p>\n<p style=\"text-align: justify;\"><strong>Site cita 14 mortes de detentos em 44 dias<\/strong><\/p>\n<p style=\"text-align: justify;\">Na Penitenci\u00e1ria de Luc\u00e9lia, ainda de acordo com o a Ponte, teriam sido registradas outras 13 mortes de detentos, no per\u00edodo de 4 de mar\u00e7o e 17 de abril deste ano, o que soma 14 \u00f3bitos no per\u00edodo, um dos quais tendo a Covid-19 como causa. Em nota, a SAP confirma 3 mortes, sendo uma delas por Covid-19.<\/p>\n<p style=\"text-align: justify;\">O site fez um levantamento onde apurou o nome, idade e a data de cada preso morto. As poss\u00edveis 14 mortes citadas, no per\u00edodo de 44 dias, representam, na m\u00e9dia, uma morte a cada tr\u00eas dias.<\/p>\n<p style=\"text-align: justify;\">Segundo a Ponte, os mortos teriam entre 48 anos e 93 anos. Alguns teriam sido sepultados como indigentes em Luc\u00e9lia. O site revela que cinco detentos teriam como causa da morte a ocorr\u00eancia de insufici\u00eancia respirat\u00f3ria. Eles teriam idades de 50, 58, dois com 63 anos e o quinto com 71 anos.<\/p>\n<p style=\"text-align: justify;\">A Ponte apurou ainda haver seis mortes de detentos na penitenci\u00e1ria de Luc\u00e9lia, nesse mesmo per\u00edodo com causas indeterminadas, cujas idades seriam de 48, 61, 62, dois com 71 anos e o \u00faltimo deles com 86 anos. O site cita tamb\u00e9m outras duas mortes de detentos da unidade, que seriam de um detento de 93 anos, que teria morrido em decorr\u00eancia de arritmia card\u00edaca, dist\u00farbio metab\u00f3lico e colite, e outro de 48 anos, que teria ido a \u00f3bito por causa de infarto agudo do mioc\u00e1rdio.<\/p>\n<p style=\"text-align: justify;\">Em sua publica\u00e7\u00e3o, a Ponte disse ter feito contato com a Secretaria da Administra\u00e7\u00e3o Penitenci\u00e1ria (SAP), buscando informa\u00e7\u00f5es sobre esses cen\u00e1rios, mas n\u00e3o obteve resposta.<\/p>\n<p style=\"text-align: justify;\"><strong>Em nota ao Siga Mais, SAP confirma tr\u00eas mortes<\/strong><\/p>\n<p style=\"text-align: justify;\">O Siga Mais acionou a assessoria de imprensa da SAP onde perguntou se a informa\u00e7\u00e3o divulgada pela Ponte procede e se as mortes divulgadas, que teriam ocorrido no per\u00edodo de 44 dias, estariam dentro de um padr\u00e3o de ocorr\u00eancias na unidade prisional.<\/p>\n<p style=\"text-align: justify;\">A resposta da SAP foi recebida na tarde desta segunda-feira (27), onde se limitou a afirmar que\u00a0<em>&#8220;tr\u00eas reeducandos provenientes da Penitenci\u00e1ria de Luc\u00e9lia faleceram em um hospital da regi\u00e3o. Um deles, de 76 anos, testou positivo para Covid-19. Um segundo preso, de 50 anos, e que fez o exame teve resultado negativo para a enfermidade. Um terceiro reeducando, de 58 anos, continua como suspeito, tendo em vista que esta Pasta aguarda o resultado oficial do Instituto Adolfo Lutz&#8221;<\/em>, diz a SAP.<\/p>\n<p style=\"text-align: justify;\">O Siga Mais perguntou sobre as medidas sanit\u00e1rias adotadas pelo \u00f3rg\u00e3o em suas unidades prisionais, em rela\u00e7\u00e3o aos detentos e funcion\u00e1rios.\u00a0<em>&#8220;Salientamos que seguimos as determina\u00e7\u00f5es do Centro de Conting\u00eancia do coronav\u00edrus e avalia permanente o direcionamento de a\u00e7\u00f5es para o enfrentamento do problema. Al\u00e9m das medidas de higiene e distanciamento preconizados pelos \u00f3rg\u00e3os de sa\u00fade, foram suspensas as atividades coletivas; realizada a busca ativa para casos similares ao Covid-19; a limpeza das \u00e1reas foi intensificada; a entrada de qualquer pessoa alheia ao corpo funcional foi restringida; foi determinada a quarentena para os presos que entram no sistema prisional: realizado o monitoramento dos grupos de risco; aquisi\u00e7\u00e3o de term\u00f4metros infra vermelho e de ox\u00edmetro digital port\u00e1til; amplia\u00e7\u00e3o na distribui\u00e7\u00e3o de produtos de higiene, \u00e1lcool em gel e sabonete; distribui\u00e7\u00e3o de EPIs como m\u00e1scaras; hor\u00e1rios alternados no refeit\u00f3rio e filas com dist\u00e2ncia de 1,5&#8221;<\/em>, finaliza a nota da SAP.<\/p>\n<p style=\"text-align: justify;\">Antes, por\u00e9m, no dia 16 de abril, o Siga Mais chegou a questionar a SAP sobre informa\u00e7\u00f5es em torno da morte de detentos da Penitenci\u00e1ria de Luc\u00e9lia, por coronav\u00edrus. No dia seguinte a assessoria de imprensa da SAP negou: A informa\u00e7\u00e3o n\u00e3o procede. A Secretaria da Administra\u00e7\u00e3o Penitenci\u00e1ria (SAP) esclarece que n\u00e3o h\u00e1 registro de presos mortos por Coronav\u00edrus na Penitenci\u00e1ria de Luc\u00e9lia, diz a resposta recebida dia 17 de abril.<\/p>\n<p style=\"text-align: justify;\">Segundo informa o site da SAP, a Penitenci\u00e1ria de Luc\u00e9lia tem capacidade para 1.440 detentos e conta com 2.312 presos (n\u00fameros atualizados em 24 de abril). A ala de progress\u00e3o penitenci\u00e1ria, na mesma unidade, tem capacidade para 110 presos e est\u00e1 com 202 detentos.<\/p>\n<p style=\"text-align: justify;\">Fonte: sigamais.com<\/p>\n","protected":false},"excerpt":{"rendered":"<p>Mortes teriam ocorrido entre 4 de mar\u00e7o e 17 de abril. SAP confirma 3, uma positivo para Covid-19. O site Ponte, que se identifica como jornalismo independente focado em seguran\u00e7a p\u00fablica e direitos humanos, publicou no \u00faltimo s\u00e1bado (25) reportagem onde revela a morte de pelo menos quatro detentos do sistema prisional paulista, com causa [&hellip;]<\/p>\n","protected":false},"author":1,"featured_media":24761,"comment_status":"closed","ping_status":"open","sticky":false,"template":"","format":"standard","meta":{"footnotes":""},"categories":[114,110],"tags":[],"class_list":["post-24760","post","type-post","status-publish","format-standard","has-post-thumbnail","hentry","category-geralecomercio","category-noticiasdestaque"],"_links":{"self":[{"href":"https:\/\/jorgezanoni.com.br\/2019\/wp-json\/wp\/v2\/posts\/24760","targetHints":{"allow":["GET"]}}],"collection":[{"href":"https:\/\/jorgezanoni.com.br\/2019\/wp-json\/wp\/v2\/posts"}],"about":[{"href":"https:\/\/jorgezanoni.com.br\/2019\/wp-json\/wp\/v2\/types\/post"}],"author":[{"embeddable":true,"href":"https:\/\/jorgezanoni.com.br\/2019\/wp-json\/wp\/v2\/users\/1"}],"replies":[{"embeddable":true,"href":"https:\/\/jorgezanoni.com.br\/2019\/wp-json\/wp\/v2\/comments?post=24760"}],"version-history":[{"count":0,"href":"https:\/\/jorgezanoni.com.br\/2019\/wp-json\/wp\/v2\/posts\/24760\/revisions"}],"wp:featuredmedia":[{"embeddable":true,"href":"https:\/\/jorgezanoni.com.br\/2019\/wp-json\/wp\/v2\/media\/24761"}],"wp:attachment":[{"href":"https:\/\/jorgezanoni.com.br\/2019\/wp-json\/wp\/v2\/media?parent=24760"}],"wp:term":[{"taxonomy":"category","embeddable":true,"href":"https:\/\/jorgezanoni.com.br\/2019\/wp-json\/wp\/v2\/categories?post=24760"},{"taxonomy":"post_tag","embeddable":true,"href":"https:\/\/jorgezanoni.com.br\/2019\/wp-json\/wp\/v2\/tags?post=24760"}],"curies":[{"name":"wp","href":"https:\/\/api.w.org\/{rel}","templated":true}]}}