{"id":24753,"date":"2020-04-28T21:50:23","date_gmt":"2020-04-28T21:50:23","guid":{"rendered":"https:\/\/jorgezanoni.com.br\/2019\/?p=24753"},"modified":"2020-04-28T21:50:23","modified_gmt":"2020-04-28T21:50:23","slug":"boletim-da-secretaria-municipal-de-saude-e-higiene-publica-de-dracena-sobre-o-covid-19","status":"publish","type":"post","link":"https:\/\/jorgezanoni.com.br\/2019\/boletim-da-secretaria-municipal-de-saude-e-higiene-publica-de-dracena-sobre-o-covid-19\/","title":{"rendered":"Boletim da Secretaria Municipal de Sa\u00fade e Higiene P\u00fablica de Dracena sobre o COVID-19"},"content":{"rendered":"<p style=\"text-align: justify;\">Secretaria Municipal de Sa\u00fade e Higiene P\u00fablica informa a atualiza\u00e7\u00e3o do quadro de casos suspeitos e confirmados de Covid-19 em Dracena.\u00a028\/04\/2020<\/p>\n<p><img loading=\"lazy\" decoding=\"async\" class=\"alignnone size-full wp-image-24754\" src=\"https:\/\/jorgezanoni.com.br\/2019\/wp-content\/uploads\/2020\/04\/secreta.jpg\" alt=\"\" width=\"754\" height=\"960\" srcset=\"https:\/\/jorgezanoni.com.br\/2019\/wp-content\/uploads\/2020\/04\/secreta.jpg 754w, https:\/\/jorgezanoni.com.br\/2019\/wp-content\/uploads\/2020\/04\/secreta-236x300.jpg 236w, https:\/\/jorgezanoni.com.br\/2019\/wp-content\/uploads\/2020\/04\/secreta-696x886.jpg 696w, https:\/\/jorgezanoni.com.br\/2019\/wp-content\/uploads\/2020\/04\/secreta-330x420.jpg 330w\" sizes=\"auto, (max-width: 754px) 100vw, 754px\" \/><\/p>\n","protected":false},"excerpt":{"rendered":"<p>Secretaria Municipal de Sa\u00fade e Higiene P\u00fablica informa a atualiza\u00e7\u00e3o do quadro de casos suspeitos e confirmados de Covid-19 em Dracena.\u00a028\/04\/2020<\/p>\n","protected":false},"author":1,"featured_media":24755,"comment_status":"closed","ping_status":"open","sticky":false,"template":"","format":"standard","meta":{"footnotes":""},"categories":[179,184,110],"tags":[],"class_list":["post-24753","post","type-post","status-publish","format-standard","has-post-thumbnail","hentry","category-cidadeseregiao","category-dracena","category-noticiasdestaque"],"_links":{"self":[{"href":"https:\/\/jorgezanoni.com.br\/2019\/wp-json\/wp\/v2\/posts\/24753","targetHints":{"allow":["GET"]}}],"collection":[{"href":"https:\/\/jorgezanoni.com.br\/2019\/wp-json\/wp\/v2\/posts"}],"about":[{"href":"https:\/\/jorgezanoni.com.br\/2019\/wp-json\/wp\/v2\/types\/post"}],"author":[{"embeddable":true,"href":"https:\/\/jorgezanoni.com.br\/2019\/wp-json\/wp\/v2\/users\/1"}],"replies":[{"embeddable":true,"href":"https:\/\/jorgezanoni.com.br\/2019\/wp-json\/wp\/v2\/comments?post=24753"}],"version-history":[{"count":0,"href":"https:\/\/jorgezanoni.com.br\/2019\/wp-json\/wp\/v2\/posts\/24753\/revisions"}],"wp:featuredmedia":[{"embeddable":true,"href":"https:\/\/jorgezanoni.com.br\/2019\/wp-json\/wp\/v2\/media\/24755"}],"wp:attachment":[{"href":"https:\/\/jorgezanoni.com.br\/2019\/wp-json\/wp\/v2\/media?parent=24753"}],"wp:term":[{"taxonomy":"category","embeddable":true,"href":"https:\/\/jorgezanoni.com.br\/2019\/wp-json\/wp\/v2\/categories?post=24753"},{"taxonomy":"post_tag","embeddable":true,"href":"https:\/\/jorgezanoni.com.br\/2019\/wp-json\/wp\/v2\/tags?post=24753"}],"curies":[{"name":"wp","href":"https:\/\/api.w.org\/{rel}","templated":true}]}}