{"id":24750,"date":"2020-04-28T14:15:44","date_gmt":"2020-04-28T14:15:44","guid":{"rendered":"https:\/\/jorgezanoni.com.br\/2019\/?p=24750"},"modified":"2020-04-28T14:18:14","modified_gmt":"2020-04-28T14:18:14","slug":"colisao-frontal-proximo-a-andradina-deixa-uma-pessoa-gravemente-ferida","status":"publish","type":"post","link":"https:\/\/jorgezanoni.com.br\/2019\/colisao-frontal-proximo-a-andradina-deixa-uma-pessoa-gravemente-ferida\/","title":{"rendered":"Colis\u00e3o frontal pr\u00f3ximo a Andradina deixa uma pessoa gravemente ferida"},"content":{"rendered":"<p style=\"text-align: justify;\">Acidente grave na rodovia Integra\u00e7\u00e3o, altura do KM 194, aproximadamente 1,5 km do trevo de acesso ao aeroporto de Andradina, sentido Nova independ\u00eancia.<\/p>\n<p style=\"text-align: justify;\">V\u00edtima sofreu fratura do f\u00eamur, escoria\u00e7\u00f5es e trauma no t\u00f3rax provocado pelo cinto de seguran\u00e7a. A princ\u00edpio, n\u00e3o corre risco de vida.<\/p>\n<div id=\"fb-root\"><\/div>\n<p><script async=\"1\" defer=\"1\" crossorigin=\"anonymous\" src=\"https:\/\/connect.facebook.net\/en_US\/sdk.js#xfbml=1&amp;version=v6.0\"><\/script><\/p>\n<div class=\"fb-video\" data-href=\"https:\/\/www.facebook.com\/100012061741443\/videos\/870054706739913\/\" data-width=\"696\">\n<blockquote cite=\"https:\/\/www.facebook.com\/100012061741443\/videos\/870054706739913\/\" class=\"fb-xfbml-parse-ignore\"><p><a href=\"https:\/\/www.facebook.com\/100012061741443\/videos\/870054706739913\/\"><\/a><\/p>\n<p>Posted by <a href=\"https:\/\/www.facebook.com\/people\/Manoel-Messias\/100012061741443\">Manoel Messias<\/a> on Monday, April 27, 2020<\/p><\/blockquote>\n<\/div>\n<p>Fonte: Manoel Messias\/Mil Not\u00edcias<\/p>\n<p>Foto de Internauta<\/p>\n","protected":false},"excerpt":{"rendered":"<p>Acidente grave na rodovia Integra\u00e7\u00e3o, altura do KM 194, aproximadamente 1,5 km do trevo de acesso ao aeroporto de Andradina, sentido Nova independ\u00eancia. V\u00edtima sofreu fratura do f\u00eamur, escoria\u00e7\u00f5es e trauma no t\u00f3rax provocado pelo cinto de seguran\u00e7a. A princ\u00edpio, n\u00e3o corre risco de vida. Posted by Manoel Messias on Monday, April 27, 2020 Fonte: [&hellip;]<\/p>\n","protected":false},"author":1,"featured_media":24751,"comment_status":"closed","ping_status":"open","sticky":false,"template":"","format":"video","meta":{"footnotes":""},"categories":[170,110,169],"tags":[],"class_list":["post-24750","post","type-post","status-publish","format-video","has-post-thumbnail","hentry","category-acidentes","category-noticiasdestaque","category-videos","post_format-post-format-video"],"_links":{"self":[{"href":"https:\/\/jorgezanoni.com.br\/2019\/wp-json\/wp\/v2\/posts\/24750","targetHints":{"allow":["GET"]}}],"collection":[{"href":"https:\/\/jorgezanoni.com.br\/2019\/wp-json\/wp\/v2\/posts"}],"about":[{"href":"https:\/\/jorgezanoni.com.br\/2019\/wp-json\/wp\/v2\/types\/post"}],"author":[{"embeddable":true,"href":"https:\/\/jorgezanoni.com.br\/2019\/wp-json\/wp\/v2\/users\/1"}],"replies":[{"embeddable":true,"href":"https:\/\/jorgezanoni.com.br\/2019\/wp-json\/wp\/v2\/comments?post=24750"}],"version-history":[{"count":0,"href":"https:\/\/jorgezanoni.com.br\/2019\/wp-json\/wp\/v2\/posts\/24750\/revisions"}],"wp:featuredmedia":[{"embeddable":true,"href":"https:\/\/jorgezanoni.com.br\/2019\/wp-json\/wp\/v2\/media\/24751"}],"wp:attachment":[{"href":"https:\/\/jorgezanoni.com.br\/2019\/wp-json\/wp\/v2\/media?parent=24750"}],"wp:term":[{"taxonomy":"category","embeddable":true,"href":"https:\/\/jorgezanoni.com.br\/2019\/wp-json\/wp\/v2\/categories?post=24750"},{"taxonomy":"post_tag","embeddable":true,"href":"https:\/\/jorgezanoni.com.br\/2019\/wp-json\/wp\/v2\/tags?post=24750"}],"curies":[{"name":"wp","href":"https:\/\/api.w.org\/{rel}","templated":true}]}}