{"id":24727,"date":"2020-04-28T02:09:12","date_gmt":"2020-04-28T02:09:12","guid":{"rendered":"https:\/\/jorgezanoni.com.br\/2019\/?p=24727"},"modified":"2020-04-28T02:09:12","modified_gmt":"2020-04-28T02:09:12","slug":"homem-de-82-anos-e-a-segunda-morte-por-dengue-registrada-em-pauliceia","status":"publish","type":"post","link":"https:\/\/jorgezanoni.com.br\/2019\/homem-de-82-anos-e-a-segunda-morte-por-dengue-registrada-em-pauliceia\/","title":{"rendered":"Homem de 82 anos \u00e9 a segunda morte por dengue registrada em Paulic\u00e9ia"},"content":{"rendered":"<h2 class=\"content-head__subtitle\" style=\"text-align: justify;\"><strong>Idoso era morador do Centro e tinha problema hep\u00e1tico e insufici\u00eancia card\u00edaca. Ele estava internado na Santa Casa de Panorama.<\/strong><\/h2>\n<div class=\"mc-column content-text active-extra-styles \" data-block-type=\"unstyled\" data-block-weight=\"39\" data-block-id=\"2\">\n<p class=\"content-text__container \" style=\"text-align: justify;\" data-track-category=\"Link no Texto\" data-track-links=\"\">A Vigil\u00e2ncia Epidemiol\u00f3gica de\u00a0<a href=\"https:\/\/g1.globo.com\/sp\/presidente-prudente-regiao\/cidade\/pauliceia\/,\">Paulic\u00e9ia<\/a>\u00a0informou, nesta segunda-feira (27), a segunda morte por dengue no munic\u00edpio. Conforme o \u00f3rg\u00e3o, a v\u00edtima \u00e9 um idoso de 82 anos, que morreu no dia 22 de abril, na Santa Casa de\u00a0<a href=\"https:\/\/g1.globo.com\/sp\/presidente-prudente-regiao\/cidade\/panorama\/\">Panorama<\/a>.<\/p>\n<\/div>\n<div class=\"wall protected-content\">\n<div class=\"mc-column content-text active-extra-styles \" style=\"text-align: justify;\" data-block-type=\"unstyled\" data-block-weight=\"54\" data-block-id=\"3\">\n<p class=\"content-text__container \" data-track-category=\"Link no Texto\" data-track-links=\"\">A Vigil\u00e2ncia Epidemiol\u00f3gica explicou que o idoso deu entrada no hospital no dia 15 de abril, mesma data em que foi confirmado que ele estava com dengue. A doen\u00e7a foi colocada como uma das causas da morte da v\u00edtima. Foi informado que o idoso tinha problema hep\u00e1tico e insufici\u00eancia card\u00edaca. Ele morava no Centro.<\/p>\n<\/div>\n<div class=\"mc-column content-text active-extra-styles \" style=\"text-align: justify;\" data-block-type=\"unstyled\" data-block-weight=\"30\" data-block-id=\"4\">\n<p class=\"content-text__container \" data-track-category=\"Link no Texto\" data-track-links=\"\">A\u00a0<a href=\"https:\/\/g1.globo.com\/sp\/presidente-prudente-regiao\/noticia\/2020\/02\/26\/pauliceia-registra-primeira-morte-por-dengue-no-municipio.ghtml\">primeira morte pela doen\u00e7a foi registrada em fevereiro deste ano<\/a>. A v\u00edtima era uma idosa, de 82 anos, que morava no Jardim Primavera e tinha mal de Alzheimer.<\/p>\n<\/div>\n<div class=\"mc-column content-text active-extra-styles \" data-block-type=\"unstyled\" data-block-weight=\"45\" data-block-id=\"5\">\n<p class=\"content-text__container \" style=\"text-align: justify;\" data-track-category=\"Link no Texto\" data-track-links=\"\">Esses s\u00e3o os dois primeiros casos de morte por dengue do munic\u00edpio. At\u00e9 2019, n\u00e3o havia registros. De acordo com a VE, de janeiro a abril deste ano foram 487 notifica\u00e7\u00f5es, 349 exames positivos, dois \u00f3bitos e 74 exames negativos. H\u00e1 64 exames aguardando resultados.<\/p>\n<p style=\"text-align: justify;\" data-track-category=\"Link no Texto\" data-track-links=\"\">Fonte: G1<\/p>\n<\/div>\n<\/div>\n","protected":false},"excerpt":{"rendered":"<p>Idoso era morador do Centro e tinha problema hep\u00e1tico e insufici\u00eancia card\u00edaca. Ele estava internado na Santa Casa de Panorama. A Vigil\u00e2ncia Epidemiol\u00f3gica de\u00a0Paulic\u00e9ia\u00a0informou, nesta segunda-feira (27), a segunda morte por dengue no munic\u00edpio. Conforme o \u00f3rg\u00e3o, a v\u00edtima \u00e9 um idoso de 82 anos, que morreu no dia 22 de abril, na Santa Casa [&hellip;]<\/p>\n","protected":false},"author":1,"featured_media":24728,"comment_status":"closed","ping_status":"open","sticky":false,"template":"","format":"standard","meta":{"footnotes":""},"categories":[178,110],"tags":[],"class_list":["post-24727","post","type-post","status-publish","format-standard","has-post-thumbnail","hentry","category-notadefalecimento","category-noticiasdestaque"],"_links":{"self":[{"href":"https:\/\/jorgezanoni.com.br\/2019\/wp-json\/wp\/v2\/posts\/24727","targetHints":{"allow":["GET"]}}],"collection":[{"href":"https:\/\/jorgezanoni.com.br\/2019\/wp-json\/wp\/v2\/posts"}],"about":[{"href":"https:\/\/jorgezanoni.com.br\/2019\/wp-json\/wp\/v2\/types\/post"}],"author":[{"embeddable":true,"href":"https:\/\/jorgezanoni.com.br\/2019\/wp-json\/wp\/v2\/users\/1"}],"replies":[{"embeddable":true,"href":"https:\/\/jorgezanoni.com.br\/2019\/wp-json\/wp\/v2\/comments?post=24727"}],"version-history":[{"count":0,"href":"https:\/\/jorgezanoni.com.br\/2019\/wp-json\/wp\/v2\/posts\/24727\/revisions"}],"wp:featuredmedia":[{"embeddable":true,"href":"https:\/\/jorgezanoni.com.br\/2019\/wp-json\/wp\/v2\/media\/24728"}],"wp:attachment":[{"href":"https:\/\/jorgezanoni.com.br\/2019\/wp-json\/wp\/v2\/media?parent=24727"}],"wp:term":[{"taxonomy":"category","embeddable":true,"href":"https:\/\/jorgezanoni.com.br\/2019\/wp-json\/wp\/v2\/categories?post=24727"},{"taxonomy":"post_tag","embeddable":true,"href":"https:\/\/jorgezanoni.com.br\/2019\/wp-json\/wp\/v2\/tags?post=24727"}],"curies":[{"name":"wp","href":"https:\/\/api.w.org\/{rel}","templated":true}]}}