{"id":24720,"date":"2020-04-28T00:05:13","date_gmt":"2020-04-28T00:05:13","guid":{"rendered":"https:\/\/jorgezanoni.com.br\/2019\/?p=24720"},"modified":"2020-04-28T00:06:40","modified_gmt":"2020-04-28T00:06:40","slug":"traficante-e-preso-em-irapuru-apos-tentar-fugir-da-policia-militar-montado-em-cavalo","status":"publish","type":"post","link":"https:\/\/jorgezanoni.com.br\/2019\/traficante-e-preso-em-irapuru-apos-tentar-fugir-da-policia-militar-montado-em-cavalo\/","title":{"rendered":"Traficante \u00e9 preso em Irapuru ap\u00f3s tentar fugir da Pol\u00edcia Militar montado em cavalo"},"content":{"rendered":"<p style=\"text-align: justify;\">TRAFICANTE \u00c9 PRESO EM IRAPURU\/SP, AP\u00d3S TENTAR FUGIR DA POL\u00cdCIA MILITAR MONTADO EM UM CAVALO.<\/p>\n<p style=\"text-align: justify;\">No \u00faltimo s\u00e1bado (25\/04) , uma a\u00e7\u00e3o inusitada chamou a aten\u00e7\u00e3o.<br \/>\nPor volta das 19h20min, os Policiais Militares de Irapuru, realizavam patrulhamento pela \u00e1rea rural na estrada de liga\u00e7\u00e3o com Pacaembu, quando se depararam com um indiv\u00edduo montado num cavalo que ao receber ordem de parada empreendeu fuga, onde de imediato foi irradiado pela rede de r\u00e1dio, objetivando o cerco policial. Durante a fuga o indiv\u00edduo retirou de suas vestes altura da cintura uma sacola pl\u00e1stica de cor branca arremessando-a do lado direito num pasto ali existente, sendo detido em seguida. Durante a busca pessoal, nada de il\u00edcito foi encontrado, por\u00e9m os policiais iniciaram buscas no pasto, mas devido \u00e0 vegeta\u00e7\u00e3o estar relativamente alta, foi solicitado o apoio do Canil Setorial, onde o c\u00e3o Argus, localizou um pacote de droga, sendo uma fra\u00e7\u00e3o de um tijolo aparentando maconha. Diante dos fatos, autor recebeu voz de pris\u00e3o permanecendo \u00e0 disposi\u00e7\u00e3o da justi\u00e7a.<\/p>\n<p style=\"text-align: justify;\"><a class=\"_58cn\" href=\"https:\/\/www.facebook.com\/hashtag\/25bpmi?source=feed_text&amp;epa=HASHTAG&amp;__xts__%5B0%5D=68.ARBgdcL71xlAusuL8OAf_Tq7ri_7MJNo8Dp9uy8WPKjOxqQETZVFHUe5OjllrqPATgLCUvWViuxZXzInTmA7hKBsc0g5IgtfTTNjhJL8A8_OCboEt24FiyImMLXzOVMlYs_1_StcNiSo76VaT2dnCV-gXDF3sERx4Uy_5SxHhbOJBqXCUJQix8wYk14VVmSaORAqDReo27nmRJF1R_5mH-vs1imAIp5SiS7p6_9QG9F64MfOSPbEWlwNhEqMs4kXM-Z1hfE9_S7sSRHHumZMEU4EW1QgwrInyazYwO3rHUE9texdSQqbjUokuNtr8SPSs0F_9iYnsGTN0A8irA-vQRg&amp;__tn__=%2ANK-R\" data-ft=\"{&quot;type&quot;:104,&quot;tn&quot;:&quot;*N&quot;}\"><span class=\"_5afx\"><span class=\"_58cl _5afz\" aria-label=\"hashtag\">#<\/span><span class=\"_58cm\">25BPMI<\/span><\/span><\/a><br \/>\n<a class=\"_58cn\" href=\"https:\/\/www.facebook.com\/hashtag\/pol%C3%ADciamilitarsp?source=feed_text&amp;epa=HASHTAG&amp;__xts__%5B0%5D=68.ARBgdcL71xlAusuL8OAf_Tq7ri_7MJNo8Dp9uy8WPKjOxqQETZVFHUe5OjllrqPATgLCUvWViuxZXzInTmA7hKBsc0g5IgtfTTNjhJL8A8_OCboEt24FiyImMLXzOVMlYs_1_StcNiSo76VaT2dnCV-gXDF3sERx4Uy_5SxHhbOJBqXCUJQix8wYk14VVmSaORAqDReo27nmRJF1R_5mH-vs1imAIp5SiS7p6_9QG9F64MfOSPbEWlwNhEqMs4kXM-Z1hfE9_S7sSRHHumZMEU4EW1QgwrInyazYwO3rHUE9texdSQqbjUokuNtr8SPSs0F_9iYnsGTN0A8irA-vQRg&amp;__tn__=%2ANK-R\" data-ft=\"{&quot;type&quot;:104,&quot;tn&quot;:&quot;*N&quot;}\"><span class=\"_5afx\"><span class=\"_58cl _5afz\" aria-label=\"hashtag\">#<\/span><span class=\"_58cm\">POL\u00cdCIAMILITARSP<\/span><\/span><\/a><br \/>\n<a class=\"_58cn\" href=\"https:\/\/www.facebook.com\/hashtag\/afor%C3%A7ap%C3%BAblicades%C3%A3opaulo?source=feed_text&amp;epa=HASHTAG&amp;__xts__%5B0%5D=68.ARBgdcL71xlAusuL8OAf_Tq7ri_7MJNo8Dp9uy8WPKjOxqQETZVFHUe5OjllrqPATgLCUvWViuxZXzInTmA7hKBsc0g5IgtfTTNjhJL8A8_OCboEt24FiyImMLXzOVMlYs_1_StcNiSo76VaT2dnCV-gXDF3sERx4Uy_5SxHhbOJBqXCUJQix8wYk14VVmSaORAqDReo27nmRJF1R_5mH-vs1imAIp5SiS7p6_9QG9F64MfOSPbEWlwNhEqMs4kXM-Z1hfE9_S7sSRHHumZMEU4EW1QgwrInyazYwO3rHUE9texdSQqbjUokuNtr8SPSs0F_9iYnsGTN0A8irA-vQRg&amp;__tn__=%2ANK-R\" data-ft=\"{&quot;type&quot;:104,&quot;tn&quot;:&quot;*N&quot;}\"><span class=\"_5afx\"><span class=\"_58cl _5afz\" aria-label=\"hashtag\">#<\/span><span class=\"_58cm\">AFOR\u00c7AP\u00daBLICADES\u00c3OPAULO<\/span><\/span><\/a><br \/>\nCOMUNICA\u00c7\u00c3O SOCIAL DO 25BPMI<\/p>\n","protected":false},"excerpt":{"rendered":"<p>TRAFICANTE \u00c9 PRESO EM IRAPURU\/SP, AP\u00d3S TENTAR FUGIR DA POL\u00cdCIA MILITAR MONTADO EM UM CAVALO. No \u00faltimo s\u00e1bado (25\/04) , uma a\u00e7\u00e3o inusitada chamou a aten\u00e7\u00e3o. Por volta das 19h20min, os Policiais Militares de Irapuru, realizavam patrulhamento pela \u00e1rea rural na estrada de liga\u00e7\u00e3o com Pacaembu, quando se depararam com um indiv\u00edduo montado num cavalo [&hellip;]<\/p>\n","protected":false},"author":1,"featured_media":24721,"comment_status":"closed","ping_status":"open","sticky":false,"template":"","format":"standard","meta":{"footnotes":""},"categories":[110,2],"tags":[],"class_list":["post-24720","post","type-post","status-publish","format-standard","has-post-thumbnail","hentry","category-noticiasdestaque","category-policial"],"_links":{"self":[{"href":"https:\/\/jorgezanoni.com.br\/2019\/wp-json\/wp\/v2\/posts\/24720","targetHints":{"allow":["GET"]}}],"collection":[{"href":"https:\/\/jorgezanoni.com.br\/2019\/wp-json\/wp\/v2\/posts"}],"about":[{"href":"https:\/\/jorgezanoni.com.br\/2019\/wp-json\/wp\/v2\/types\/post"}],"author":[{"embeddable":true,"href":"https:\/\/jorgezanoni.com.br\/2019\/wp-json\/wp\/v2\/users\/1"}],"replies":[{"embeddable":true,"href":"https:\/\/jorgezanoni.com.br\/2019\/wp-json\/wp\/v2\/comments?post=24720"}],"version-history":[{"count":0,"href":"https:\/\/jorgezanoni.com.br\/2019\/wp-json\/wp\/v2\/posts\/24720\/revisions"}],"wp:featuredmedia":[{"embeddable":true,"href":"https:\/\/jorgezanoni.com.br\/2019\/wp-json\/wp\/v2\/media\/24721"}],"wp:attachment":[{"href":"https:\/\/jorgezanoni.com.br\/2019\/wp-json\/wp\/v2\/media?parent=24720"}],"wp:term":[{"taxonomy":"category","embeddable":true,"href":"https:\/\/jorgezanoni.com.br\/2019\/wp-json\/wp\/v2\/categories?post=24720"},{"taxonomy":"post_tag","embeddable":true,"href":"https:\/\/jorgezanoni.com.br\/2019\/wp-json\/wp\/v2\/tags?post=24720"}],"curies":[{"name":"wp","href":"https:\/\/api.w.org\/{rel}","templated":true}]}}