{"id":24704,"date":"2020-04-27T22:42:54","date_gmt":"2020-04-27T22:42:54","guid":{"rendered":"https:\/\/jorgezanoni.com.br\/2019\/?p=24704"},"modified":"2020-04-27T22:43:13","modified_gmt":"2020-04-27T22:43:13","slug":"empresa-bc2-de-bauru-da-inicio-a-construcao-da-base-de-apoio-ao-usuario-da-sp-294-em-dracena","status":"publish","type":"post","link":"https:\/\/jorgezanoni.com.br\/2019\/empresa-bc2-de-bauru-da-inicio-a-construcao-da-base-de-apoio-ao-usuario-da-sp-294-em-dracena\/","title":{"rendered":"Empresa BC2 de Bauru d\u00e1 in\u00edcio a constru\u00e7\u00e3o da Base de apoio ao usu\u00e1rio da SP-294 em Dracena"},"content":{"rendered":"<div id=\"fb-root\"><\/div>\n<p><script async=\"1\" defer=\"1\" crossorigin=\"anonymous\" src=\"https:\/\/connect.facebook.net\/en_US\/sdk.js#xfbml=1&amp;version=v6.0\"><\/script><\/p>\n<div class=\"fb-video\" data-href=\"https:\/\/www.facebook.com\/jorgezanonidracena\/videos\/1340914732769241\/\" data-width=\"696\">\n<blockquote cite=\"https:\/\/www.facebook.com\/jorgezanonidracena\/videos\/1340914732769241\/\" class=\"fb-xfbml-parse-ignore\"><p><a href=\"https:\/\/www.facebook.com\/jorgezanonidracena\/videos\/1340914732769241\/\"><\/a><\/p>\n<p>Empresa BC2 de Bauru d\u00e1 in\u00edcio a constru\u00e7\u00e3o da Base de apoio ao usu\u00e1rio da SP-294 em Dracena.<\/p>\n<p>Posted by <a href=\"https:\/\/www.facebook.com\/jorgezanonidracena\/\">Jorge Zanoni<\/a> on Monday, April 27, 2020<\/p><\/blockquote>\n<\/div>\n<p>Foto Arquivo<\/p>\n","protected":false},"excerpt":{"rendered":"<p>Empresa BC2 de Bauru d\u00e1 in\u00edcio a constru\u00e7\u00e3o da Base de apoio ao usu\u00e1rio da SP-294 em Dracena. Posted by Jorge Zanoni on Monday, April 27, 2020 Foto Arquivo<\/p>\n","protected":false},"author":1,"featured_media":24705,"comment_status":"closed","ping_status":"open","sticky":false,"template":"","format":"video","meta":{"footnotes":""},"categories":[110,169],"tags":[],"class_list":["post-24704","post","type-post","status-publish","format-video","has-post-thumbnail","hentry","category-noticiasdestaque","category-videos","post_format-post-format-video"],"_links":{"self":[{"href":"https:\/\/jorgezanoni.com.br\/2019\/wp-json\/wp\/v2\/posts\/24704","targetHints":{"allow":["GET"]}}],"collection":[{"href":"https:\/\/jorgezanoni.com.br\/2019\/wp-json\/wp\/v2\/posts"}],"about":[{"href":"https:\/\/jorgezanoni.com.br\/2019\/wp-json\/wp\/v2\/types\/post"}],"author":[{"embeddable":true,"href":"https:\/\/jorgezanoni.com.br\/2019\/wp-json\/wp\/v2\/users\/1"}],"replies":[{"embeddable":true,"href":"https:\/\/jorgezanoni.com.br\/2019\/wp-json\/wp\/v2\/comments?post=24704"}],"version-history":[{"count":0,"href":"https:\/\/jorgezanoni.com.br\/2019\/wp-json\/wp\/v2\/posts\/24704\/revisions"}],"wp:featuredmedia":[{"embeddable":true,"href":"https:\/\/jorgezanoni.com.br\/2019\/wp-json\/wp\/v2\/media\/24705"}],"wp:attachment":[{"href":"https:\/\/jorgezanoni.com.br\/2019\/wp-json\/wp\/v2\/media?parent=24704"}],"wp:term":[{"taxonomy":"category","embeddable":true,"href":"https:\/\/jorgezanoni.com.br\/2019\/wp-json\/wp\/v2\/categories?post=24704"},{"taxonomy":"post_tag","embeddable":true,"href":"https:\/\/jorgezanoni.com.br\/2019\/wp-json\/wp\/v2\/tags?post=24704"}],"curies":[{"name":"wp","href":"https:\/\/api.w.org\/{rel}","templated":true}]}}