{"id":24644,"date":"2020-04-26T23:55:55","date_gmt":"2020-04-26T23:55:55","guid":{"rendered":"https:\/\/jorgezanoni.com.br\/2019\/?p=24644"},"modified":"2020-04-26T23:58:44","modified_gmt":"2020-04-26T23:58:44","slug":"motorista-fica-ferido-apos-tombar-caminhao-no-trevo-de-acesso-a-sp-294-em-parapua","status":"publish","type":"post","link":"https:\/\/jorgezanoni.com.br\/2019\/motorista-fica-ferido-apos-tombar-caminhao-no-trevo-de-acesso-a-sp-294-em-parapua\/","title":{"rendered":"Motorista fica ferido ap\u00f3s tombar caminh\u00e3o no trevo de acesso a SP-294, em Parapu\u00e3"},"content":{"rendered":"<p style=\"text-align: justify;\"><strong>Acidente foi registrado neste domingo (26).<\/strong><\/p>\n<p style=\"text-align: justify;\">A Pol\u00edcia Militar Rodovi\u00e1ria Base Operacional de Adamantina registrou um acidente na tarde deste domingo (26), por volta das 13h30.<\/p>\n<p style=\"text-align: justify;\">Segundo informa\u00e7\u00f5es colhidas no local pela reportagem do Portal Metr\u00f3pole de Not\u00edcias, um caminh\u00e3o carreta, carregado de farelo de soja, placas de Bom Jesus\/SC, seguia pela Rodovia Assis Chateaubriand, a SP-425,\u00a0 sentido Rin\u00f3polis a Martin\u00f3polis, quando no trevo de acesso a Rodovia Comandante Jo\u00e3o Ribeiro de Barros, a SP-294, por motivos a serem apurados, o motorista n\u00e3o conseguiu fazer a al\u00e7a de acesso e tombou sobre a defensa met\u00e1lica.<\/p>\n<p style=\"text-align: justify;\">O motorista foi socorrido pela Unidade Resgate do Corpo de Bombeiros para a Santa Casa de Parapu\u00e3 com ferimento leves. O trevo de acesso a SP-294 ficou interditado por algumas horas.<\/p>\n<p style=\"text-align: justify;\">Uma equipe do Departamento de Estradas e Rodagem (DER), apoiou a ocorr\u00eancia.<\/p>\n<p style=\"text-align: justify;\">Fonte: fmmetropole.com.br<\/p>\n","protected":false},"excerpt":{"rendered":"<p>Acidente foi registrado neste domingo (26). A Pol\u00edcia Militar Rodovi\u00e1ria Base Operacional de Adamantina registrou um acidente na tarde deste domingo (26), por volta das 13h30. Segundo informa\u00e7\u00f5es colhidas no local pela reportagem do Portal Metr\u00f3pole de Not\u00edcias, um caminh\u00e3o carreta, carregado de farelo de soja, placas de Bom Jesus\/SC, seguia pela Rodovia Assis Chateaubriand, [&hellip;]<\/p>\n","protected":false},"author":1,"featured_media":24647,"comment_status":"closed","ping_status":"open","sticky":false,"template":"","format":"standard","meta":{"footnotes":""},"categories":[170,110],"tags":[],"class_list":["post-24644","post","type-post","status-publish","format-standard","has-post-thumbnail","hentry","category-acidentes","category-noticiasdestaque"],"_links":{"self":[{"href":"https:\/\/jorgezanoni.com.br\/2019\/wp-json\/wp\/v2\/posts\/24644","targetHints":{"allow":["GET"]}}],"collection":[{"href":"https:\/\/jorgezanoni.com.br\/2019\/wp-json\/wp\/v2\/posts"}],"about":[{"href":"https:\/\/jorgezanoni.com.br\/2019\/wp-json\/wp\/v2\/types\/post"}],"author":[{"embeddable":true,"href":"https:\/\/jorgezanoni.com.br\/2019\/wp-json\/wp\/v2\/users\/1"}],"replies":[{"embeddable":true,"href":"https:\/\/jorgezanoni.com.br\/2019\/wp-json\/wp\/v2\/comments?post=24644"}],"version-history":[{"count":0,"href":"https:\/\/jorgezanoni.com.br\/2019\/wp-json\/wp\/v2\/posts\/24644\/revisions"}],"wp:featuredmedia":[{"embeddable":true,"href":"https:\/\/jorgezanoni.com.br\/2019\/wp-json\/wp\/v2\/media\/24647"}],"wp:attachment":[{"href":"https:\/\/jorgezanoni.com.br\/2019\/wp-json\/wp\/v2\/media?parent=24644"}],"wp:term":[{"taxonomy":"category","embeddable":true,"href":"https:\/\/jorgezanoni.com.br\/2019\/wp-json\/wp\/v2\/categories?post=24644"},{"taxonomy":"post_tag","embeddable":true,"href":"https:\/\/jorgezanoni.com.br\/2019\/wp-json\/wp\/v2\/tags?post=24644"}],"curies":[{"name":"wp","href":"https:\/\/api.w.org\/{rel}","templated":true}]}}