{"id":24640,"date":"2020-04-26T23:38:11","date_gmt":"2020-04-26T23:38:11","guid":{"rendered":"https:\/\/jorgezanoni.com.br\/2019\/?p=24640"},"modified":"2020-04-26T23:38:30","modified_gmt":"2020-04-26T23:38:30","slug":"justica-barra-decreto-do-prefeito-de-presidente-prudente-mantem-comercio-fechado","status":"publish","type":"post","link":"https:\/\/jorgezanoni.com.br\/2019\/justica-barra-decreto-do-prefeito-de-presidente-prudente-mantem-comercio-fechado\/","title":{"rendered":"Justi\u00e7a barra decreto do prefeito de Presidente Prudente e mant\u00e9m com\u00e9rcio fechado"},"content":{"rendered":"<header id=\"mvp-post-head\" class=\"left relative\">\n<div class=\"mvp-author-info-wrap left relative\">\n<div class=\"mvp-author-info-text left relative\">\n<div class=\"mvp-author-info-date left relative\"><\/div>\n<div class=\"mvp-author-info-name left relative\"><strong>Decis\u00e3o foi do Minist\u00e9rio P\u00fablico de Presidente Prudente.<\/strong><\/div>\n<div><\/div>\n<\/div>\n<\/div>\n<\/header>\n<div class=\"mvp-post-main-out left relative\">\n<div class=\"mvp-post-main-in\">\n<div id=\"mvp-post-content\" class=\"left relative\">\n<div id=\"mvp-post-feat-img\" class=\"left relative mvp-post-feat-img-wide2\"><img loading=\"lazy\" decoding=\"async\" class=\"attachment- size- wp-post-image\" src=\"https:\/\/ifolharegional.com.br\/wp-content\/uploads\/2020\/04\/9a7d7386-0992-44bc-acf5-7cf9841250e3.jpg\" sizes=\"auto, (max-width: 800px) 100vw, 800px\" srcset=\"https:\/\/i2.wp.com\/ifolharegional.com.br\/wp-content\/uploads\/2020\/04\/9a7d7386-0992-44bc-acf5-7cf9841250e3.jpg?w=800&amp;ssl=1 800w, https:\/\/i2.wp.com\/ifolharegional.com.br\/wp-content\/uploads\/2020\/04\/9a7d7386-0992-44bc-acf5-7cf9841250e3.jpg?resize=300%2C242&amp;ssl=1 300w, https:\/\/i2.wp.com\/ifolharegional.com.br\/wp-content\/uploads\/2020\/04\/9a7d7386-0992-44bc-acf5-7cf9841250e3.jpg?resize=768%2C618&amp;ssl=1 768w\" alt=\"\" width=\"800\" height=\"644\" data-attachment-id=\"14751\" data-permalink=\"https:\/\/ifolharegional.com.br\/2020\/04\/26\/justica-barra-decreto-do-prefeito-de-presidente-prudente-mantem-comercio-fechado\/9a7d7386-0992-44bc-acf5-7cf9841250e3\/\" data-orig-file=\"https:\/\/i2.wp.com\/ifolharegional.com.br\/wp-content\/uploads\/2020\/04\/9a7d7386-0992-44bc-acf5-7cf9841250e3.jpg?fit=800%2C644&amp;ssl=1\" data-orig-size=\"800,644\" data-comments-opened=\"0\" data-image-meta=\"{&quot;aperture&quot;:&quot;0&quot;,&quot;credit&quot;:&quot;&quot;,&quot;camera&quot;:&quot;&quot;,&quot;caption&quot;:&quot;&quot;,&quot;created_timestamp&quot;:&quot;0&quot;,&quot;copyright&quot;:&quot;&quot;,&quot;focal_length&quot;:&quot;0&quot;,&quot;iso&quot;:&quot;0&quot;,&quot;shutter_speed&quot;:&quot;0&quot;,&quot;title&quot;:&quot;&quot;,&quot;orientation&quot;:&quot;0&quot;}\" data-image-title=\"9a7d7386-0992-44bc-acf5-7cf9841250e3\" data-image-description=\"\" data-medium-file=\"https:\/\/i2.wp.com\/ifolharegional.com.br\/wp-content\/uploads\/2020\/04\/9a7d7386-0992-44bc-acf5-7cf9841250e3.jpg?fit=300%2C242&amp;ssl=1\" data-large-file=\"https:\/\/i2.wp.com\/ifolharegional.com.br\/wp-content\/uploads\/2020\/04\/9a7d7386-0992-44bc-acf5-7cf9841250e3.jpg?fit=740%2C596&amp;ssl=1\" \/><\/div>\n<div id=\"mvp-content-wrap\" class=\"left relative\">\n<div class=\"mvp-post-soc-out right relative\">\n<div class=\"mvp-post-soc-wrap left relative\">\n<p style=\"text-align: justify;\">O que j\u00e1 era esperado foi confirmado pelo juiz da Vara da Fazenda P\u00fablica, Darci Lopes Beraldo: o com\u00e9rcio de Presidente Prudente permanecer\u00e1 fechado at\u00e9 o dia 10 de maio, como determina decreto estadual.<\/p>\n<\/div>\n<div class=\"mvp-post-soc-in\">\n<div id=\"mvp-content-body\" class=\"left relative\">\n<div id=\"mvp-content-body-top\" class=\"left relative\">\n<div id=\"mvp-content-main\" class=\"left relative\">\n<div id=\"tps_slideContainer_14750\" class=\"theiaPostSlider_slides\">\n<div class=\"theiaPostSlider_preloadedSlide\">\n<p style=\"text-align: justify;\">A decis\u00e3o foi proferida na tarde deste domingo (26) em a\u00e7\u00e3o civil movida pelo Minist\u00e9rio P\u00fablico Estadual (MPE-SP). Desta forma, a flexibiliza\u00e7\u00e3o anunciada pelo prefeito Nelson Bugalho (PSDB) perde efeito mesmo antes de entrar em vigor.<\/p>\n<p style=\"text-align: justify;\">Na \u00faltima sexta-feira (24), Bugalho anunciou um novo decreto que flexibiliza as normas para funcionamento do com\u00e9rcio e da presta\u00e7\u00e3o de servi\u00e7os na cidade. A medida, que teria in\u00edcio a partir de ter\u00e7a-feira (28) desafiava o governador Jo\u00e3o Doria, que prometeu adotar medidas judiciais contra \u201crebeldias\u201d e vetou qualquer mudan\u00e7a nas regras de isolamento social.<\/p>\n<p style=\"text-align: justify;\"><strong>Decreto inconstitucional<\/strong><\/p>\n<p style=\"text-align: justify;\">Diante do ru\u00eddo entre poderes do munic\u00edpio e Estado na imposi\u00e7\u00e3o de regras para abertura do com\u00e9rcio, o MPE-SP entrou com a\u00e7\u00e3o com pedido liminar no mesmo dia para obrigar a Prefeitura a seguir o decreto imposto por Doria apontando viola\u00e7\u00e3o da medida \u201cem flagrante inconstitucionalidade\u201d.<\/p>\n<p style=\"text-align: justify;\">\u201cAinda que o munic\u00edpio tenha compet\u00eancia constitucional para legislar sobre sa\u00fade, essa compet\u00eancia \u00e9 suplementar. O interesse local no caso \u00e9 de natureza econ\u00f4mica, que, atualmente, \u00e9 de todo e qualquer munic\u00edpio brasileiro, pois toda a economia mundial foi afetada pela pandemia\u201d, diz o promotor de Justi\u00e7a, Marcelo Creste.<\/p>\n<p style=\"text-align: justify;\">Segundo ele, o Supremo Tribunal Federal n\u00e3o autorizou e nem reconheceu o poder de os munic\u00edpios reduzirem ou flexibilizarem as normas restritivas estaduais. \u201cO Supremo Tribunal Federal reconheceu que os munic\u00edpios podem suplementar a legisla\u00e7\u00e3o estadual, mas apenas para restringir ainda mais o conte\u00fado do decreto estadual\u201d, argumenta.<\/p>\n<p style=\"text-align: justify;\"><strong>Cidade n\u00e3o tem leitos<\/strong><\/p>\n<p style=\"text-align: justify;\">Em seus argumentos, ele aponta que a cidade n\u00e3o disp\u00f5e de hospital pr\u00f3prio e tampouco possui leito de UTI instalado na rede municipal.<\/p>\n<p style=\"text-align: justify;\">\u201cOs 44 leitos de UTI dispon\u00edveis apontados no decreto destinam-se a toda a regi\u00e3o de Presidente Prudente, com quase 820.000 pessoas, bem como para a toda a popula\u00e7\u00e3o carcer\u00e1ria dos pres\u00eddios da regi\u00e3o. N\u00e3o se destinam apenas aos mun\u00edcipes de Presidente Prudente. E n\u00e3o se destinam apenas a casos graves de corona v\u00edrus, mas tamb\u00e9m \u00e0s demais morbidades graves [enfarte, AVC etc.], que n\u00e3o v\u00e3o deixar de existir por causa do coronav\u00edrus\u201d, cita.<\/p>\n<p style=\"text-align: justify;\">\u201cLogo, n\u00e3o tem cabimento, diante de uma pandemia a ado\u00e7\u00e3o de medidas locais em descompasso com as medidas tomadas pelo Estado de S\u00e3o Paulo para todos os munic\u00edpios\u201d, refor\u00e7a o promotor.<\/p>\n<p><strong>Portas seguem fechadas<\/strong><\/p>\n<p style=\"text-align: justify;\">Ao decidir pela suspens\u00e3o do decreto municipal publicado por Bugalho, Darci Beraldo Lopes afirma que juiz n\u00e3o faz normas, as aplica, ao lembrar que a compet\u00eancia e responsabilidade s\u00e3o exclusivas do governador.<\/p>\n<p style=\"text-align: justify;\">\u201cA ele poder\u00e1 recair as gl\u00f3rias de uma condu\u00e7\u00e3o exitosa ou as cr\u00edticas de uma pol\u00edtica rigorosa, de eventual excesso de aperto, a deixar sequelas duradouras e desastrosas para o Estado de S\u00e3o Paulo. Com grandes poderes, v\u00eam grandes responsabilidades\u201d, cita, em sua senten\u00e7a.<\/p>\n<p style=\"text-align: justify;\">Para ele, a sa\u00fade vem atrelada a pol\u00edticas econ\u00f4micas. \u201cA sa\u00fade n\u00e3o vinga sem a economia, ambas sucumbem juntas. Sem recursos econ\u00f4micos, n\u00e3o se reduz risco de doen\u00e7as\u201d, frisa.<\/p>\n<p style=\"text-align: justify;\"><strong>Fora do alcance<\/strong><\/p>\n<p style=\"text-align: justify;\">\u201cN\u00e3o estava ao alcance do exmo. sr. prefeito [Nelson Bugalho] flexibilizar a disciplina normativa dada pelo Estado. N\u00e3o \u00e9 dado ao munic\u00edpio contrapor-se, em sede normativa, \u00e0s normas gerais definidas pela Uni\u00e3o e Estado, como na \u00e1rea da sa\u00fade, conferindo-se, neste campo, compet\u00eancia exclusiva a Uni\u00e3o e Estado\u201d, lembra.<\/p>\n<p style=\"text-align: justify;\">O juiz cita a poss\u00edvel \u201cboa inten\u00e7\u00e3o\u201d de Bugalho ao formalizar o novo decreto, contudo, refor\u00e7a a inconstitucionalidade da medida tomada. \u201cDiz o mundo jur\u00eddico que deva ser respeitada a pol\u00edtica regional no combate \u00e0 pandemia, cabendo ao pr\u00f3prio governo estadual definir o momento adequado no qual os munic\u00edpios poder\u00e3o ter maior ou menor autonomia\u201d.<\/p>\n<p style=\"text-align: justify;\"><strong>Multa de R$ 250 mil por dia<\/strong><\/p>\n<p style=\"text-align: justify;\">Desta forma, Darci Beraldo Lopes concedeu tutela de urg\u00eancia para suspender a efic\u00e1cia do decreto municipal que entraria em vigor na pr\u00f3xima ter\u00e7a-feira, al\u00e9m de impor ao munic\u00edpio a obriga\u00e7\u00e3o de cumprir as regras estaduais.<\/p>\n<p style=\"text-align: justify;\">Ele determinou ainda que a Prefeitura realize a orienta\u00e7\u00e3o \u00e0 popula\u00e7\u00e3o, fiscaliza\u00e7\u00e3o, execu\u00e7\u00e3o e cumprimento das determina\u00e7\u00f5es legais vigentes no tocante \u00e0 vigil\u00e2ncia epidemiol\u00f3gica sob pena de multa di\u00e1ria de R$ 250 mil.<\/p>\n<p style=\"text-align: justify;\">\u201cDeve-se proceder a pronta intima\u00e7\u00e3o, buscando-se, assim, evitar que comerciantes sejam surpreendidos nas v\u00e9speras da reabertura do com\u00e9rcio, evitando-se contratempos maiores\u201d, finaliza.<\/p>\n<p style=\"text-align: justify;\"><strong>Vai acatar<\/strong><\/p>\n<p style=\"text-align: justify;\">De forma r\u00e1pida, a Prefeitura de Prudente enviou nota, que tamb\u00e9m j\u00e1 foi publicada em seu site, adiantando que vai cumprir a decis\u00e3o da Justi\u00e7a. \u201cO chefe do executivo prudentino [Bugalho] comunica que a Prefeitura ir\u00e1 cumprir a determina\u00e7\u00e3o judicial, inclusive no que diz respeito \u00e0 orienta\u00e7\u00e3o, fiscaliza\u00e7\u00e3o e cumprimento das normas legais vigentes, mas informa que a prefeitura ir\u00e1 recorrer da liminar, reiterando os argumentos que embasaram a formula\u00e7\u00e3o do decreto municipal\u201d, diz o texto.<\/p>\n<p style=\"text-align: justify;\">\u201cCabe ressaltar ainda que, embora os artigos 2\u00ba e 3\u00ba tenham sido suspensos, os demais permanecem v\u00e1lidos, como a que disciplina o uso de m\u00e1scaras pela popula\u00e7\u00e3o em espa\u00e7os p\u00fablicos\u201d, finaliza.<\/p>\n<p><strong>SUSPENS\u00c3O DO DECRETO MUNICIPAL<\/strong><\/p>\n<p style=\"text-align: justify;\">TRIBUNAL DE JUSTI\u00c7A DO ESTADO DE S\u00c3O PAULO<br \/>\nCOMARCA DE PRESIDENTE PRUDENTE<br \/>\nFORO DE PRESIDENTE PRUDENTE<br \/>\nVARA DA FAZENDA P\u00daBLICA<br \/>\nAv. Coronel Jos\u00e9 Soares Marcondes, n\u00ba 2.201, Sala 55 -, Vila S\u00e3o Jorge &#8211; CEP<br \/>\n19013-050, Fone: 18-32213144-241, Presidente Prudente-SP &#8211; E-mail:<br \/>\nprudentefaz@tjsp.jus.br<br \/>\nProcesso n\u00ba 1007029-98.2020.8.26.0482 &#8211; p. 1<br \/>\nCONCLUS\u00c3O. Em 26\/04\/2020, fa\u00e7o estes autos conclusos ao Merit\u00edssimo Juiz de Direito da<br \/>\nVara da Fazenda P\u00fablica. Eu, Roberto Notario Ligero, Escriv\u00e3o Judicial I. DECIS\u00c3O<br \/>\nProcesso n\u00ba: 1007029-98.2020.8.26.0482<br \/>\nClasse &#8211; Assunto A\u00e7\u00e3o Civil P\u00fablica C\u00edvel &#8211; Vigil\u00e2ncia Sanit\u00e1ria e Epidemol\u00f3gica<br \/>\nRequerente: Minist\u00e9rio P\u00fablico do Estado de S\u00e3o Paulo<br \/>\nRequerido: Prefeitura Municipal de Presidente Prudente<br \/>\nJuiz(a) de Direito: Dr(a). Darci Lopes Beraldo<br \/>\nVistos<br \/>\n1 &#8211; Do pedido de liminar:<br \/>\nMINIST\u00c9RIO P\u00daBLICO DO ESTADO DE S\u00c3O PAULO aju\u00edza a<br \/>\npresente A\u00e7\u00e3o Civil P\u00fablica contra o MUNIC\u00cdPIO DE PRESIDENTE PRUDENTE. Volta-se o Minist\u00e9rio P\u00fablico contra o Decreto Municipal 30.836, de 24 de<br \/>\nabril de 2020, que enuncia a reabertura parcial do com\u00e9rcio, a partir de 28 de abril de 2020.<br \/>\nPois bem.<br \/>\nNingu\u00e9m ignora as afli\u00e7\u00f5es dos comerciantes, n\u00e3o se podendo dimensionar<br \/>\no drama de cada um. A pandemia est\u00e1 a atingir de cheio a atividade comercial, com todos os efeitos delet\u00e9rios que se possa conceber. Poder-se-ia enumerar infinitos efeitos destrutivos &#8211; fal\u00eancia, desemprego, fome, aumento de criminalidade etc.<br \/>\nE o Estado n\u00e3o quer isso. O Estado tamb\u00e9m sofre graves consequ\u00eancias,<br \/>\ncomo perda gigantesca de arrecada\u00e7\u00e3o, com todas as consequ\u00eancias disso adv\u00e9m.<br \/>\nEste documento \u00e9 c\u00f3pia do original, assinado digitalmente por DARCI LOPES BERALDO, liberado nos autos em 26\/04\/2020 \u00e0s 13:00 . Para conferir o original, acesse o site https:\/\/esaj.tjsp.jus.br\/pastadigital\/pg\/abrirConferenciaDocumento.do, informe o processo 1007029-98.2020.8.26.0482 e c\u00f3digo 53915C1<\/p>\n<p>Fonte: Portal Prudentino<\/p>\n<p>&nbsp;<\/p>\n<\/div>\n<\/div>\n<\/div>\n<\/div>\n<\/div>\n<\/div>\n<\/div>\n<\/div>\n<\/div>\n<\/div>\n<\/div>\n","protected":false},"excerpt":{"rendered":"<p>Decis\u00e3o foi do Minist\u00e9rio P\u00fablico de Presidente Prudente. O que j\u00e1 era esperado foi confirmado pelo juiz da Vara da Fazenda P\u00fablica, Darci Lopes Beraldo: o com\u00e9rcio de Presidente Prudente permanecer\u00e1 fechado at\u00e9 o dia 10 de maio, como determina decreto estadual. A decis\u00e3o foi proferida na tarde deste domingo (26) em a\u00e7\u00e3o civil movida [&hellip;]<\/p>\n","protected":false},"author":1,"featured_media":24641,"comment_status":"closed","ping_status":"open","sticky":false,"template":"","format":"standard","meta":{"footnotes":""},"categories":[120,110],"tags":[],"class_list":["post-24640","post","type-post","status-publish","format-standard","has-post-thumbnail","hentry","category-justicahabitacaotecnologia","category-noticiasdestaque"],"_links":{"self":[{"href":"https:\/\/jorgezanoni.com.br\/2019\/wp-json\/wp\/v2\/posts\/24640","targetHints":{"allow":["GET"]}}],"collection":[{"href":"https:\/\/jorgezanoni.com.br\/2019\/wp-json\/wp\/v2\/posts"}],"about":[{"href":"https:\/\/jorgezanoni.com.br\/2019\/wp-json\/wp\/v2\/types\/post"}],"author":[{"embeddable":true,"href":"https:\/\/jorgezanoni.com.br\/2019\/wp-json\/wp\/v2\/users\/1"}],"replies":[{"embeddable":true,"href":"https:\/\/jorgezanoni.com.br\/2019\/wp-json\/wp\/v2\/comments?post=24640"}],"version-history":[{"count":0,"href":"https:\/\/jorgezanoni.com.br\/2019\/wp-json\/wp\/v2\/posts\/24640\/revisions"}],"wp:featuredmedia":[{"embeddable":true,"href":"https:\/\/jorgezanoni.com.br\/2019\/wp-json\/wp\/v2\/media\/24641"}],"wp:attachment":[{"href":"https:\/\/jorgezanoni.com.br\/2019\/wp-json\/wp\/v2\/media?parent=24640"}],"wp:term":[{"taxonomy":"category","embeddable":true,"href":"https:\/\/jorgezanoni.com.br\/2019\/wp-json\/wp\/v2\/categories?post=24640"},{"taxonomy":"post_tag","embeddable":true,"href":"https:\/\/jorgezanoni.com.br\/2019\/wp-json\/wp\/v2\/tags?post=24640"}],"curies":[{"name":"wp","href":"https:\/\/api.w.org\/{rel}","templated":true}]}}