{"id":24626,"date":"2020-04-26T16:06:48","date_gmt":"2020-04-26T16:06:48","guid":{"rendered":"https:\/\/jorgezanoni.com.br\/2019\/?p=24626"},"modified":"2020-04-26T16:06:48","modified_gmt":"2020-04-26T16:06:48","slug":"china-anuncia-11o-dia-seguido-sem-mortes-por-covid-19","status":"publish","type":"post","link":"https:\/\/jorgezanoni.com.br\/2019\/china-anuncia-11o-dia-seguido-sem-mortes-por-covid-19\/","title":{"rendered":"China anuncia 11\u00ba dia seguido sem mortes por Covid-19"},"content":{"rendered":"<div class=\"title\">\n<h1 class=\"content-head__title\" style=\"text-align: justify;\"><strong>\u00daltimas not\u00edcias de coronav\u00edrus de 26 de abril.<\/strong><\/h1>\n<\/div>\n<div class=\"medium-centered subtitle\">\n<h2 class=\"content-head__subtitle\" style=\"text-align: justify;\"><strong>China anuncia 11\u00ba dia seguido sem mortes por Covid-19; A Argentina estendeu o per\u00edodo de isolamento at\u00e9 o dia 10 de maio.<\/strong><\/h2>\n<div class=\"mc-column content-text active-extra-styles \" style=\"text-align: justify;\" data-block-type=\"unstyled\" data-block-weight=\"36\" data-block-id=\"2\">\n<p class=\"content-text__container \" data-track-category=\"Link no Texto\" data-track-links=\"\">O levantamento da universidade norte-americana Johns Hopkins deste domingo (26) aponta que h\u00e1 mais de 2,9 milh\u00f5es de casos confirmados de coronav\u00edrus e ao menos 203 mil mortes em todo o mundo por complica\u00e7\u00f5es da Covid-19.<\/p>\n<\/div>\n<div class=\"wall protected-content\">\n<div class=\"mc-column content-text active-extra-styles \" style=\"text-align: justify;\" data-block-type=\"unstyled\" data-block-weight=\"31\" data-block-id=\"3\">\n<p class=\"content-text__container \" data-track-category=\"Link no Texto\" data-track-links=\"\">Quase um ter\u00e7o de todas as confirma\u00e7\u00f5es de casos de coronav\u00edrus do mundo est\u00e1 nos Estados Unidos. O pa\u00eds tem cerca de 940 mil confirma\u00e7\u00f5es e ao menos 53 mil mortes.<\/p>\n<\/div>\n<div class=\"mc-column content-text active-extra-styles\" style=\"text-align: justify;\" data-block-type=\"raw\" data-block-weight=\"13\" data-block-id=\"4\">\n<ul class=\"content-unordered-list\">\n<li><strong>GUIA ILUSTRADO<\/strong>:\u00a0<a href=\"https:\/\/especiais.g1.globo.com\/bemestar\/2020\/coronavirus\/?_ga=2.215710868.2079581519.1586772499-858a864f-e0be-6377-c4ce-c0a33d0fd591\" target=\"_blank\" rel=\"noopener noreferrer\">sintomas, transmiss\u00e3o e preven\u00e7\u00e3o<\/a><\/li>\n<li><strong>S\u00c9RIE DE V\u00cdDEOS:\u00a0<\/strong><a href=\"https:\/\/g1.globo.com\/bemestar\/coronavirus\/noticia\/2020\/02\/27\/coronavirus-veja-perguntas-e-respostas.ghtml\">coronav\u00edrus, perguntas e respostas<\/a><\/li>\n<\/ul>\n<\/div>\n<div class=\"mc-column content-text active-extra-styles \" style=\"text-align: justify;\" data-block-type=\"unstyled\" data-block-weight=\"34\" data-block-id=\"5\">\n<p class=\"content-text__container \" data-track-category=\"Link no Texto\" data-track-links=\"\">No Brasil foram registradas 4 mil mortes provocadas pela Covid-19 e 59 mil casos confirmados da doen\u00e7a em todo o pa\u00eds,\u00a0<a href=\"https:\/\/g1.globo.com\/bemestar\/coronavirus\/noticia\/2020\/04\/26\/casos-de-coronavirus-e-numero-de-mortes-no-brasil-em-26-de-abril.ghtml\">segundo um levantamento exclusivo do\u00a0<strong>G1<\/strong>\u00a0<\/a>feito com as secretarias estaduais de sa\u00fade.<\/p>\n<\/div>\n<div class=\"mc-column content-text active-extra-styles\" style=\"text-align: justify;\" data-block-type=\"raw\" data-block-weight=\"3\" data-block-id=\"6\">\n<div class=\"content-intertitle\">\n<h2>Destaques do domingo:<\/h2>\n<\/div>\n<\/div>\n<div class=\"mc-column content-text active-extra-styles\" style=\"text-align: justify;\" data-block-type=\"raw\" data-block-weight=\"77\" data-block-id=\"7\">\n<ul class=\"content-unordered-list\">\n<li><strong>Mundo tem mais de 2,9 milh\u00f5es<\/strong>\u00a0de casos e ao menos 203 mil mortes e 822<\/li>\n<li><strong>Brasil soma 59 mil infec\u00e7\u00f5es<\/strong>\u00a0e 4 mil mortes<\/li>\n<li>China anuncia mais 11 casos e\u00a0<strong>11\u00ba dia consecutivo sem registrar mortes<\/strong><\/li>\n<li><strong>Argentina estende quarentena<\/strong>\u00a0at\u00e9 10 de maio, mas prev\u00ea leve flexibiliza\u00e7\u00e3o<\/li>\n<li>O governo\u00a0<strong>iraniano planeja reabrir mesquitas<\/strong>\u00a0em partes do pa\u00eds<\/li>\n<li>Primeiro-ministro indiano\u00a0<strong>pede que cidad\u00e3os fiquem em casa<\/strong><\/li>\n<li>Miami Beach, nos EUA,\u00a0<strong>mant\u00e9m o fechamento das praias<\/strong>\u00a0at\u00e9 junho<\/li>\n<\/ul>\n<\/div>\n<div class=\"mc-column content-text active-extra-styles \" style=\"text-align: justify;\" data-block-type=\"unstyled\" data-block-weight=\"39\" data-block-id=\"8\">\n<p class=\"content-text__container \" data-track-category=\"Link no Texto\" data-track-links=\"\">A China anunciou 11 novos casos de Covid-19 nas \u00faltimas 24 horas. Al\u00e9m disso, o pa\u00eds informou n\u00e3o ter registrado nenhuma morte pela doen\u00e7a em 11 dias. H\u00e1 mais de 84 mil casos confirmados de coronav\u00edrus no pa\u00eds asi\u00e1tico.<\/p>\n<\/div>\n<div class=\"mc-column content-text active-extra-styles \" style=\"text-align: justify;\" data-block-type=\"unstyled\" data-block-weight=\"27\" data-block-id=\"10\">\n<p class=\"content-text__container \" data-track-category=\"Link no Texto\" data-track-links=\"\">A cidade de Wuhan, onde come\u00e7ou a pandemia, agora n\u00e3o tem mais casos de coronav\u00edrus em nenhum de seus hospitais, disse uma autoridade de sa\u00fade a imprensa.<\/p>\n<\/div>\n<div class=\"mc-column content-text active-extra-styles \" style=\"text-align: justify;\" data-block-type=\"unstyled\" data-block-weight=\"31\" data-block-id=\"11\">\n<p class=\"content-text__container \" data-track-category=\"Link no Texto\" data-track-links=\"\">Na Cor\u00e9ia do Sul, grandes templos religiosos reabriram, com a exig\u00eancia de que os fi\u00e9is mantenham dist\u00e2ncia e usem m\u00e1scaras, depois que o governo relaxou as restri\u00e7\u00f5es \u00e0s reuni\u00f5es religiosas.<\/p>\n<\/div>\n<div class=\"mc-column content-text active-extra-styles \" style=\"text-align: justify;\" data-block-type=\"unstyled\" data-block-weight=\"39\" data-block-id=\"12\">\n<p class=\"content-text__container \" data-track-category=\"Link no Texto\" data-track-links=\"\">A Onnuri Church, uma das maiores de Seul, exige que os membros se inscrevam on-line antes do culto e se sentem em assentos designados para manter dist\u00e2ncia. O pa\u00eds estendeu sua pol\u00edtica de distanciamento social at\u00e9 5 de maio.<\/p>\n<\/div>\n<div class=\"mc-column content-text active-extra-styles\" style=\"text-align: justify;\" data-block-type=\"raw\" data-block-weight=\"3\" data-block-id=\"13\">\n<div class=\"content-intertitle\">\n<h2>Argentina estende isolamento<\/h2>\n<\/div>\n<\/div>\n<div class=\"mc-column content-text active-extra-styles \" style=\"text-align: justify;\" data-block-type=\"unstyled\" data-block-weight=\"41\" data-block-id=\"14\">\n<p class=\"content-text__container \" data-track-category=\"Link no Texto\" data-track-links=\"\">A Argentina estendeu o per\u00edodo de isolamento at\u00e9 o dia 10 de maio, mas j\u00e1 apresenta medidas de flexibiliza\u00e7\u00e3o da quarentena. Residentes do pa\u00eds poder\u00e3o sair para caminhadas por at\u00e9 1 hora em um raio de 500 metros de suas casas.<\/p>\n<\/div>\n<div class=\"mc-column content-text active-extra-styles \" style=\"text-align: justify;\" data-block-type=\"unstyled\" data-block-weight=\"48\" data-block-id=\"15\">\n<p class=\"content-text__container \" data-track-category=\"Link no Texto\" data-track-links=\"\">A medida vale apenas para cidades com menos de 500 mil habitantes, j\u00e1 moradores de grandes centros urbanos, que representam a metade do pa\u00eds, seguem em restri\u00e7\u00e3o total. A quarentena na Argentina foi imposta em 20 de mar\u00e7o e essa \u00e9 a terceira prorroga\u00e7\u00e3o anunciada pelo governo.<\/p>\n<\/div>\n<div class=\"row medium-uncollapsed content-media content-photo\" style=\"text-align: justify;\" data-block-type=\"backstage-photo\" data-block-id=\"16\">\n<div class=\"column medium-22 large-20 medium-centered content-media__container\">\n<div class=\"progressive-img can-open-lightbox\" data-min-size=\"1008x672\" data-min-size-url=\"https:\/\/s2.glbimg.com\/xb7lK2WQTstD138nARGmrnIkoAw=\/0x0:2200x1467\/1008x0\/smart\/filters:strip_icc()\/i.s3.glbimg.com\/v1\/AUTH_59edd422c0c84a879bd37670ae4f538a\/internal_photos\/bs\/2020\/S\/E\/dcYgSOSiubHaME75lMnQ\/2020-04-23t110608z-1281082128-rc2bag9ys4lj-rtrmadp-3-health-coronavirus-children-drawing.jpg\" data-max-size=\"1600x1066\" data-max-size-url=\"https:\/\/s2.glbimg.com\/9OFDMlMSUXGYAgp8YLz_hgrT6gw=\/0x0:2200x1467\/1600x0\/smart\/filters:strip_icc()\/i.s3.glbimg.com\/v1\/AUTH_59edd422c0c84a879bd37670ae4f538a\/internal_photos\/bs\/2020\/S\/E\/dcYgSOSiubHaME75lMnQ\/2020-04-23t110608z-1281082128-rc2bag9ys4lj-rtrmadp-3-health-coronavirus-children-drawing.jpg\" data-media-index=\"1\">\n<div class=\"placeholder-container\"><img decoding=\"async\" class=\"image content-media__image progressive-loaded\" title=\"Juan, de 8 anos, e Mateo, de 10, posam para foto na varanda de sua casa em Buenos Aires, na Argentina, enquanto exibem seus desenhos feitos durante o surto de doen\u00e7a por coronav\u00edrus (COVID-19). Juan, que desenhou uma imagem do coronav\u00edrus, disse: 'O que mais sinto falta s\u00e3o as f\u00e9rias... durante a quarentena, sou mais criativo'. Mateo disse: 'Eu desenhei um gato para desejar feliz P\u00e1scoa a uma das minhas av\u00f3s e sinto falta de jogar futebol... Durante a quarentena, sinto-me mais isolado e sinto falta de todos que conhe\u00e7o' \u2014 Foto:  Agustin Marcarian\/Reuters\" src=\"https:\/\/s2.glbimg.com\/xb7lK2WQTstD138nARGmrnIkoAw=\/0x0:2200x1467\/1008x0\/smart\/filters:strip_icc()\/i.s3.glbimg.com\/v1\/AUTH_59edd422c0c84a879bd37670ae4f538a\/internal_photos\/bs\/2020\/S\/E\/dcYgSOSiubHaME75lMnQ\/2020-04-23t110608z-1281082128-rc2bag9ys4lj-rtrmadp-3-health-coronavirus-children-drawing.jpg\" alt=\"Juan, de 8 anos, e Mateo, de 10, posam para foto na varanda de sua casa em Buenos Aires, na Argentina, enquanto exibem seus desenhos feitos durante o surto de doen\u00e7a por coronav\u00edrus (COVID-19). Juan, que desenhou uma imagem do coronav\u00edrus, disse: 'O que mais sinto falta s\u00e3o as f\u00e9rias... durante a quarentena, sou mais criativo'. Mateo disse: 'Eu desenhei um gato para desejar feliz P\u00e1scoa a uma das minhas av\u00f3s e sinto falta de jogar futebol... Durante a quarentena, sinto-me mais isolado e sinto falta de todos que conhe\u00e7o' \u2014 Foto:  Agustin Marcarian\/Reuters\" data-src=\"https:\/\/s2.glbimg.com\/xb7lK2WQTstD138nARGmrnIkoAw=\/0x0:2200x1467\/1008x0\/smart\/filters:strip_icc()\/i.s3.glbimg.com\/v1\/AUTH_59edd422c0c84a879bd37670ae4f538a\/internal_photos\/bs\/2020\/S\/E\/dcYgSOSiubHaME75lMnQ\/2020-04-23t110608z-1281082128-rc2bag9ys4lj-rtrmadp-3-health-coronavirus-children-drawing.jpg\" \/><\/div>\n<\/div>\n<p class=\"content-media__description \">Juan, de 8 anos, e Mateo, de 10, posam para foto na varanda de sua casa em Buenos Aires, na Argentina, enquanto exibem seus desenhos feitos durante o surto de doen\u00e7a por coronav\u00edrus (COVID-19). Juan, que desenhou uma imagem do coronav\u00edrus, disse: &#8216;O que mais sinto falta s\u00e3o as f\u00e9rias&#8230; durante a quarentena, sou mais criativo&#8217;. Mateo disse: &#8216;Eu desenhei um gato para desejar feliz P\u00e1scoa a uma das minhas av\u00f3s e sinto falta de jogar futebol&#8230; Durante a quarentena, sinto-me mais isolado e sinto falta de todos que conhe\u00e7o&#8217; \u2014 Foto: Agustin Marcarian\/Reuters<\/p>\n<\/div>\n<\/div>\n<div class=\"mc-column content-text active-extra-styles \" style=\"text-align: justify;\" data-block-type=\"unstyled\" data-block-weight=\"47\" data-block-id=\"17\">\n<p class=\"content-text__container \" data-track-category=\"Link no Texto\" data-track-links=\"\">A Espanha tomou uma medida parecida em um aceno para a reabertura. Os espanh\u00f3is enfrentam medidas duras, as mais restritivas da Europa, desde 14 de mar\u00e7o. A\u00a0<a href=\"https:\/\/g1.globo.com\/mundo\/noticia\/2020\/04\/26\/espanha-autoriza-passeios-com-criancas-durante-isolamento-para-conter-expansao-do-coronavirus.ghtml\">partir de domingo, quem tem filhos ter\u00e1 autoriza\u00e7\u00e3o para sair para passear com suas crian\u00e7as<\/a>\u00a0por \u2013no m\u00e1ximo\u2013 1 hora.<\/p>\n<\/div>\n<div class=\"content-ads content-ads--reveal\" style=\"text-align: justify;\" data-block-type=\"ads\" data-block-id=\"18\">\n<div id=\"banner_materia__35d002ef-0ac8-43d0-9261-bad25ea39656\" class=\"tag-manager-publicidade-container mc-has-reveal mc-has-ad-lazyload tag-manager-publicidade-banner_materia__35d002ef-0ac8-43d0-9261-bad25ea39656 tag-manager-publicidade-container--carregado tag-manager-publicidade-container--visivel\" data-id=\"banner_materia__35d002ef-0ac8-43d0-9261-bad25ea39656\" data-google-query-id=\"CJ6vsIq7hukCFbsuuQYdbGMA5w\" data-cid=\"138308541033\" data-lid=\"5351884021\">\n<div id=\"google_ads_iframe_\/95377733\/tvg_G1\/Bem_Estar\/Coronavirus_3__container__\">Os menores de 14 anos poder\u00e3o sair \u00e0s ruas acompanhados por um adulto para passeios, mas devem respeitar um raio de 1 quil\u00f4metro de duas casas. Os passeios estar\u00e3o restritos ao per\u00edodo de 9 e 21 horas. Os parques continuam fechados.<\/div>\n<\/div>\n<\/div>\n<div class=\"mc-column content-text active-extra-styles \" style=\"text-align: justify;\" data-block-type=\"unstyled\" data-block-weight=\"42\" data-block-id=\"20\">\n<p class=\"content-text__container \" data-track-category=\"Link no Texto\" data-track-links=\"\">Pelo terceiro dia consecutivo, a Espanha registrou mais pacientes recuperados do que novos casos de coronav\u00edrus. O pa\u00eds teve, desde o in\u00edcio da pandemia, mais de 23 mil mortes e ao menos 207,6 mil casos de Covid-19, segundo o Minist\u00e9rio da Sa\u00fade.<\/p>\n<\/div>\n<div class=\"row medium-uncollapsed content-media content-photo\" style=\"text-align: justify;\" data-block-type=\"backstage-photo\" data-block-id=\"21\">\n<div class=\"column medium-22 large-20 medium-centered content-media__container\">\n<div class=\"progressive-img can-open-lightbox\" data-min-size=\"1008x672\" data-min-size-url=\"https:\/\/s2.glbimg.com\/mQoSZHPvH_kDFnz-9B9-eLw9ntc=\/0x0:6000x4000\/1008x0\/smart\/filters:strip_icc()\/i.s3.glbimg.com\/v1\/AUTH_59edd422c0c84a879bd37670ae4f538a\/internal_photos\/bs\/2020\/l\/g\/VOlU9URsS7SdhhzCCfXQ\/2020-04-26t100653z-786373733-rc2acg987zp2-rtrmadp-3-health-coronavirus-spain-children.jpg\" data-max-size=\"1600x1066\" data-max-size-url=\"https:\/\/s2.glbimg.com\/saL3Ao2hC6ZVPPZ6cJNuLblbkJY=\/0x0:6000x4000\/1600x0\/smart\/filters:strip_icc()\/i.s3.glbimg.com\/v1\/AUTH_59edd422c0c84a879bd37670ae4f538a\/internal_photos\/bs\/2020\/l\/g\/VOlU9URsS7SdhhzCCfXQ\/2020-04-26t100653z-786373733-rc2acg987zp2-rtrmadp-3-health-coronavirus-spain-children.jpg\" data-media-index=\"2\">\n<div class=\"placeholder-container\"><img decoding=\"async\" class=\"image content-media__image progressive-loaded\" title=\"Uma fam\u00edlia que usa m\u00e1scaras protetoras d\u00e1 um passeio depois que as restri\u00e7\u00f5es foram parcialmente levantadas para crian\u00e7as pela primeira vez em seis semanas, durante o surto da doen\u00e7a por coronav\u00edrus em Bilbao, norte da Espanha, neste domingo (26) \u2014 Foto: Vincent West\/Reuters\" src=\"https:\/\/s2.glbimg.com\/mQoSZHPvH_kDFnz-9B9-eLw9ntc=\/0x0:6000x4000\/1008x0\/smart\/filters:strip_icc()\/i.s3.glbimg.com\/v1\/AUTH_59edd422c0c84a879bd37670ae4f538a\/internal_photos\/bs\/2020\/l\/g\/VOlU9URsS7SdhhzCCfXQ\/2020-04-26t100653z-786373733-rc2acg987zp2-rtrmadp-3-health-coronavirus-spain-children.jpg\" alt=\"Uma fam\u00edlia que usa m\u00e1scaras protetoras d\u00e1 um passeio depois que as restri\u00e7\u00f5es foram parcialmente levantadas para crian\u00e7as pela primeira vez em seis semanas, durante o surto da doen\u00e7a por coronav\u00edrus em Bilbao, norte da Espanha, neste domingo (26) \u2014 Foto: Vincent West\/Reuters\" data-src=\"https:\/\/s2.glbimg.com\/mQoSZHPvH_kDFnz-9B9-eLw9ntc=\/0x0:6000x4000\/1008x0\/smart\/filters:strip_icc()\/i.s3.glbimg.com\/v1\/AUTH_59edd422c0c84a879bd37670ae4f538a\/internal_photos\/bs\/2020\/l\/g\/VOlU9URsS7SdhhzCCfXQ\/2020-04-26t100653z-786373733-rc2acg987zp2-rtrmadp-3-health-coronavirus-spain-children.jpg\" \/><\/div>\n<\/div>\n<p class=\"content-media__description \">Uma fam\u00edlia que usa m\u00e1scaras protetoras d\u00e1 um passeio depois que as restri\u00e7\u00f5es foram parcialmente levantadas para crian\u00e7as pela primeira vez em seis semanas, durante o surto da doen\u00e7a por coronav\u00edrus em Bilbao, norte da Espanha, neste domingo (26) \u2014 Foto: Vincent West\/Reuters<\/p>\n<\/div>\n<\/div>\n<div class=\"mc-column content-text active-extra-styles \" style=\"text-align: justify;\" data-block-type=\"unstyled\" data-block-weight=\"40\" data-block-id=\"22\">\n<p class=\"content-text__container \" data-track-category=\"Link no Texto\" data-track-links=\"\">Na It\u00e1lia, o primeiro pa\u00eds europeu a ser atingido pelo coronav\u00edrus, permitir\u00e1 que algumas empresas reabram ainda nesta semana, com o objetivo de reabrir a ind\u00fastria e a constru\u00e7\u00e3o a partir de 4 de maio, disse o primeiro-ministro Giuseppe Conte.<\/p>\n<\/div>\n<div class=\"mc-column content-text active-extra-styles \" style=\"text-align: justify;\" data-block-type=\"unstyled\" data-block-weight=\"52\" data-block-id=\"23\">\n<p class=\"content-text__container \" data-track-category=\"Link no Texto\" data-track-links=\"\">O Reino Unido estimou neste domingo em 20.732 o n\u00famero de mortes por Covid-19 nos hospitais do pa\u00eds desde o in\u00edcio da pandemia, disse o ministro brit\u00e2nico do Meio Ambiente, George Eustice. Nas \u00faltimas 24 horas foram registradas 413 mortes, n\u00famero muito inferior ao registrado no dia anterior, que foi de 813.<\/p>\n<\/div>\n<div class=\"mc-column content-text active-extra-styles \" style=\"text-align: justify;\" data-block-type=\"unstyled\" data-block-weight=\"44\" data-block-id=\"24\">\n<p class=\"content-text__container \" data-track-category=\"Link no Texto\" data-track-links=\"\">Em Budapest, os moradores da cidade passar\u00e3o a ser obrigados a vestir m\u00e1scaras de prote\u00e7\u00e3o para frequentar espa\u00e7os p\u00fablicos a partir de segunda-feira (27). A Prefeitura da capital da Hungria se comprometeu a n\u00e3o multar os que descumprirem com a norma, mas ser\u00e3o advertidos.<\/p>\n<p class=\"content-text__container \" data-track-category=\"Link no Texto\" data-track-links=\"\">Entretanto, se algum viajante de transporte p\u00fablico se recusar a usar o equipamento de seguran\u00e7a, ele poder\u00e1 ser recusado pelo servi\u00e7o e ser\u00e1 obrigado a deixar o ve\u00edculo.<\/p>\n<\/div>\n<div class=\"mc-column content-text active-extra-styles\" style=\"text-align: justify;\" data-block-type=\"raw\" data-block-weight=\"3\" data-block-id=\"27\">\n<div class=\"content-intertitle\">\n<h2>Reabertura de mesquitas<\/h2>\n<\/div>\n<\/div>\n<div class=\"row medium-uncollapsed content-media content-photo\" style=\"text-align: justify;\" data-block-type=\"backstage-photo\" data-block-id=\"28\">\n<div class=\"column medium-22 large-20 medium-centered content-media__container\">\n<div class=\"progressive-img can-open-lightbox\" data-min-size=\"1008x671\" data-min-size-url=\"https:\/\/s2.glbimg.com\/WEhY1SZ0sr7Fk9msIq_Vm8vnV5M=\/0x0:1024x682\/1008x0\/smart\/filters:strip_icc()\/i.s3.glbimg.com\/v1\/AUTH_59edd422c0c84a879bd37670ae4f538a\/internal_photos\/bs\/2020\/1\/b\/XSuHO4TcGF73eTehochw\/ira.jpg\" data-max-size=\"1600x1065\" data-max-size-url=\"https:\/\/s2.glbimg.com\/Lp5PKLn8rk_7RXAC5u0FIlHsR84=\/0x0:1024x682\/1600x0\/smart\/filters:strip_icc()\/i.s3.glbimg.com\/v1\/AUTH_59edd422c0c84a879bd37670ae4f538a\/internal_photos\/bs\/2020\/1\/b\/XSuHO4TcGF73eTehochw\/ira.jpg\" data-media-index=\"3\">\n<div class=\"placeholder-container\"><img decoding=\"async\" class=\"image content-media__image progressive-loaded\" title=\"Pessoas do lado de fora do Templo de F\u00e1tima, na cidade de Qom, em 16 de mar\u00e7o de 2020 \u2014 Foto: Mehdi Marizad \/ AFP\/Arquivo\" src=\"https:\/\/s2.glbimg.com\/WEhY1SZ0sr7Fk9msIq_Vm8vnV5M=\/0x0:1024x682\/1008x0\/smart\/filters:strip_icc()\/i.s3.glbimg.com\/v1\/AUTH_59edd422c0c84a879bd37670ae4f538a\/internal_photos\/bs\/2020\/1\/b\/XSuHO4TcGF73eTehochw\/ira.jpg\" alt=\"Pessoas do lado de fora do Templo de F\u00e1tima, na cidade de Qom, em 16 de mar\u00e7o de 2020 \u2014 Foto: Mehdi Marizad \/ AFP\/Arquivo\" data-src=\"https:\/\/s2.glbimg.com\/WEhY1SZ0sr7Fk9msIq_Vm8vnV5M=\/0x0:1024x682\/1008x0\/smart\/filters:strip_icc()\/i.s3.glbimg.com\/v1\/AUTH_59edd422c0c84a879bd37670ae4f538a\/internal_photos\/bs\/2020\/1\/b\/XSuHO4TcGF73eTehochw\/ira.jpg\" \/><\/div>\n<\/div>\n<p class=\"content-media__description \">Pessoas do lado de fora do Templo de F\u00e1tima, na cidade de Qom, em 16 de mar\u00e7o de 2020 \u2014 Foto: Mehdi Marizad \/ AFP\/Arquivo<\/p>\n<\/div>\n<\/div>\n<div class=\"mc-column content-text active-extra-styles \" style=\"text-align: justify;\" data-block-type=\"unstyled\" data-block-weight=\"35\" data-block-id=\"29\">\n<p class=\"content-text__container \" data-track-category=\"Link no Texto\" data-track-links=\"\">O governo iraniano planeja reabrir mesquitas em partes do pa\u00eds que est\u00e3o constantemente livres do surto de coronav\u00edrus, \u00e0 medida que as restri\u00e7\u00f5es aos iranianos diminuem gradualmente, disse o presidente Hassan Rouhani em um comunicado.<\/p>\n<\/div>\n<div class=\"mc-column content-text active-extra-styles \" style=\"text-align: justify;\" data-block-type=\"unstyled\" data-block-weight=\"45\" data-block-id=\"30\">\n<p class=\"content-text__container \" data-track-category=\"Link no Texto\" data-track-links=\"\">As atividades em cada regi\u00e3o ser\u00e3o separadas por sua situa\u00e7\u00e3o em rela\u00e7\u00e3o \u00e0 epidemia, precisou a Presid\u00eancia. Uma \u00e1rea que esteja livre de infec\u00e7\u00f5es ou mortes ser\u00e1 rotulada como &#8220;branca&#8221;, \u00e9 nessas que as mesquitas poder\u00e3o ser reabertas, com a retomada das ora\u00e7\u00f5es de sexta-feira.<\/p>\n<\/div>\n<div class=\"mc-column content-text active-extra-styles \" style=\"text-align: justify;\" data-block-type=\"unstyled\" data-block-weight=\"35\" data-block-id=\"31\">\n<p class=\"content-text__container \" data-track-category=\"Link no Texto\" data-track-links=\"\">O Ir\u00e3 \u00e9 um dos pa\u00edses do Oriente M\u00e9dio mais afetados pela pandemia. Ainda h\u00e1 a classifica\u00e7\u00e3o de regi\u00f5es como &#8220;amarela&#8221; e &#8220;vermelha&#8221; com base nos n\u00fameros da epidemia no pa\u00eds, estas ainda ter\u00e3o restri\u00e7\u00f5es.<\/p>\n<\/div>\n<div class=\"mc-column content-text active-extra-styles \" style=\"text-align: justify;\" data-block-type=\"unstyled\" data-block-weight=\"26\" data-block-id=\"32\">\n<p class=\"content-text__container \" data-track-category=\"Link no Texto\" data-track-links=\"\">A Ar\u00e1bia Saudita anunciou a manuten\u00e7\u00e3o da suspens\u00e3o de voos internacionais e dom\u00e9sticos no pa\u00eds. O governo saudita n\u00e3o deu previs\u00e3o para o fim das restri\u00e7\u00f5es.<\/p>\n<\/div>\n<div class=\"mc-column content-text active-extra-styles \" style=\"text-align: justify;\" data-block-type=\"unstyled\" data-block-weight=\"46\" data-block-id=\"33\">\n<p class=\"content-text__container \" data-track-category=\"Link no Texto\" data-track-links=\"\">O primeiro-ministro da \u00cdndia, Narendra Modi, apelou aos cidad\u00e3os para que cumpram estritamente o bloqueio nacional e que continuem a respeitar as normas de distanciamento social, j\u00e1 que os casos de coronav\u00edrus aumentam constantemente no pa\u00eds, apesar das restri\u00e7\u00f5es que j\u00e1 duram mais de um m\u00eas.<\/p>\n<p data-track-category=\"Link no Texto\" data-track-links=\"\"><span style=\"color: #111111; font-family: Roboto, sans-serif; font-size: 27px;\">Fazenda interditada<\/span><\/p>\n<\/div>\n<div class=\"row medium-uncollapsed content-media content-photo\" style=\"text-align: justify;\" data-block-type=\"backstage-photo\" data-block-id=\"36\">\n<div class=\"mc-column content-media__container\">\n<div class=\"progressive-img can-open-lightbox\" data-min-size=\"1008x1594\" data-min-size-url=\"https:\/\/s2.glbimg.com\/3MWWQTSbN9mbSoTBBCsHCF3Z5c8=\/0x0:2213x3500\/1008x0\/smart\/filters:strip_icc()\/i.s3.glbimg.com\/v1\/AUTH_59edd422c0c84a879bd37670ae4f538a\/internal_photos\/bs\/2020\/W\/4\/fwM9NxQ5GQCjSObYt4RA\/2020-04-26t115403z-1126645940-rc2bcg9tkn8s-rtrmadp-3-health-coronavirus-netherlands-mink.jpg\" data-max-size=\"1600x2530\" data-max-size-url=\"https:\/\/s2.glbimg.com\/vZ3taxUhZ7w1ZFt0MQHuDqFgPdY=\/0x0:2213x3500\/1600x0\/smart\/filters:strip_icc()\/i.s3.glbimg.com\/v1\/AUTH_59edd422c0c84a879bd37670ae4f538a\/internal_photos\/bs\/2020\/W\/4\/fwM9NxQ5GQCjSObYt4RA\/2020-04-26t115403z-1126645940-rc2bcg9tkn8s-rtrmadp-3-health-coronavirus-netherlands-mink.jpg\" data-media-index=\"4\">\n<div class=\"placeholder-container\"><img decoding=\"async\" class=\"image content-media__image progressive-loaded\" title=\"Os casacos de pele de mink em um shopping center de Shangai. \u2014 Foto: Aly Song\/Reuters\/Arquivo\" src=\"https:\/\/s2.glbimg.com\/qH7evCZtQB2mEWVVAVfRj691kbw=\/0x0:2213x3500\/984x0\/smart\/filters:strip_icc()\/i.s3.glbimg.com\/v1\/AUTH_59edd422c0c84a879bd37670ae4f538a\/internal_photos\/bs\/2020\/W\/4\/fwM9NxQ5GQCjSObYt4RA\/2020-04-26t115403z-1126645940-rc2bcg9tkn8s-rtrmadp-3-health-coronavirus-netherlands-mink.jpg\" alt=\"Os casacos de pele de mink em um shopping center de Shangai. \u2014 Foto: Aly Song\/Reuters\/Arquivo\" data-src=\"https:\/\/s2.glbimg.com\/qH7evCZtQB2mEWVVAVfRj691kbw=\/0x0:2213x3500\/984x0\/smart\/filters:strip_icc()\/i.s3.glbimg.com\/v1\/AUTH_59edd422c0c84a879bd37670ae4f538a\/internal_photos\/bs\/2020\/W\/4\/fwM9NxQ5GQCjSObYt4RA\/2020-04-26t115403z-1126645940-rc2bcg9tkn8s-rtrmadp-3-health-coronavirus-netherlands-mink.jpg\" \/><\/div>\n<\/div>\n<p class=\"content-media__description \">Os casacos de pele de mink em um shopping center de Shangai. \u2014 Foto: Aly Song\/Reuters\/Arquivo<\/p>\n<\/div>\n<\/div>\n<div class=\"mc-column content-text active-extra-styles \" style=\"text-align: justify;\" data-block-type=\"unstyled\" data-block-weight=\"23\" data-block-id=\"37\">\n<p class=\"content-text__container \" data-track-category=\"Link no Texto\" data-track-links=\"\">O Minist\u00e9rio da Agricultura holand\u00eas informou que duas fazendas foram colocadas em quarentena depois que animais foram testados com o novo coronav\u00edrus.<\/p>\n<\/div>\n<div class=\"mc-column content-text active-extra-styles \" style=\"text-align: justify;\" data-block-type=\"unstyled\" data-block-weight=\"28\" data-block-id=\"38\">\n<p class=\"content-text__container \" data-track-category=\"Link no Texto\" data-track-links=\"\">As unidades criavam mink, uma esp\u00e9cie de mam\u00edfero usado na produ\u00e7\u00e3o de casacos de pele, e foram interditadas ap\u00f3s identificar que um dos animais apresentava dificuldade de respira\u00e7\u00e3o.<\/p>\n<\/div>\n<div class=\"mc-column content-text active-extra-styles \" style=\"text-align: justify;\" data-block-type=\"unstyled\" data-block-weight=\"30\" data-block-id=\"39\">\n<p class=\"content-text__container \" data-track-category=\"Link no Texto\" data-track-links=\"\">O governo pediu que as pessoas relatem outros casos prov\u00e1veis \u200b\u200bnos animais e informou acreditar que o animal tenha se infectado a partir de um funcion\u00e1rio portador do v\u00edrus Sars-Cov-2.<\/p>\n<\/div>\n<div class=\"mc-column content-media content-video\" data-block-type=\"backstage-video\" data-block-id=\"40\">\n<div class=\"content-media__container\">\n<div class=\"content-video__bigger-player-description-fixer content-media__container--loaded\" style=\"text-align: justify;\">\n<div class=\"content-video__video\">\n<div id=\"wp3-player-2\" class=\"nocursor clappr-player\" tabindex=\"9999\" data-player=\"\">\n<div class=\"media-control media-control-hide\">\n<div class=\"media-control-panel\">\n<div class=\"media-control-panel__lower\" data-controls=\"\">\n<div class=\"opposites-container\">\n<div class=\"media-control-position__left\">\n<div class=\"dfp-countdown media-control-element dfp-countdown--hidden\"><img decoding=\"async\" class=\"content-video__placeholder__thumb\" title=\"Coronav\u00edrus: sintomas, risco no Brasil e tudo o que se sabe at\u00e9 agora\" src=\"https:\/\/s01.video.glbimg.com\/x720\/8282452.jpg\" alt=\"Coronav\u00edrus: sintomas, risco no Brasil e tudo o que se sabe at\u00e9 agora\" \/><\/div>\n<\/div>\n<\/div>\n<\/div>\n<\/div>\n<\/div>\n<\/div>\n<\/div>\n<\/div>\n<p class=\"content-media__description\" style=\"text-align: justify;\">Coronav\u00edrus: sintomas, risco no Brasil e tudo o que se sabe at\u00e9 agora<\/p>\n<p style=\"text-align: justify;\">Fonte: https:\/\/g1.globo.com\/bemestar\/coronavirus\/noticia\/2020\/04\/26\/ultimas-noticias-de-coronavirus-de-26-de-abril-1.ghtml<\/p>\n<\/div>\n<\/div>\n<\/div>\n<\/div>\n","protected":false},"excerpt":{"rendered":"<p>\u00daltimas not\u00edcias de coronav\u00edrus de 26 de abril. China anuncia 11\u00ba dia seguido sem mortes por Covid-19; A Argentina estendeu o per\u00edodo de isolamento at\u00e9 o dia 10 de maio. O levantamento da universidade norte-americana Johns Hopkins deste domingo (26) aponta que h\u00e1 mais de 2,9 milh\u00f5es de casos confirmados de coronav\u00edrus e ao menos [&hellip;]<\/p>\n","protected":false},"author":1,"featured_media":24627,"comment_status":"closed","ping_status":"open","sticky":false,"template":"","format":"standard","meta":{"footnotes":""},"categories":[110,122],"tags":[],"class_list":["post-24626","post","type-post","status-publish","format-standard","has-post-thumbnail","hentry","category-noticiasdestaque","category-saudeeducacaoeconcurso"],"_links":{"self":[{"href":"https:\/\/jorgezanoni.com.br\/2019\/wp-json\/wp\/v2\/posts\/24626","targetHints":{"allow":["GET"]}}],"collection":[{"href":"https:\/\/jorgezanoni.com.br\/2019\/wp-json\/wp\/v2\/posts"}],"about":[{"href":"https:\/\/jorgezanoni.com.br\/2019\/wp-json\/wp\/v2\/types\/post"}],"author":[{"embeddable":true,"href":"https:\/\/jorgezanoni.com.br\/2019\/wp-json\/wp\/v2\/users\/1"}],"replies":[{"embeddable":true,"href":"https:\/\/jorgezanoni.com.br\/2019\/wp-json\/wp\/v2\/comments?post=24626"}],"version-history":[{"count":0,"href":"https:\/\/jorgezanoni.com.br\/2019\/wp-json\/wp\/v2\/posts\/24626\/revisions"}],"wp:featuredmedia":[{"embeddable":true,"href":"https:\/\/jorgezanoni.com.br\/2019\/wp-json\/wp\/v2\/media\/24627"}],"wp:attachment":[{"href":"https:\/\/jorgezanoni.com.br\/2019\/wp-json\/wp\/v2\/media?parent=24626"}],"wp:term":[{"taxonomy":"category","embeddable":true,"href":"https:\/\/jorgezanoni.com.br\/2019\/wp-json\/wp\/v2\/categories?post=24626"},{"taxonomy":"post_tag","embeddable":true,"href":"https:\/\/jorgezanoni.com.br\/2019\/wp-json\/wp\/v2\/tags?post=24626"}],"curies":[{"name":"wp","href":"https:\/\/api.w.org\/{rel}","templated":true}]}}