{"id":2462,"date":"2019-07-31T02:32:17","date_gmt":"2019-07-31T02:32:17","guid":{"rendered":"https:\/\/jorgezanoni.com.br\/2019\/?p=2462"},"modified":"2019-07-31T02:32:17","modified_gmt":"2019-07-31T02:32:17","slug":"jovem-tem-morte-cerebral-apos-cair-de-moto-em-rodovia-no-interior-de-sp","status":"publish","type":"post","link":"https:\/\/jorgezanoni.com.br\/2019\/jovem-tem-morte-cerebral-apos-cair-de-moto-em-rodovia-no-interior-de-sp\/","title":{"rendered":"Jovem tem morte cerebral ap\u00f3s cair de moto em rodovia no interior de SP"},"content":{"rendered":"<h2 class=\"content-head__subtitle\"><strong>V\u00edtima estava na garupa de uma moto quando ela e o piloto ca\u00edram na rodovia Raposo Tavares, em Palmital.<\/strong><\/h2>\n<div class=\"mc-column content-text active-extra-styles \" data-block-type=\"unstyled\" data-block-weight=\"25\" data-block-id=\"2\">\n<p class=\"content-text__container \" style=\"text-align: justify;\" data-track-category=\"Link no Texto\" data-track-links=\"\">A jovem Yara Siqueira, de 23 anos, morreu dois dias depois de um acidente de moto sofrido na noite de s\u00e1bado (27), em Palmital (SP).<\/p>\n<\/div>\n<div class=\"wall protected-content\">\n<div class=\"mc-column content-text active-extra-styles \" style=\"text-align: justify;\" data-block-type=\"unstyled\" data-block-weight=\"27\" data-block-id=\"3\">\n<p class=\"content-text__container \" data-track-category=\"Link no Texto\" data-track-links=\"\">Segundo a Pol\u00edcia Rodovi\u00e1ria, Yara estava na garupa de uma moto com o namorado quando os dois ca\u00edram na altura do quil\u00f4metro 427 da rodovia Raposo Tavares.<\/p>\n<\/div>\n<div class=\"mc-column content-text active-extra-styles \" style=\"text-align: justify;\" data-block-type=\"unstyled\" data-block-weight=\"28\" data-block-id=\"4\">\n<p class=\"content-text__container \" data-track-category=\"Link no Texto\" data-track-links=\"\">O motociclista teve ferimentos leves, mas a jovem sofreu ferimentos graves na cabe\u00e7a, mesmo com capacete, e foi levada ao Hospital Regional de Assis (SP), cidade onde morava.<\/p>\n<\/div>\n<div class=\"mc-column content-text active-extra-styles \" style=\"text-align: justify;\" data-block-type=\"unstyled\" data-block-weight=\"24\" data-block-id=\"5\">\n<p class=\"content-text__container \" data-track-category=\"Link no Texto\" data-track-links=\"\">Ap\u00f3s dois dias internada, ela teve morte cerebral constatada no final da tarde de segunda-feira (29). Ainda n\u00e3o h\u00e1 informa\u00e7\u00f5es sobre vel\u00f3rio e enterro.<\/p>\n<\/div>\n<div class=\"mc-column content-text active-extra-styles \" data-block-type=\"unstyled\" data-block-weight=\"10\" data-block-id=\"6\">\n<p class=\"content-text__container \" style=\"text-align: justify;\" data-track-category=\"Link no Texto\" data-track-links=\"\">A Pol\u00edcia Civil deve investigar as causas do acidente.<\/p>\n<p data-track-category=\"Link no Texto\" data-track-links=\"\">Fonte: G1<\/p>\n<\/div>\n<\/div>\n","protected":false},"excerpt":{"rendered":"<p>V\u00edtima estava na garupa de uma moto quando ela e o piloto ca\u00edram na rodovia Raposo Tavares, em Palmital. A jovem Yara Siqueira, de 23 anos, morreu dois dias depois de um acidente de moto sofrido na noite de s\u00e1bado (27), em Palmital (SP). Segundo a Pol\u00edcia Rodovi\u00e1ria, Yara estava na garupa de uma moto [&hellip;]<\/p>\n","protected":false},"author":1,"featured_media":2463,"comment_status":"closed","ping_status":"open","sticky":false,"template":"","format":"standard","meta":{"footnotes":""},"categories":[170,110],"tags":[],"class_list":["post-2462","post","type-post","status-publish","format-standard","has-post-thumbnail","hentry","category-acidentes","category-noticiasdestaque"],"_links":{"self":[{"href":"https:\/\/jorgezanoni.com.br\/2019\/wp-json\/wp\/v2\/posts\/2462","targetHints":{"allow":["GET"]}}],"collection":[{"href":"https:\/\/jorgezanoni.com.br\/2019\/wp-json\/wp\/v2\/posts"}],"about":[{"href":"https:\/\/jorgezanoni.com.br\/2019\/wp-json\/wp\/v2\/types\/post"}],"author":[{"embeddable":true,"href":"https:\/\/jorgezanoni.com.br\/2019\/wp-json\/wp\/v2\/users\/1"}],"replies":[{"embeddable":true,"href":"https:\/\/jorgezanoni.com.br\/2019\/wp-json\/wp\/v2\/comments?post=2462"}],"version-history":[{"count":0,"href":"https:\/\/jorgezanoni.com.br\/2019\/wp-json\/wp\/v2\/posts\/2462\/revisions"}],"wp:featuredmedia":[{"embeddable":true,"href":"https:\/\/jorgezanoni.com.br\/2019\/wp-json\/wp\/v2\/media\/2463"}],"wp:attachment":[{"href":"https:\/\/jorgezanoni.com.br\/2019\/wp-json\/wp\/v2\/media?parent=2462"}],"wp:term":[{"taxonomy":"category","embeddable":true,"href":"https:\/\/jorgezanoni.com.br\/2019\/wp-json\/wp\/v2\/categories?post=2462"},{"taxonomy":"post_tag","embeddable":true,"href":"https:\/\/jorgezanoni.com.br\/2019\/wp-json\/wp\/v2\/tags?post=2462"}],"curies":[{"name":"wp","href":"https:\/\/api.w.org\/{rel}","templated":true}]}}