{"id":24582,"date":"2020-04-25T20:27:28","date_gmt":"2020-04-25T20:27:28","guid":{"rendered":"https:\/\/jorgezanoni.com.br\/2019\/?p=24582"},"modified":"2020-04-25T20:30:14","modified_gmt":"2020-04-25T20:30:14","slug":"exame-de-laboratorio-particular-confirma-primeiro-caso-de-covid-19-de-tupi-paulista","status":"publish","type":"post","link":"https:\/\/jorgezanoni.com.br\/2019\/exame-de-laboratorio-particular-confirma-primeiro-caso-de-covid-19-de-tupi-paulista\/","title":{"rendered":"Exame de laborat\u00f3rio particular confirma primeiro caso de Covid-19 de Tupi Paulista"},"content":{"rendered":"<h2 class=\"content-head__subtitle\" style=\"text-align: justify;\"><strong>Prefeitura informou que a v\u00edtima \u00e9 um agente penitenci\u00e1rio, de 43 anos, que est\u00e1 bem e em isolamento domiciliar. N\u00e3o ser\u00e1 pedida contraprova.<\/strong><\/h2>\n<div class=\"mc-column content-text active-extra-styles \" data-block-type=\"unstyled\" data-block-weight=\"37\" data-block-id=\"2\">\n<p class=\"content-text__container \" style=\"text-align: justify;\" data-track-category=\"Link no Texto\" data-track-links=\"\">A Secretaria Municipal de Sa\u00fade de\u00a0<a href=\"https:\/\/g1.globo.com\/sp\/presidente-prudente-regiao\/cidade\/tupi-paulista\/\">Tupi Paulista<\/a>\u00a0confirmou o primeiro caso positivo de Covid-19, neste s\u00e1bado (25). Conforme a pasta, a v\u00edtima \u00e9 um homem de 43 anos e o resultado \u00e9 de um laborat\u00f3rio particular.<\/p>\n<\/div>\n<div class=\"wall protected-content\">\n<div class=\"mc-column content-text active-extra-styles \" style=\"text-align: justify;\" data-block-type=\"unstyled\" data-block-weight=\"49\" data-block-id=\"3\">\n<p class=\"content-text__container \" data-track-category=\"Link no Texto\" data-track-links=\"\">Ainda segundo a secretaria, o paciente \u00e9 um agente penitenci\u00e1rio. Ele est\u00e1 bem e em isolamento domiciliar. O resultado do exame foi informado no final desta sexta-feira (24) por laborat\u00f3rio que n\u00e3o \u00e9 credenciado ao Instituto Adolfo Lutz. Mesmo assim, o munic\u00edpio disse que n\u00e3o ser\u00e1 pedida uma contraprova.<\/p>\n<\/div>\n<div class=\"mc-column content-text active-extra-styles \" style=\"text-align: justify;\" data-block-type=\"unstyled\" data-block-weight=\"39\" data-block-id=\"4\">\n<p class=\"content-text__container \" data-track-category=\"Link no Texto\" data-track-links=\"\">&#8220;A Vigil\u00e2ncia Epidemiol\u00f3gica Municipal j\u00e1 adotou todas as medidas sanit\u00e1rias de conten\u00e7\u00e3o e combate \u00e0 Covid-19. Os familiares, a Administra\u00e7\u00e3o Penitenci\u00e1ria e outros contatos foram orientados quanto ao isolamento social e aos sintomas respirat\u00f3rios da doen\u00e7a&#8221;, informou a Prefeitura.<\/p>\n<\/div>\n<div class=\"mc-column content-text active-extra-styles \" style=\"text-align: justify;\" data-block-type=\"unstyled\" data-block-weight=\"25\" data-block-id=\"5\">\n<p class=\"content-text__container \" data-track-category=\"Link no Texto\" data-track-links=\"\">A Secretaria de Sa\u00fade afirmou que continua a realizar o rastreamento de pessoas que tiveram o contato com os familiares e com o caso confirmado.<\/p>\n<\/div>\n<div class=\"mc-column content-text active-extra-styles \" data-block-type=\"unstyled\" data-block-weight=\"8\" data-block-id=\"6\">\n<p class=\"content-text__container \" style=\"text-align: justify;\" data-track-category=\"Link no Texto\" data-track-links=\"\">Esse era o \u00fanico caso suspeito do munic\u00edpio.<\/p>\n<p style=\"text-align: justify;\" data-track-category=\"Link no Texto\" data-track-links=\"\">Fonte: G1<\/p>\n<\/div>\n<\/div>\n","protected":false},"excerpt":{"rendered":"<p>Prefeitura informou que a v\u00edtima \u00e9 um agente penitenci\u00e1rio, de 43 anos, que est\u00e1 bem e em isolamento domiciliar. N\u00e3o ser\u00e1 pedida contraprova. A Secretaria Municipal de Sa\u00fade de\u00a0Tupi Paulista\u00a0confirmou o primeiro caso positivo de Covid-19, neste s\u00e1bado (25). Conforme a pasta, a v\u00edtima \u00e9 um homem de 43 anos e o resultado \u00e9 de [&hellip;]<\/p>\n","protected":false},"author":1,"featured_media":24583,"comment_status":"closed","ping_status":"open","sticky":false,"template":"","format":"standard","meta":{"footnotes":""},"categories":[179,110,185],"tags":[],"class_list":["post-24582","post","type-post","status-publish","format-standard","has-post-thumbnail","hentry","category-cidadeseregiao","category-noticiasdestaque","category-tupipaulista"],"_links":{"self":[{"href":"https:\/\/jorgezanoni.com.br\/2019\/wp-json\/wp\/v2\/posts\/24582","targetHints":{"allow":["GET"]}}],"collection":[{"href":"https:\/\/jorgezanoni.com.br\/2019\/wp-json\/wp\/v2\/posts"}],"about":[{"href":"https:\/\/jorgezanoni.com.br\/2019\/wp-json\/wp\/v2\/types\/post"}],"author":[{"embeddable":true,"href":"https:\/\/jorgezanoni.com.br\/2019\/wp-json\/wp\/v2\/users\/1"}],"replies":[{"embeddable":true,"href":"https:\/\/jorgezanoni.com.br\/2019\/wp-json\/wp\/v2\/comments?post=24582"}],"version-history":[{"count":0,"href":"https:\/\/jorgezanoni.com.br\/2019\/wp-json\/wp\/v2\/posts\/24582\/revisions"}],"wp:featuredmedia":[{"embeddable":true,"href":"https:\/\/jorgezanoni.com.br\/2019\/wp-json\/wp\/v2\/media\/24583"}],"wp:attachment":[{"href":"https:\/\/jorgezanoni.com.br\/2019\/wp-json\/wp\/v2\/media?parent=24582"}],"wp:term":[{"taxonomy":"category","embeddable":true,"href":"https:\/\/jorgezanoni.com.br\/2019\/wp-json\/wp\/v2\/categories?post=24582"},{"taxonomy":"post_tag","embeddable":true,"href":"https:\/\/jorgezanoni.com.br\/2019\/wp-json\/wp\/v2\/tags?post=24582"}],"curies":[{"name":"wp","href":"https:\/\/api.w.org\/{rel}","templated":true}]}}