{"id":24578,"date":"2020-04-25T19:59:09","date_gmt":"2020-04-25T19:59:09","guid":{"rendered":"https:\/\/jorgezanoni.com.br\/2019\/?p=24578"},"modified":"2020-04-25T20:00:06","modified_gmt":"2020-04-25T20:00:06","slug":"acidente-entre-moto-e-bicicleta-na-avenida-washington-luiz","status":"publish","type":"post","link":"https:\/\/jorgezanoni.com.br\/2019\/acidente-entre-moto-e-bicicleta-na-avenida-washington-luiz\/","title":{"rendered":"Acidente entre moto e bicicleta na avenida Washington Luiz"},"content":{"rendered":"<p style=\"text-align: justify;\">Por volta de 12:00 Horas deste s\u00e1bado (25), foi registrado uma colis\u00e3o na avenida Washington Luiz no bairro Metr\u00f3pole.<\/p>\n<p style=\"text-align: justify;\">Segundo informa\u00e7\u00f5es obtidas no local pela reportagem do Site JZ, bateram uma motocicleta e uma bicicleta.<\/p>\n<p style=\"text-align: justify;\">O Ciclista fazia o sentido bairro-centro pela rua Al\u00e9cio Peroso, quando estava atravessando a avenida Washington Luiz e acabou colidido pela motocicleta que fazia o sentido bairro-centro pela avenida.<\/p>\n<p style=\"text-align: justify;\">Os dois condutores tiveram escoria\u00e7\u00f5es, por\u00e9m n\u00e3o precisaram de socorro. O Ciclista disse que estava com fone de ouvido e distra\u00eddo n\u00e3o viu a moto se aproximando.<\/p>\n<p style=\"text-align: justify;\">As Pol\u00edcias Civil e T\u00e9cnica compareceram ao local.<\/p>\n<p><img loading=\"lazy\" decoding=\"async\" class=\"alignnone size-full wp-image-24579\" src=\"https:\/\/jorgezanoni.com.br\/2019\/wp-content\/uploads\/2020\/04\/IMG_3648-2.jpg\" alt=\"\" width=\"800\" height=\"770\" srcset=\"https:\/\/jorgezanoni.com.br\/2019\/wp-content\/uploads\/2020\/04\/IMG_3648-2.jpg 800w, https:\/\/jorgezanoni.com.br\/2019\/wp-content\/uploads\/2020\/04\/IMG_3648-2-300x289.jpg 300w, https:\/\/jorgezanoni.com.br\/2019\/wp-content\/uploads\/2020\/04\/IMG_3648-2-768x739.jpg 768w, https:\/\/jorgezanoni.com.br\/2019\/wp-content\/uploads\/2020\/04\/IMG_3648-2-696x670.jpg 696w, https:\/\/jorgezanoni.com.br\/2019\/wp-content\/uploads\/2020\/04\/IMG_3648-2-436x420.jpg 436w\" sizes=\"auto, (max-width: 800px) 100vw, 800px\" \/><\/p>\n<p style=\"text-align: justify;\">Jorge Zanoni<\/p>\n<p style=\"text-align: justify;\">\n","protected":false},"excerpt":{"rendered":"<p>Por volta de 12:00 Horas deste s\u00e1bado (25), foi registrado uma colis\u00e3o na avenida Washington Luiz no bairro Metr\u00f3pole. Segundo informa\u00e7\u00f5es obtidas no local pela reportagem do Site JZ, bateram uma motocicleta e uma bicicleta. O Ciclista fazia o sentido bairro-centro pela rua Al\u00e9cio Peroso, quando estava atravessando a avenida Washington Luiz e acabou colidido [&hellip;]<\/p>\n","protected":false},"author":1,"featured_media":24580,"comment_status":"closed","ping_status":"open","sticky":false,"template":"","format":"standard","meta":{"footnotes":""},"categories":[170,110],"tags":[],"class_list":["post-24578","post","type-post","status-publish","format-standard","has-post-thumbnail","hentry","category-acidentes","category-noticiasdestaque"],"_links":{"self":[{"href":"https:\/\/jorgezanoni.com.br\/2019\/wp-json\/wp\/v2\/posts\/24578","targetHints":{"allow":["GET"]}}],"collection":[{"href":"https:\/\/jorgezanoni.com.br\/2019\/wp-json\/wp\/v2\/posts"}],"about":[{"href":"https:\/\/jorgezanoni.com.br\/2019\/wp-json\/wp\/v2\/types\/post"}],"author":[{"embeddable":true,"href":"https:\/\/jorgezanoni.com.br\/2019\/wp-json\/wp\/v2\/users\/1"}],"replies":[{"embeddable":true,"href":"https:\/\/jorgezanoni.com.br\/2019\/wp-json\/wp\/v2\/comments?post=24578"}],"version-history":[{"count":0,"href":"https:\/\/jorgezanoni.com.br\/2019\/wp-json\/wp\/v2\/posts\/24578\/revisions"}],"wp:featuredmedia":[{"embeddable":true,"href":"https:\/\/jorgezanoni.com.br\/2019\/wp-json\/wp\/v2\/media\/24580"}],"wp:attachment":[{"href":"https:\/\/jorgezanoni.com.br\/2019\/wp-json\/wp\/v2\/media?parent=24578"}],"wp:term":[{"taxonomy":"category","embeddable":true,"href":"https:\/\/jorgezanoni.com.br\/2019\/wp-json\/wp\/v2\/categories?post=24578"},{"taxonomy":"post_tag","embeddable":true,"href":"https:\/\/jorgezanoni.com.br\/2019\/wp-json\/wp\/v2\/tags?post=24578"}],"curies":[{"name":"wp","href":"https:\/\/api.w.org\/{rel}","templated":true}]}}