{"id":2456,"date":"2019-07-31T01:53:01","date_gmt":"2019-07-31T01:53:01","guid":{"rendered":"https:\/\/jorgezanoni.com.br\/2019\/?p=2456"},"modified":"2019-07-31T01:53:30","modified_gmt":"2019-07-31T01:53:30","slug":"chuva-de-granizo-cobre-vicinal-de-gelo-e-chama-atencao-de-motoristas-no-interior-de-sp","status":"publish","type":"post","link":"https:\/\/jorgezanoni.com.br\/2019\/chuva-de-granizo-cobre-vicinal-de-gelo-e-chama-atencao-de-motoristas-no-interior-de-sp\/","title":{"rendered":"Chuva de granizo cobre vicinal de gelo e chama aten\u00e7\u00e3o de motoristas no interior de SP"},"content":{"rendered":"<h2 class=\"content-head__subtitle\" style=\"text-align: justify;\"><strong>Ap\u00f3s estiagem de duas semanas, motoristas enfrentaram chuva com granizo que deixou vicinal em Santa Cruz do Pardo (SP) coberta de gelo e com &#8216;cara&#8217; de estrada europeia. Carros foram danificados, mas n\u00e3o houve acidentes.<\/strong><\/h2>\n<p style=\"text-align: justify;\">Uma chuva de granizo foi registrada na tarde desta ter\u00e7a-feira (30) e mudou a paisagem em uma rodovia vicinal que liga Santa Cruz do Rio Pardo a S\u00e3o Pedro do Turvo, no interior paulista.<\/p>\n<div class=\"mc-column content-text active-extra-styles \" style=\"text-align: justify;\" data-block-type=\"unstyled\" data-block-weight=\"19\" data-block-id=\"4\">\n<p class=\"content-text__container \" data-track-category=\"Link no Texto\" data-track-links=\"\">O temporal foi r\u00e1pido e chegou depois de duas semanas sem o registro de chuvas no Centro-Oeste Paulista.<\/p>\n<\/div>\n<div class=\"mc-column content-text active-extra-styles \" data-block-type=\"unstyled\" data-block-weight=\"32\" data-block-id=\"5\">\n<p class=\"content-text__container \" style=\"text-align: justify;\" data-track-category=\"Link no Texto\" data-track-links=\"\">Por conta do gelo acumulado no asfalto, alguns motoristas chegaram a parar os ve\u00edculos no acostamento. A pista ficou coberta de gelo e deixou a vicinal com &#8216;cara&#8217; de estrada europeia.<img loading=\"lazy\" decoding=\"async\" class=\"alignnone size-full wp-image-2457\" src=\"https:\/\/jorgezanoni.com.br\/2019\/wp-content\/uploads\/2019\/07\/gelo1.jpeg\" alt=\"\" width=\"1000\" height=\"725\" srcset=\"https:\/\/jorgezanoni.com.br\/2019\/wp-content\/uploads\/2019\/07\/gelo1.jpeg 1000w, https:\/\/jorgezanoni.com.br\/2019\/wp-content\/uploads\/2019\/07\/gelo1-300x218.jpeg 300w, https:\/\/jorgezanoni.com.br\/2019\/wp-content\/uploads\/2019\/07\/gelo1-768x557.jpeg 768w, https:\/\/jorgezanoni.com.br\/2019\/wp-content\/uploads\/2019\/07\/gelo1-324x235.jpeg 324w, https:\/\/jorgezanoni.com.br\/2019\/wp-content\/uploads\/2019\/07\/gelo1-696x505.jpeg 696w, https:\/\/jorgezanoni.com.br\/2019\/wp-content\/uploads\/2019\/07\/gelo1-579x420.jpeg 579w\" sizes=\"auto, (max-width: 1000px) 100vw, 1000px\" \/><\/p>\n<div class=\"mc-column content-text active-extra-styles \" data-block-type=\"unstyled\" data-block-weight=\"24\" data-block-id=\"8\">\n<p class=\"content-text__container \" style=\"text-align: justify;\" data-track-category=\"Link no Texto\" data-track-links=\"\">De acordo com a Pol\u00edcia Militar Rodovi\u00e1ria, n\u00e3o foram registrados acidentes, mas alguns carros acabaram danificados ao serem atingidos pelas pedras de gelo.<\/p>\n<\/div>\n<div class=\"mc-column content-text active-extra-styles \" data-block-type=\"unstyled\" data-block-weight=\"12\" data-block-id=\"9\">\n<p class=\"content-text__container \" style=\"text-align: justify;\" data-track-category=\"Link no Texto\" data-track-links=\"\">Al\u00e9m disso, alguns propriet\u00e1rios rurais da regi\u00e3o relataram estragos em planta\u00e7\u00f5es.<img loading=\"lazy\" decoding=\"async\" class=\"alignnone size-full wp-image-2458\" src=\"https:\/\/jorgezanoni.com.br\/2019\/wp-content\/uploads\/2019\/07\/gelo2.jpeg\" alt=\"\" width=\"1000\" height=\"750\" srcset=\"https:\/\/jorgezanoni.com.br\/2019\/wp-content\/uploads\/2019\/07\/gelo2.jpeg 1000w, https:\/\/jorgezanoni.com.br\/2019\/wp-content\/uploads\/2019\/07\/gelo2-300x225.jpeg 300w, https:\/\/jorgezanoni.com.br\/2019\/wp-content\/uploads\/2019\/07\/gelo2-768x576.jpeg 768w, https:\/\/jorgezanoni.com.br\/2019\/wp-content\/uploads\/2019\/07\/gelo2-80x60.jpeg 80w, https:\/\/jorgezanoni.com.br\/2019\/wp-content\/uploads\/2019\/07\/gelo2-265x198.jpeg 265w, https:\/\/jorgezanoni.com.br\/2019\/wp-content\/uploads\/2019\/07\/gelo2-696x522.jpeg 696w, https:\/\/jorgezanoni.com.br\/2019\/wp-content\/uploads\/2019\/07\/gelo2-560x420.jpeg 560w\" sizes=\"auto, (max-width: 1000px) 100vw, 1000px\" \/><\/p>\n<p data-track-category=\"Link no Texto\" data-track-links=\"\">Fonte: https:\/\/g1.globo.com\/sp\/bauru-marilia\/noticia\/2019\/07\/30\/chuva-de-granizo-cobre-vicinal-de-gelo-e-chama-atencao-de-motoristas-no-interior-de-sp.ghtml<\/p>\n<\/div>\n<\/div>\n","protected":false},"excerpt":{"rendered":"<p>Ap\u00f3s estiagem de duas semanas, motoristas enfrentaram chuva com granizo que deixou vicinal em Santa Cruz do Pardo (SP) coberta de gelo e com &#8216;cara&#8217; de estrada europeia. Carros foram danificados, mas n\u00e3o houve acidentes. Uma chuva de granizo foi registrada na tarde desta ter\u00e7a-feira (30) e mudou a paisagem em uma rodovia vicinal que [&hellip;]<\/p>\n","protected":false},"author":1,"featured_media":2459,"comment_status":"closed","ping_status":"open","sticky":false,"template":"","format":"standard","meta":{"footnotes":""},"categories":[114,110],"tags":[],"class_list":["post-2456","post","type-post","status-publish","format-standard","has-post-thumbnail","hentry","category-geralecomercio","category-noticiasdestaque"],"_links":{"self":[{"href":"https:\/\/jorgezanoni.com.br\/2019\/wp-json\/wp\/v2\/posts\/2456","targetHints":{"allow":["GET"]}}],"collection":[{"href":"https:\/\/jorgezanoni.com.br\/2019\/wp-json\/wp\/v2\/posts"}],"about":[{"href":"https:\/\/jorgezanoni.com.br\/2019\/wp-json\/wp\/v2\/types\/post"}],"author":[{"embeddable":true,"href":"https:\/\/jorgezanoni.com.br\/2019\/wp-json\/wp\/v2\/users\/1"}],"replies":[{"embeddable":true,"href":"https:\/\/jorgezanoni.com.br\/2019\/wp-json\/wp\/v2\/comments?post=2456"}],"version-history":[{"count":0,"href":"https:\/\/jorgezanoni.com.br\/2019\/wp-json\/wp\/v2\/posts\/2456\/revisions"}],"wp:featuredmedia":[{"embeddable":true,"href":"https:\/\/jorgezanoni.com.br\/2019\/wp-json\/wp\/v2\/media\/2459"}],"wp:attachment":[{"href":"https:\/\/jorgezanoni.com.br\/2019\/wp-json\/wp\/v2\/media?parent=2456"}],"wp:term":[{"taxonomy":"category","embeddable":true,"href":"https:\/\/jorgezanoni.com.br\/2019\/wp-json\/wp\/v2\/categories?post=2456"},{"taxonomy":"post_tag","embeddable":true,"href":"https:\/\/jorgezanoni.com.br\/2019\/wp-json\/wp\/v2\/tags?post=2456"}],"curies":[{"name":"wp","href":"https:\/\/api.w.org\/{rel}","templated":true}]}}