{"id":24547,"date":"2020-04-25T02:05:32","date_gmt":"2020-04-25T02:05:32","guid":{"rendered":"https:\/\/jorgezanoni.com.br\/2019\/?p=24547"},"modified":"2020-04-25T02:05:32","modified_gmt":"2020-04-25T02:05:32","slug":"homem-de-42-anos-morre-apos-acidente-com-moto-na-avenida-rio-branco-em-adamantina","status":"publish","type":"post","link":"https:\/\/jorgezanoni.com.br\/2019\/homem-de-42-anos-morre-apos-acidente-com-moto-na-avenida-rio-branco-em-adamantina\/","title":{"rendered":"Homem de 42 anos morre ap\u00f3s acidente com moto na Avenida Rio Branco em Adamantina"},"content":{"rendered":"<h2 class=\"subtitulo\" style=\"text-align: justify;\"><strong>Sepultamento de Renato Zanardo, v\u00edtima do acidente, est\u00e1 previsto para este s\u00e1bado (25).<\/strong><\/h2>\n<p style=\"font-weight: 400; text-align: justify;\">Um acidente de tr\u00e2nsito na tarde desta sexta-feira (24) provocou a morte do aut\u00f4nomo Renato Zanardo, de 42 anos. O acidente foi na Avenida Rio Branco, altura do centro comunit\u00e1rio do Jardim Primavera. H\u00e1 pelo menos dois obst\u00e1culos redutores de velocidade nessa regi\u00e3o.<\/p>\n<p style=\"font-weight: 400; text-align: justify;\">Ele transitava com a moto e teria perdido o controle da dire\u00e7\u00e3o, no local, invadiu a m\u00e3o contr\u00e1ria e caiu ao solo, quando ent\u00e3o teria sido colhido por outra motocicleta.<\/p>\n<p style=\"font-weight: 400; text-align: justify;\">O aut\u00f4nomo ficou ao solo at\u00e9 a chegada da equipe de resgate do Corpo de Bombeiros. Ele foi socorrido com parada cardiorrespirat\u00f3ria e encaminhado ao pronto-socorro da Santa Casa. Mesmo com as tentativas de reanima\u00e7\u00e3o, Zanardo n\u00e3o resistiu.<\/p>\n<p style=\"font-weight: 400; text-align: justify;\">Laudos ir\u00e3o identificar as causas e eventuais responsabilidades do acidente. O corpo da v\u00edtima aguarda o trabalho dos peritos do Instituto M\u00e9dico Legal (IML). Somente ap\u00f3s a per\u00edcia, dever\u00e1 ser liberado aos familiares.\u00a0\u00a0O caso ser\u00e1 investigado pela Pol\u00edcia Civil<\/p>\n<p style=\"font-weight: 400; text-align: justify;\">Segundo a Organiza\u00e7\u00e3o Haddad, o corpo do aut\u00f4nomo vai ser velado no Vel\u00f3rio Municipal da Saudade, sala 1, com sepultamento previsto para 16h30.<\/p>\n<p style=\"text-align: justify;\">Fonte: sigamais.com<\/p>\n","protected":false},"excerpt":{"rendered":"<p>Sepultamento de Renato Zanardo, v\u00edtima do acidente, est\u00e1 previsto para este s\u00e1bado (25). Um acidente de tr\u00e2nsito na tarde desta sexta-feira (24) provocou a morte do aut\u00f4nomo Renato Zanardo, de 42 anos. O acidente foi na Avenida Rio Branco, altura do centro comunit\u00e1rio do Jardim Primavera. H\u00e1 pelo menos dois obst\u00e1culos redutores de velocidade nessa [&hellip;]<\/p>\n","protected":false},"author":1,"featured_media":24548,"comment_status":"closed","ping_status":"open","sticky":false,"template":"","format":"standard","meta":{"footnotes":""},"categories":[170,110],"tags":[],"class_list":["post-24547","post","type-post","status-publish","format-standard","has-post-thumbnail","hentry","category-acidentes","category-noticiasdestaque"],"_links":{"self":[{"href":"https:\/\/jorgezanoni.com.br\/2019\/wp-json\/wp\/v2\/posts\/24547","targetHints":{"allow":["GET"]}}],"collection":[{"href":"https:\/\/jorgezanoni.com.br\/2019\/wp-json\/wp\/v2\/posts"}],"about":[{"href":"https:\/\/jorgezanoni.com.br\/2019\/wp-json\/wp\/v2\/types\/post"}],"author":[{"embeddable":true,"href":"https:\/\/jorgezanoni.com.br\/2019\/wp-json\/wp\/v2\/users\/1"}],"replies":[{"embeddable":true,"href":"https:\/\/jorgezanoni.com.br\/2019\/wp-json\/wp\/v2\/comments?post=24547"}],"version-history":[{"count":0,"href":"https:\/\/jorgezanoni.com.br\/2019\/wp-json\/wp\/v2\/posts\/24547\/revisions"}],"wp:featuredmedia":[{"embeddable":true,"href":"https:\/\/jorgezanoni.com.br\/2019\/wp-json\/wp\/v2\/media\/24548"}],"wp:attachment":[{"href":"https:\/\/jorgezanoni.com.br\/2019\/wp-json\/wp\/v2\/media?parent=24547"}],"wp:term":[{"taxonomy":"category","embeddable":true,"href":"https:\/\/jorgezanoni.com.br\/2019\/wp-json\/wp\/v2\/categories?post=24547"},{"taxonomy":"post_tag","embeddable":true,"href":"https:\/\/jorgezanoni.com.br\/2019\/wp-json\/wp\/v2\/tags?post=24547"}],"curies":[{"name":"wp","href":"https:\/\/api.w.org\/{rel}","templated":true}]}}