{"id":24544,"date":"2020-04-25T01:49:20","date_gmt":"2020-04-25T01:49:20","guid":{"rendered":"https:\/\/jorgezanoni.com.br\/2019\/?p=24544"},"modified":"2020-04-25T01:49:20","modified_gmt":"2020-04-25T01:49:20","slug":"crianca-de-um-ano-morre-afogada-em-andradina","status":"publish","type":"post","link":"https:\/\/jorgezanoni.com.br\/2019\/crianca-de-um-ano-morre-afogada-em-andradina\/","title":{"rendered":"Crian\u00e7a de um ano morre afogada em Andradina"},"content":{"rendered":"<h2 style=\"text-align: justify;\"><strong>Uma menina de aproximadamente 1 ano se afogou hoje no bairro Santa Cec\u00edlia.<\/strong><\/h2>\n<p style=\"text-align: justify;\">O afogamento aconteceu em uma piscina. O caso aconteceu por volta das 11 horas desta sexta-feira (24) no bairro Santa Cec\u00edlia. A pequena Emauella teria ca\u00eddo na piscina enquanto os adultos dormiam.<\/p>\n<p style=\"text-align: justify;\">A crian\u00e7a foi encontrada pela m\u00e3e. A grade de prote\u00e7\u00e3o da piscina estava aberta.<\/p>\n<p style=\"text-align: justify;\">O Corpo de Bombeiros esteve no local prestando o primeiro socorro, a v\u00edtima foi enviada para a UPA, onde por 40 minutos junto com a equipe m\u00e9dica tentaram reverter a parada card\u00edaca.<\/p>\n<p style=\"text-align: justify;\">Em uma rede social, a v\u00f3 da crian\u00e7a, Simone Fernanda, se manifestou \u201cAdeus minha boneca agora vc est\u00e1 com Deus\u201d.<\/p>\n<p style=\"text-align: justify;\">Fonte: hojemais.com.br<\/p>\n","protected":false},"excerpt":{"rendered":"<p>Uma menina de aproximadamente 1 ano se afogou hoje no bairro Santa Cec\u00edlia. O afogamento aconteceu em uma piscina. O caso aconteceu por volta das 11 horas desta sexta-feira (24) no bairro Santa Cec\u00edlia. A pequena Emauella teria ca\u00eddo na piscina enquanto os adultos dormiam. A crian\u00e7a foi encontrada pela m\u00e3e. A grade de prote\u00e7\u00e3o [&hellip;]<\/p>\n","protected":false},"author":1,"featured_media":24545,"comment_status":"closed","ping_status":"open","sticky":false,"template":"","format":"standard","meta":{"footnotes":""},"categories":[110,2],"tags":[],"class_list":["post-24544","post","type-post","status-publish","format-standard","has-post-thumbnail","hentry","category-noticiasdestaque","category-policial"],"_links":{"self":[{"href":"https:\/\/jorgezanoni.com.br\/2019\/wp-json\/wp\/v2\/posts\/24544","targetHints":{"allow":["GET"]}}],"collection":[{"href":"https:\/\/jorgezanoni.com.br\/2019\/wp-json\/wp\/v2\/posts"}],"about":[{"href":"https:\/\/jorgezanoni.com.br\/2019\/wp-json\/wp\/v2\/types\/post"}],"author":[{"embeddable":true,"href":"https:\/\/jorgezanoni.com.br\/2019\/wp-json\/wp\/v2\/users\/1"}],"replies":[{"embeddable":true,"href":"https:\/\/jorgezanoni.com.br\/2019\/wp-json\/wp\/v2\/comments?post=24544"}],"version-history":[{"count":0,"href":"https:\/\/jorgezanoni.com.br\/2019\/wp-json\/wp\/v2\/posts\/24544\/revisions"}],"wp:featuredmedia":[{"embeddable":true,"href":"https:\/\/jorgezanoni.com.br\/2019\/wp-json\/wp\/v2\/media\/24545"}],"wp:attachment":[{"href":"https:\/\/jorgezanoni.com.br\/2019\/wp-json\/wp\/v2\/media?parent=24544"}],"wp:term":[{"taxonomy":"category","embeddable":true,"href":"https:\/\/jorgezanoni.com.br\/2019\/wp-json\/wp\/v2\/categories?post=24544"},{"taxonomy":"post_tag","embeddable":true,"href":"https:\/\/jorgezanoni.com.br\/2019\/wp-json\/wp\/v2\/tags?post=24544"}],"curies":[{"name":"wp","href":"https:\/\/api.w.org\/{rel}","templated":true}]}}