{"id":24541,"date":"2020-04-25T01:32:16","date_gmt":"2020-04-25T01:32:16","guid":{"rendered":"https:\/\/jorgezanoni.com.br\/2019\/?p=24541"},"modified":"2020-04-25T01:32:16","modified_gmt":"2020-04-25T01:32:16","slug":"grupo-anonimo-faz-louvor-e-oracao-em-frente-sede-do-batalhao-do-25o-bpm-i-de-dracena","status":"publish","type":"post","link":"https:\/\/jorgezanoni.com.br\/2019\/grupo-anonimo-faz-louvor-e-oracao-em-frente-sede-do-batalhao-do-25o-bpm-i-de-dracena\/","title":{"rendered":"Grupo an\u00f4nimo faz louvor e ora\u00e7\u00e3o em frente sede do Batalh\u00e3o do 25\u00ba BPM\/I de Dracena"},"content":{"rendered":"<p style=\"text-align: justify;\">&#8220;ABEN\u00c7OADO \u00c9 QUEM ABEN\u00c7OA. &#8221;<br \/>\nLucas 1:48<\/p>\n<p style=\"text-align: justify;\">Na noite de hoje (24) o Vig\u00e9simo Quinto Batalh\u00e3o do Interior, sediado na cidade de Dracena e respons\u00e1vel por 22 munic\u00edpios, atrav\u00e9s dos policiais militares que estavam de servi\u00e7o no local foram surpreendidos por um grupo an\u00f4nimo, que devidamente protegidos com m\u00e1scaras e mantendo a dist\u00e2ncia de prote\u00e7\u00e3o abra\u00e7aram com um lindo Louvor e ora\u00e7\u00e3o o local.<br \/>\nEssa linda homenagem em que as pessoas cantando Raridade, mostraram al\u00e9m do afeto agradecimento, o pedido de prote\u00e7\u00e3o a todos os policiais militares que abrangem a \u00e1rea do 25 BPMI.<br \/>\nNossa gratid\u00e3o a todos que diuturnamente oram por todos os profissionais dos servi\u00e7os essenciais, que arriscam suas vidas em prol da popula\u00e7\u00e3o.<\/p>\n<p style=\"text-align: justify;\"><a class=\"_58cn\" href=\"https:\/\/www.facebook.com\/hashtag\/25bpmi?source=feed_text&amp;epa=HASHTAG&amp;__xts__%5B0%5D=68.ARA1SiyJqHte-u3OY6E2l24UJR7kSmAnjOzNZKR_Hf91T0PiW0sAdKBfEhSmLspvB4dwUCG0ioFWZj1OzI1vP7WahM5FZI03j9Xtq8_WC_m3mqAy71ZrMUw0G8ZLNA2dBAB9bVgHy9BLlfHNDjYFNdTVgIFY2OxzORDb7p3nvh1r8Qjz7OvtpSwIR75OJ0bH6JbCLivlUMPKbHjQII09RtVozVDO27GmlkkEPLd_wsHuxeNsF_5eN0rSgRJ8cdZVgD07LRLDe1HaJItYTpbVCZY0XkFnOJ498auYx0yh03yh3oav2WN0OU8-TXLDHSFijHFBJGcBfRMP9Z1QlzS22r4&amp;__tn__=%2ANK-R\" data-ft=\"{&quot;type&quot;:104,&quot;tn&quot;:&quot;*N&quot;}\"><span class=\"_5afx\"><span class=\"_58cl _5afz\" aria-label=\"hashtag\">#<\/span><span class=\"_58cm\">25BPMI<\/span><\/span><\/a><br \/>\n<a class=\"_58cn\" href=\"https:\/\/www.facebook.com\/hashtag\/policiamilitarsp?source=feed_text&amp;epa=HASHTAG&amp;__xts__%5B0%5D=68.ARA1SiyJqHte-u3OY6E2l24UJR7kSmAnjOzNZKR_Hf91T0PiW0sAdKBfEhSmLspvB4dwUCG0ioFWZj1OzI1vP7WahM5FZI03j9Xtq8_WC_m3mqAy71ZrMUw0G8ZLNA2dBAB9bVgHy9BLlfHNDjYFNdTVgIFY2OxzORDb7p3nvh1r8Qjz7OvtpSwIR75OJ0bH6JbCLivlUMPKbHjQII09RtVozVDO27GmlkkEPLd_wsHuxeNsF_5eN0rSgRJ8cdZVgD07LRLDe1HaJItYTpbVCZY0XkFnOJ498auYx0yh03yh3oav2WN0OU8-TXLDHSFijHFBJGcBfRMP9Z1QlzS22r4&amp;__tn__=%2ANK-R\" data-ft=\"{&quot;type&quot;:104,&quot;tn&quot;:&quot;*N&quot;}\"><span class=\"_5afx\"><span class=\"_58cl _5afz\" aria-label=\"hashtag\">#<\/span><span class=\"_58cm\">POLICIAMILITARSP<\/span><\/span><\/a><br \/>\n<a class=\"_58cn\" href=\"https:\/\/www.facebook.com\/hashtag\/afor%C3%A7apublicades%C3%A3opaulo?source=feed_text&amp;epa=HASHTAG&amp;__xts__%5B0%5D=68.ARA1SiyJqHte-u3OY6E2l24UJR7kSmAnjOzNZKR_Hf91T0PiW0sAdKBfEhSmLspvB4dwUCG0ioFWZj1OzI1vP7WahM5FZI03j9Xtq8_WC_m3mqAy71ZrMUw0G8ZLNA2dBAB9bVgHy9BLlfHNDjYFNdTVgIFY2OxzORDb7p3nvh1r8Qjz7OvtpSwIR75OJ0bH6JbCLivlUMPKbHjQII09RtVozVDO27GmlkkEPLd_wsHuxeNsF_5eN0rSgRJ8cdZVgD07LRLDe1HaJItYTpbVCZY0XkFnOJ498auYx0yh03yh3oav2WN0OU8-TXLDHSFijHFBJGcBfRMP9Z1QlzS22r4&amp;__tn__=%2ANK-R\" data-ft=\"{&quot;type&quot;:104,&quot;tn&quot;:&quot;*N&quot;}\"><span class=\"_5afx\"><span class=\"_58cl _5afz\" aria-label=\"hashtag\">#<\/span><span class=\"_58cm\">AFOR\u00c7APUBLICADES\u00c3OPAULO<\/span><\/span><\/a><br \/>\nCOMUNICA\u00c7\u00c3O SOCIAL DO 25 BPMI e regi\u00e3o.<\/p>\n<div id=\"fb-root\"><\/div>\n<p><script async=\"1\" defer=\"1\" crossorigin=\"anonymous\" src=\"https:\/\/connect.facebook.net\/en_US\/sdk.js#xfbml=1&amp;version=v6.0\"><\/script><\/p>\n<div class=\"fb-video\" data-href=\"https:\/\/www.facebook.com\/25bpmiDracena\/videos\/284824945858186\/\" data-width=\"696\">\n<blockquote cite=\"https:\/\/www.facebook.com\/25bpmiDracena\/videos\/284824945858186\/\" class=\"fb-xfbml-parse-ignore\"><p><a href=\"https:\/\/www.facebook.com\/25bpmiDracena\/videos\/284824945858186\/\"><\/a><\/p>\n<p>Posted by <a href=\"https:\/\/www.facebook.com\/25bpmiDracena\/\">Vig\u00e9simo Quinto Bpmi<\/a> on Friday, April 24, 2020<\/p><\/blockquote>\n<\/div>\n<div id=\"fb-root\"><\/div>\n<p><script async=\"1\" defer=\"1\" crossorigin=\"anonymous\" src=\"https:\/\/connect.facebook.net\/en_US\/sdk.js#xfbml=1&amp;version=v6.0\"><\/script><\/p>\n<div class=\"fb-video\" data-href=\"https:\/\/www.facebook.com\/25bpmiDracena\/videos\/530851404488371\/\" data-width=\"696\">\n<blockquote cite=\"https:\/\/www.facebook.com\/25bpmiDracena\/videos\/530851404488371\/\" class=\"fb-xfbml-parse-ignore\"><p><a href=\"https:\/\/www.facebook.com\/25bpmiDracena\/videos\/530851404488371\/\"><\/a><\/p>\n<p>Posted by <a href=\"https:\/\/www.facebook.com\/25bpmiDracena\/\">Vig\u00e9simo Quinto Bpmi<\/a> on Friday, April 24, 2020<\/p><\/blockquote>\n<\/div>\n","protected":false},"excerpt":{"rendered":"<p>&#8220;ABEN\u00c7OADO \u00c9 QUEM ABEN\u00c7OA. &#8221; Lucas 1:48 Na noite de hoje (24) o Vig\u00e9simo Quinto Batalh\u00e3o do Interior, sediado na cidade de Dracena e respons\u00e1vel por 22 munic\u00edpios, atrav\u00e9s dos policiais militares que estavam de servi\u00e7o no local foram surpreendidos por um grupo an\u00f4nimo, que devidamente protegidos com m\u00e1scaras e mantendo a dist\u00e2ncia de prote\u00e7\u00e3o [&hellip;]<\/p>\n","protected":false},"author":1,"featured_media":24542,"comment_status":"closed","ping_status":"open","sticky":false,"template":"","format":"standard","meta":{"footnotes":""},"categories":[169],"tags":[],"class_list":["post-24541","post","type-post","status-publish","format-standard","has-post-thumbnail","hentry","category-videos"],"_links":{"self":[{"href":"https:\/\/jorgezanoni.com.br\/2019\/wp-json\/wp\/v2\/posts\/24541","targetHints":{"allow":["GET"]}}],"collection":[{"href":"https:\/\/jorgezanoni.com.br\/2019\/wp-json\/wp\/v2\/posts"}],"about":[{"href":"https:\/\/jorgezanoni.com.br\/2019\/wp-json\/wp\/v2\/types\/post"}],"author":[{"embeddable":true,"href":"https:\/\/jorgezanoni.com.br\/2019\/wp-json\/wp\/v2\/users\/1"}],"replies":[{"embeddable":true,"href":"https:\/\/jorgezanoni.com.br\/2019\/wp-json\/wp\/v2\/comments?post=24541"}],"version-history":[{"count":0,"href":"https:\/\/jorgezanoni.com.br\/2019\/wp-json\/wp\/v2\/posts\/24541\/revisions"}],"wp:featuredmedia":[{"embeddable":true,"href":"https:\/\/jorgezanoni.com.br\/2019\/wp-json\/wp\/v2\/media\/24542"}],"wp:attachment":[{"href":"https:\/\/jorgezanoni.com.br\/2019\/wp-json\/wp\/v2\/media?parent=24541"}],"wp:term":[{"taxonomy":"category","embeddable":true,"href":"https:\/\/jorgezanoni.com.br\/2019\/wp-json\/wp\/v2\/categories?post=24541"},{"taxonomy":"post_tag","embeddable":true,"href":"https:\/\/jorgezanoni.com.br\/2019\/wp-json\/wp\/v2\/tags?post=24541"}],"curies":[{"name":"wp","href":"https:\/\/api.w.org\/{rel}","templated":true}]}}