{"id":24538,"date":"2020-04-25T01:05:32","date_gmt":"2020-04-25T01:05:32","guid":{"rendered":"https:\/\/jorgezanoni.com.br\/2019\/?p=24538"},"modified":"2020-04-25T01:05:32","modified_gmt":"2020-04-25T01:05:32","slug":"camara-de-sp-aprova-reducao-de-30-no-salario-dos-vereadores-e-nas-verbas-de-gabinete-mas-nao-diminui-salario-de-comissionados","status":"publish","type":"post","link":"https:\/\/jorgezanoni.com.br\/2019\/camara-de-sp-aprova-reducao-de-30-no-salario-dos-vereadores-e-nas-verbas-de-gabinete-mas-nao-diminui-salario-de-comissionados\/","title":{"rendered":"C\u00e2mara de SP aprova redu\u00e7\u00e3o de 30% no sal\u00e1rio dos vereadores e nas verbas de gabinete, mas n\u00e3o diminu\u00ed sal\u00e1rio de comissionados"},"content":{"rendered":"<h2 class=\"content-head__subtitle\" style=\"text-align: justify;\"><strong>Recursos economizados ser\u00e3o destinados \u00e0s a\u00e7\u00f5es das secretarias de Sa\u00fade e Assist\u00eancia Social durante o enfrentamento do coronav\u00edrus na capital paulista.<\/strong><\/h2>\n<div class=\"mc-column content-text active-extra-styles \" data-block-type=\"unstyled\" data-block-weight=\"38\" data-block-id=\"2\">\n<p class=\"content-text__container \" style=\"text-align: justify;\" data-track-category=\"Link no Texto\" data-track-links=\"\">A C\u00e2mara Municipal de S\u00e3o Paulo aprovou por unanimidade nesta sexta-feira (24) o projeto de resolu\u00e7\u00e3o que estabelece o corte de 30% dos sal\u00e1rios dos vereadores e tamb\u00e9m de 30% das verbas de manuten\u00e7\u00e3o dos gabinetes parlamentares.<\/p>\n<\/div>\n<div class=\"wall protected-content\">\n<div class=\"mc-column content-text active-extra-styles \" style=\"text-align: justify;\" data-block-type=\"unstyled\" data-block-weight=\"44\" data-block-id=\"3\">\n<p class=\"content-text__container \" data-track-category=\"Link no Texto\" data-track-links=\"\">A iniciativa da Mesa Diretora teve vota\u00e7\u00e3o \u00fanica no plen\u00e1rio virtual e ser\u00e1 promulgada de imediato pelo \u00f3rg\u00e3o que dirige a Casa Legislativa. Os cortes valem a partir de 1\u00ba de maio e v\u00e3o at\u00e9 o dia 31 de dezembro, segundo o texto aprovado.<\/p>\n<\/div>\n<div class=\"mc-column content-text active-extra-styles \" style=\"text-align: justify;\" data-block-type=\"unstyled\" data-block-weight=\"43\" data-block-id=\"4\">\n<p class=\"content-text__container \" data-track-category=\"Link no Texto\" data-track-links=\"\">Segundo os vereadores, os dois itens v\u00e3o gerar uma economia de R$ 8 milh\u00f5es at\u00e9 o fim do ano, que se somam a outras medidas j\u00e1 anunciadas pelos parlamentares, devolvendo um total de R$ 50,2 milh\u00f5es aos cofres da Prefeitura de S\u00e3o Paulo.<\/p>\n<\/div>\n<div class=\"mc-column content-text active-extra-styles \" style=\"text-align: justify;\" data-block-type=\"unstyled\" data-block-weight=\"35\" data-block-id=\"5\">\n<p class=\"content-text__container \" data-track-category=\"Link no Texto\" data-track-links=\"\">O projeto recebeu emenda para definir que os recursos economizados com os cortes sejam destinados exclusivamente \u00e0s a\u00e7\u00f5es das secretarias de Sa\u00fade e Assist\u00eancia Social da cidade, durante o enfrentamento do coronav\u00edrus na capital paulista.<\/p>\n<\/div>\n<div class=\"mc-column content-text active-extra-styles \" data-block-type=\"unstyled\" data-block-weight=\"30\" data-block-id=\"6\">\n<p class=\"content-text__container \" style=\"text-align: justify;\" data-track-category=\"Link no Texto\" data-track-links=\"\">Apesar da aprova\u00e7\u00e3o, os vereadores exclu\u00edram o corte de 20% dos sal\u00e1rios dos assessores que ocupam cargos comissionados, que estava previsto originalmente na proposta de cortes da Mesa Diretora.<\/p>\n<div class=\"mc-column content-text active-extra-styles \" style=\"text-align: justify;\" data-block-type=\"unstyled\" data-block-weight=\"40\" data-block-id=\"9\">\n<p class=\"content-text__container \" data-track-category=\"Link no Texto\" data-track-links=\"\">A exclus\u00e3o foi feita por causa de uma nota t\u00e9cnica elaborada pela Procuradoria da C\u00e2mara, que levantou d\u00favidas jur\u00eddicas sobre a legalidade do corte dos vencimentos desses assessores, em raz\u00e3o do princ\u00edpio de irredutibilidade salarial prevista na Constitui\u00e7\u00e3o Federal.<\/p>\n<\/div>\n<div class=\"mc-column content-text active-extra-styles \" style=\"text-align: justify;\" data-block-type=\"unstyled\" data-block-weight=\"31\" data-block-id=\"10\">\n<p class=\"content-text__container \" data-track-category=\"Link no Texto\" data-track-links=\"\">O instrumento da resolu\u00e7\u00e3o em vez de projeto de lei tamb\u00e9m foi questionado pelos vereadores contr\u00e1rios ao corte dos sal\u00e1rios dos funcion\u00e1rios comissionados para justificar a retirada do item do projeto.<\/p>\n<\/div>\n<div class=\"mc-column content-text active-extra-styles \" style=\"text-align: justify;\" data-block-type=\"unstyled\" data-block-weight=\"81\" data-block-id=\"11\">\n<p class=\"content-text__container \" data-track-category=\"Link no Texto\" data-track-links=\"\">&#8220;Com o intuito de n\u00e3o errar e para dar uma resposta r\u00e1pida \u00e0 popula\u00e7\u00e3o, a C\u00e2mara manteve no projeto de resolu\u00e7\u00e3o a redu\u00e7\u00e3o de 30% nos encargos de gabinete e de 30% nos sal\u00e1rios de vereadores&#8221;, explicou o presidente da C\u00e2mara, vereador Eduardo Tuma (PSDB). &#8220;Com isso, a C\u00e2mara d\u00e1 seguran\u00e7a jur\u00eddica ao resultado final da vota\u00e7\u00e3o e responde aos anseios da popula\u00e7\u00e3o neste momento de crise, cortando na pr\u00f3pria carne e diminuindo os sal\u00e1rios dos vereadores em 30%&#8221;, disse Tuma.<\/p>\n<\/div>\n<div class=\"mc-column content-text active-extra-styles\" style=\"text-align: justify;\" data-block-type=\"raw\" data-block-weight=\"6\" data-block-id=\"12\">\n<div class=\"content-intertitle\">\n<h2>Veja os cortes aprovado pela C\u00e2mara:<\/h2>\n<\/div>\n<\/div>\n<div class=\"mc-column content-text active-extra-styles\" data-block-type=\"raw\" data-block-weight=\"69\" data-block-id=\"13\">\n<ul class=\"content-unordered-list\" style=\"text-align: justify;\">\n<li>Corte de 30% do subs\u00eddio dos vereadores, que \u00e9 de R$ 18.991,68;<\/li>\n<li>Corte de 30% do aux\u00edlio-encargos gerais de gabinete, que tem o valor de R$ 25.884,38 por m\u00eas em cada gabinete.<\/li>\n<li>Corte de R$ 3,6 milh\u00f5es em contratos cancelados de obras, aquisi\u00e7\u00e3o de materiais, manuten\u00e7\u00e3o de equipamentos etc;<\/li>\n<li>Repasse de R$ 38,6 milh\u00f5es do Fundo Especial de Despesas da C\u00e2mara para a prefeitura (Lei j\u00e1 aprovada na casa).<\/li>\n<\/ul>\n<p style=\"text-align: justify;\">Fonte: G1<\/p>\n<\/div>\n<\/div>\n<\/div>\n","protected":false},"excerpt":{"rendered":"<p>Recursos economizados ser\u00e3o destinados \u00e0s a\u00e7\u00f5es das secretarias de Sa\u00fade e Assist\u00eancia Social durante o enfrentamento do coronav\u00edrus na capital paulista. A C\u00e2mara Municipal de S\u00e3o Paulo aprovou por unanimidade nesta sexta-feira (24) o projeto de resolu\u00e7\u00e3o que estabelece o corte de 30% dos sal\u00e1rios dos vereadores e tamb\u00e9m de 30% das verbas de manuten\u00e7\u00e3o [&hellip;]<\/p>\n","protected":false},"author":1,"featured_media":24539,"comment_status":"closed","ping_status":"open","sticky":false,"template":"","format":"standard","meta":{"footnotes":""},"categories":[110,116],"tags":[],"class_list":["post-24538","post","type-post","status-publish","format-standard","has-post-thumbnail","hentry","category-noticiasdestaque","category-politicaeeconomia"],"_links":{"self":[{"href":"https:\/\/jorgezanoni.com.br\/2019\/wp-json\/wp\/v2\/posts\/24538","targetHints":{"allow":["GET"]}}],"collection":[{"href":"https:\/\/jorgezanoni.com.br\/2019\/wp-json\/wp\/v2\/posts"}],"about":[{"href":"https:\/\/jorgezanoni.com.br\/2019\/wp-json\/wp\/v2\/types\/post"}],"author":[{"embeddable":true,"href":"https:\/\/jorgezanoni.com.br\/2019\/wp-json\/wp\/v2\/users\/1"}],"replies":[{"embeddable":true,"href":"https:\/\/jorgezanoni.com.br\/2019\/wp-json\/wp\/v2\/comments?post=24538"}],"version-history":[{"count":0,"href":"https:\/\/jorgezanoni.com.br\/2019\/wp-json\/wp\/v2\/posts\/24538\/revisions"}],"wp:featuredmedia":[{"embeddable":true,"href":"https:\/\/jorgezanoni.com.br\/2019\/wp-json\/wp\/v2\/media\/24539"}],"wp:attachment":[{"href":"https:\/\/jorgezanoni.com.br\/2019\/wp-json\/wp\/v2\/media?parent=24538"}],"wp:term":[{"taxonomy":"category","embeddable":true,"href":"https:\/\/jorgezanoni.com.br\/2019\/wp-json\/wp\/v2\/categories?post=24538"},{"taxonomy":"post_tag","embeddable":true,"href":"https:\/\/jorgezanoni.com.br\/2019\/wp-json\/wp\/v2\/tags?post=24538"}],"curies":[{"name":"wp","href":"https:\/\/api.w.org\/{rel}","templated":true}]}}