{"id":24535,"date":"2020-04-25T00:50:40","date_gmt":"2020-04-25T00:50:40","guid":{"rendered":"https:\/\/jorgezanoni.com.br\/2019\/?p=24535"},"modified":"2020-04-25T00:50:40","modified_gmt":"2020-04-25T00:50:40","slug":"brasil-tem-3-670-mortes-e-52-995-casos-de-coronavirus-diz-ministerio","status":"publish","type":"post","link":"https:\/\/jorgezanoni.com.br\/2019\/brasil-tem-3-670-mortes-e-52-995-casos-de-coronavirus-diz-ministerio\/","title":{"rendered":"Brasil tem 3.670 mortes e 52.995 casos de coronav\u00edrus, diz minist\u00e9rio"},"content":{"rendered":"<h2 class=\"content-head__subtitle\" style=\"text-align: justify;\"><strong>Foram 357 mortes a mais em compara\u00e7\u00e3o com a quinta-feira (23).<\/strong><\/h2>\n<div class=\"mc-column content-text active-extra-styles \" data-block-type=\"unstyled\" data-block-weight=\"22\" data-block-id=\"2\">\n<p class=\"content-text__container \" style=\"text-align: justify;\" data-track-category=\"Link no Texto\" data-track-links=\"\">O\u00a0<a href=\"https:\/\/g1.globo.com\/tudo-sobre\/ministerio-da-saude\/\">Minist\u00e9rio da Sa\u00fade<\/a>\u00a0divulgou nesta sexta-feira (24) o mais recente balan\u00e7o dos casos de coronav\u00edrus no Brasil. Os principais dados s\u00e3o:<\/p>\n<\/div>\n<div class=\"wall protected-content\">\n<div class=\"mc-column content-text active-extra-styles\" data-block-type=\"raw\" data-block-weight=\"47\" data-block-id=\"3\">\n<ul class=\"content-unordered-list\" style=\"text-align: justify;\">\n<li><strong>3.670 mortes,<\/strong>\u00a0na quinta (23) eram 3.313. Foram 357 a mais\u00a0<strong>(10,8%)\u00a0<\/strong>.<\/li>\n<li><strong>52.995 casos confirmados,\u00a0<\/strong>na quinta (23) eram 49.492. Foram 3.503 a mais<strong>\u00a0(7,1%)<\/strong>.<\/li>\n<li>Em 7 dias foram mais\u00a0<strong>1.323 mortes<\/strong>.<\/li>\n<li>S\u00e3o Paulo tem\u00a0<strong>17.826 casos\u00a0<\/strong>e<strong>\u00a01.512 mortes.<\/strong><\/li>\n<\/ul>\n<p style=\"text-align: justify;\">Fonte: https:\/\/g1.globo.com\/bemestar\/coronavirus\/noticia\/2020\/04\/24\/brasil-tem-3670-mortes-e-52995-casos-de-coronavirus-diz-ministerio.ghtml<\/p>\n<\/div>\n<\/div>\n","protected":false},"excerpt":{"rendered":"<p>Foram 357 mortes a mais em compara\u00e7\u00e3o com a quinta-feira (23). O\u00a0Minist\u00e9rio da Sa\u00fade\u00a0divulgou nesta sexta-feira (24) o mais recente balan\u00e7o dos casos de coronav\u00edrus no Brasil. Os principais dados s\u00e3o: 3.670 mortes,\u00a0na quinta (23) eram 3.313. Foram 357 a mais\u00a0(10,8%)\u00a0. 52.995 casos confirmados,\u00a0na quinta (23) eram 49.492. Foram 3.503 a mais\u00a0(7,1%). Em 7 dias [&hellip;]<\/p>\n","protected":false},"author":1,"featured_media":24536,"comment_status":"closed","ping_status":"open","sticky":false,"template":"","format":"standard","meta":{"footnotes":""},"categories":[110,122],"tags":[],"class_list":["post-24535","post","type-post","status-publish","format-standard","has-post-thumbnail","hentry","category-noticiasdestaque","category-saudeeducacaoeconcurso"],"_links":{"self":[{"href":"https:\/\/jorgezanoni.com.br\/2019\/wp-json\/wp\/v2\/posts\/24535","targetHints":{"allow":["GET"]}}],"collection":[{"href":"https:\/\/jorgezanoni.com.br\/2019\/wp-json\/wp\/v2\/posts"}],"about":[{"href":"https:\/\/jorgezanoni.com.br\/2019\/wp-json\/wp\/v2\/types\/post"}],"author":[{"embeddable":true,"href":"https:\/\/jorgezanoni.com.br\/2019\/wp-json\/wp\/v2\/users\/1"}],"replies":[{"embeddable":true,"href":"https:\/\/jorgezanoni.com.br\/2019\/wp-json\/wp\/v2\/comments?post=24535"}],"version-history":[{"count":0,"href":"https:\/\/jorgezanoni.com.br\/2019\/wp-json\/wp\/v2\/posts\/24535\/revisions"}],"wp:featuredmedia":[{"embeddable":true,"href":"https:\/\/jorgezanoni.com.br\/2019\/wp-json\/wp\/v2\/media\/24536"}],"wp:attachment":[{"href":"https:\/\/jorgezanoni.com.br\/2019\/wp-json\/wp\/v2\/media?parent=24535"}],"wp:term":[{"taxonomy":"category","embeddable":true,"href":"https:\/\/jorgezanoni.com.br\/2019\/wp-json\/wp\/v2\/categories?post=24535"},{"taxonomy":"post_tag","embeddable":true,"href":"https:\/\/jorgezanoni.com.br\/2019\/wp-json\/wp\/v2\/tags?post=24535"}],"curies":[{"name":"wp","href":"https:\/\/api.w.org\/{rel}","templated":true}]}}