{"id":2453,"date":"2019-07-31T01:06:30","date_gmt":"2019-07-31T01:06:30","guid":{"rendered":"https:\/\/jorgezanoni.com.br\/2019\/?p=2453"},"modified":"2019-07-31T01:06:30","modified_gmt":"2019-07-31T01:06:30","slug":"apos-identificar-fraude-em-licitacao-operacao-batega-prende-ex-prefeito-de-euclides-da-cunha-paulista","status":"publish","type":"post","link":"https:\/\/jorgezanoni.com.br\/2019\/apos-identificar-fraude-em-licitacao-operacao-batega-prende-ex-prefeito-de-euclides-da-cunha-paulista\/","title":{"rendered":"Ap\u00f3s identificar fraude em licita\u00e7\u00e3o, Opera\u00e7\u00e3o B\u00e1tega prende ex-prefeito de Euclides da Cunha Paulista"},"content":{"rendered":"<h2 class=\"content-head__subtitle\" style=\"text-align: justify;\"><strong>Apura\u00e7\u00f5es da Pol\u00edcia Civil indicam que, em 2016, em decorr\u00eancia de fortes chuvas, foi decretado estado de emerg\u00eancia como &#8216;subterf\u00fagio&#8217; para uma contrata\u00e7\u00e3o direta.<\/strong><\/h2>\n<div class=\"mc-column content-text active-extra-styles \" data-block-type=\"unstyled\" data-block-weight=\"33\" data-block-id=\"2\">\n<p class=\"content-text__container \" style=\"text-align: justify;\" data-track-category=\"Link no Texto\" data-track-links=\"\">A Pol\u00edcia Civil, por interm\u00e9dio da Delegacia de\u00a0<a href=\"https:\/\/g1.globo.com\/sp\/presidente-prudente-regiao\/cidade\/euclides-da-cunha-paulista\/\">Euclides da Cunha Paulista<\/a>, deflagrou nesta ter\u00e7a-feira (30) a Opera\u00e7\u00e3o B\u00e1tega. Foram cumpridos quatro mandados de pris\u00f5es tempor\u00e1rias e sete mandados de busca e apreens\u00e3o.<\/p>\n<\/div>\n<div class=\"wall protected-content\">\n<div class=\"mc-column content-text active-extra-styles \" style=\"text-align: justify;\" data-block-type=\"unstyled\" data-block-weight=\"74\" data-block-id=\"3\">\n<p class=\"content-text__container \" data-track-category=\"Link no Texto\" data-track-links=\"\">Segundo o delegado Ramon Euclides Guarnieri Pedr\u00e3o, foram presos o ex-prefeito Elias Tolovi Rosa; o ex-secret\u00e1rio municipal de Planejamento e Gest\u00e3o \u2013 e tamb\u00e9m presidente da Comiss\u00e3o de Licita\u00e7\u00e3o \u00e0 \u00e9poca dos fatos \u2013 Ant\u00f4nio Benedito Alves; a ent\u00e3o secret\u00e1ria municipal de Gest\u00e3o Fazend\u00e1ria Simara Martins de Freitas, que atualmente exerce o cargo de diretora financeira da Prefeitura; e o empreiteiro Claudinei Pereira da Silva, que na \u00e9poca era propriet\u00e1rio de uma construtora.<\/p>\n<\/div>\n<div class=\"mc-column content-text active-extra-styles \" style=\"text-align: justify;\" data-block-type=\"unstyled\" data-block-weight=\"12\" data-block-id=\"4\">\n<p class=\"content-text__container \" data-track-category=\"Link no Texto\" data-track-links=\"\">O\u00a0<strong>G1\u00a0<\/strong>n\u00e3o conseguiu contato com os advogados de defesa dos envolvidos.<\/p>\n<\/div>\n<div class=\"mc-column content-text active-extra-styles \" style=\"text-align: justify;\" data-block-type=\"unstyled\" data-block-weight=\"31\" data-block-id=\"5\">\n<p class=\"content-text__container \" data-track-category=\"Link no Texto\" data-track-links=\"\">As investiga\u00e7\u00f5es tiveram in\u00edcio no ano 2017 e apuram um esquema de fraude \u00e0 licita\u00e7\u00e3o e desvios de recursos p\u00fablicos engendrado dentro da administra\u00e7\u00e3o da Prefeitura de Euclides da Cunha Paulista.<\/p>\n<\/div>\n<div class=\"mc-column content-text active-extra-styles \" style=\"text-align: justify;\" data-block-type=\"unstyled\" data-block-weight=\"62\" data-block-id=\"6\">\n<p class=\"content-text__container \" data-track-category=\"Link no Texto\" data-track-links=\"\">Foi apurado pela pol\u00edcia que, no in\u00edcio de 2016, o ent\u00e3o prefeito, alegando urg\u00eancia decorrente das fortes chuvas que j\u00e1 se arrastavam havia mais de seis meses, decretou estado de emerg\u00eancia. Logo em seguida, mediante dispensa de licita\u00e7\u00e3o, contratou uma empreiteira para a realiza\u00e7\u00e3o de servi\u00e7os de limpeza e para a constru\u00e7\u00e3o e consertos de diversas tampas de bueiros da cidade.<\/p>\n<\/div>\n<div class=\"mc-column content-text active-extra-styles \" style=\"text-align: justify;\" data-block-type=\"unstyled\" data-block-weight=\"8\" data-block-id=\"8\">\n<p class=\"content-text__container \" data-track-category=\"Link no Texto\" data-track-links=\"\">O valor do contrato foi de R$ 112.100.<\/p>\n<\/div>\n<div class=\"mc-column content-text active-extra-styles \" style=\"text-align: justify;\" data-block-type=\"unstyled\" data-block-weight=\"23\" data-block-id=\"9\">\n<p class=\"content-text__container \" data-track-category=\"Link no Texto\" data-track-links=\"\">Ao verificar o tr\u00e2mite daquele procedimento licitat\u00f3rio, a Pol\u00edcia Civil identificou ind\u00edcios de fraude desde sua origem at\u00e9 ao momento do pagamento.<\/p>\n<\/div>\n<div class=\"mc-column content-text active-extra-styles \" style=\"text-align: justify;\" data-block-type=\"unstyled\" data-block-weight=\"37\" data-block-id=\"10\">\n<p class=\"content-text__container \" data-track-category=\"Link no Texto\" data-track-links=\"\">Segundo a Pol\u00edcia Civil, \u201ch\u00e1 suspeitas de que o decreto de emerg\u00eancia foi um subterf\u00fagio para se justificar uma contrata\u00e7\u00e3o direta, travestida em um procedimento de dispensa de licita\u00e7\u00e3o e, posteriormente, possibilitar o desvio daqueles recursos\u201d.<\/p>\n<\/div>\n<div class=\"mc-column content-text active-extra-styles \" style=\"text-align: justify;\" data-block-type=\"unstyled\" data-block-weight=\"22\" data-block-id=\"11\">\n<p class=\"content-text__container \" data-track-category=\"Link no Texto\" data-track-links=\"\">Ainda conforme a investiga\u00e7\u00e3o, \u201ch\u00e1 indicativos de falsifica\u00e7\u00e3o de documentos, que demonstram que o procedimento foi direcionado, ilegalmente, \u00e0 contrata\u00e7\u00e3o daquela empresa\u201d.<\/p>\n<\/div>\n<div class=\"mc-column content-text active-extra-styles \" style=\"text-align: justify;\" data-block-type=\"unstyled\" data-block-weight=\"16\" data-block-id=\"12\">\n<p class=\"content-text__container \" data-track-category=\"Link no Texto\" data-track-links=\"\">\u201cTamb\u00e9m n\u00e3o houve uma suficiente e id\u00f4nea comprova\u00e7\u00e3o da realiza\u00e7\u00e3o daqueles servi\u00e7os contratados\u201d, pontuou a pol\u00edcia.<\/p>\n<\/div>\n<div class=\"mc-column content-text active-extra-styles \" style=\"text-align: justify;\" data-block-type=\"unstyled\" data-block-weight=\"27\" data-block-id=\"13\">\n<p class=\"content-text__container \" data-track-category=\"Link no Texto\" data-track-links=\"\">Tamb\u00e9m h\u00e1 not\u00edcias de que parte dos valores n\u00e3o foi paga ao empreiteiro, mas sim a terceiros, ainda n\u00e3o identificados, indicando assim o desvio de verbas p\u00fablicas.<\/p>\n<\/div>\n<div class=\"mc-column content-text active-extra-styles \" style=\"text-align: justify;\" data-block-type=\"unstyled\" data-block-weight=\"23\" data-block-id=\"14\">\n<p class=\"content-text__container \" data-track-category=\"Link no Texto\" data-track-links=\"\">As investiga\u00e7\u00f5es se referem \u00e0 gest\u00e3o do ano de 2016 e nada t\u00eam a ver com a atual gest\u00e3o do Executivo municipal.<\/p>\n<\/div>\n<div class=\"mc-column content-text active-extra-styles \" style=\"text-align: justify;\" data-block-type=\"unstyled\" data-block-weight=\"19\" data-block-id=\"15\">\n<p class=\"content-text__container \" data-track-category=\"Link no Texto\" data-track-links=\"\">A Pol\u00edcia Civil tamb\u00e9m informou que a Prefeitura colaborou prestativamente com a investiga\u00e7\u00e3o e forneceu todos os documentos requisitados.<\/p>\n<\/div>\n<div class=\"mc-column content-text active-extra-styles \" style=\"text-align: justify;\" data-block-type=\"unstyled\" data-block-weight=\"32\" data-block-id=\"16\">\n<p class=\"content-text__container \" data-track-category=\"Link no Texto\" data-track-links=\"\">As pris\u00f5es foram decretadas pela Justi\u00e7a pelo prazo de cinco dias e podem ser prorrogadas por id\u00eantico per\u00edodo. Durante este per\u00edodo, a Pol\u00edcia Civil encetar\u00e1 novas dilig\u00eancias visando \u00e0 elucida\u00e7\u00e3o dos fatos.<\/p>\n<\/div>\n<div class=\"mc-column content-text active-extra-styles \" style=\"text-align: justify;\" data-block-type=\"unstyled\" data-block-weight=\"30\" data-block-id=\"17\">\n<p class=\"content-text__container \" data-track-category=\"Link no Texto\" data-track-links=\"\">Segundo o delegado explicou ao\u00a0<strong>G1<\/strong>, o nome da opera\u00e7\u00e3o faz refer\u00eancia ao termo \u201cb\u00e1tega\u201d, que significa \u201cchuva forte\u201d, situa\u00e7\u00e3o que \u201cjustificou\u201d a dispensa de licita\u00e7\u00e3o na contrata\u00e7\u00e3o da empreiteira.<\/p>\n<\/div>\n<div data-track-category=\"multicontent\" data-track-action=\"ultimo chunk conteudo\" data-track-noninteraction=\"false\" data-track-scroll=\"view\">\n<div class=\"mc-column content-text active-extra-styles \" data-block-type=\"unstyled\" data-block-weight=\"20\" data-block-id=\"18\">\n<p class=\"content-text__container \" style=\"text-align: justify;\" data-track-category=\"Link no Texto\" data-track-links=\"\">Os presos foram encaminhados \u00e0s cadeias de Dracena, no caso da mulher, e de Presidente Venceslau, em rela\u00e7\u00e3o aos homens.<\/p>\n<p style=\"text-align: justify;\" data-track-category=\"Link no Texto\" data-track-links=\"\">Fonte: G1<\/p>\n<\/div>\n<\/div>\n<\/div>\n","protected":false},"excerpt":{"rendered":"<p>Apura\u00e7\u00f5es da Pol\u00edcia Civil indicam que, em 2016, em decorr\u00eancia de fortes chuvas, foi decretado estado de emerg\u00eancia como &#8216;subterf\u00fagio&#8217; para uma contrata\u00e7\u00e3o direta. A Pol\u00edcia Civil, por interm\u00e9dio da Delegacia de\u00a0Euclides da Cunha Paulista, deflagrou nesta ter\u00e7a-feira (30) a Opera\u00e7\u00e3o B\u00e1tega. Foram cumpridos quatro mandados de pris\u00f5es tempor\u00e1rias e sete mandados de busca e [&hellip;]<\/p>\n","protected":false},"author":1,"featured_media":2454,"comment_status":"closed","ping_status":"open","sticky":false,"template":"","format":"standard","meta":{"footnotes":""},"categories":[110,2],"tags":[],"class_list":["post-2453","post","type-post","status-publish","format-standard","has-post-thumbnail","hentry","category-noticiasdestaque","category-policial"],"_links":{"self":[{"href":"https:\/\/jorgezanoni.com.br\/2019\/wp-json\/wp\/v2\/posts\/2453","targetHints":{"allow":["GET"]}}],"collection":[{"href":"https:\/\/jorgezanoni.com.br\/2019\/wp-json\/wp\/v2\/posts"}],"about":[{"href":"https:\/\/jorgezanoni.com.br\/2019\/wp-json\/wp\/v2\/types\/post"}],"author":[{"embeddable":true,"href":"https:\/\/jorgezanoni.com.br\/2019\/wp-json\/wp\/v2\/users\/1"}],"replies":[{"embeddable":true,"href":"https:\/\/jorgezanoni.com.br\/2019\/wp-json\/wp\/v2\/comments?post=2453"}],"version-history":[{"count":0,"href":"https:\/\/jorgezanoni.com.br\/2019\/wp-json\/wp\/v2\/posts\/2453\/revisions"}],"wp:featuredmedia":[{"embeddable":true,"href":"https:\/\/jorgezanoni.com.br\/2019\/wp-json\/wp\/v2\/media\/2454"}],"wp:attachment":[{"href":"https:\/\/jorgezanoni.com.br\/2019\/wp-json\/wp\/v2\/media?parent=2453"}],"wp:term":[{"taxonomy":"category","embeddable":true,"href":"https:\/\/jorgezanoni.com.br\/2019\/wp-json\/wp\/v2\/categories?post=2453"},{"taxonomy":"post_tag","embeddable":true,"href":"https:\/\/jorgezanoni.com.br\/2019\/wp-json\/wp\/v2\/tags?post=2453"}],"curies":[{"name":"wp","href":"https:\/\/api.w.org\/{rel}","templated":true}]}}