{"id":24529,"date":"2020-04-25T00:08:12","date_gmt":"2020-04-25T00:08:12","guid":{"rendered":"https:\/\/jorgezanoni.com.br\/2019\/?p=24529"},"modified":"2020-04-25T00:08:12","modified_gmt":"2020-04-25T00:08:12","slug":"exame-de-laboratorio-particular-confirma-terceiro-caso-positivo-de-covid-19-em-adamantina","status":"publish","type":"post","link":"https:\/\/jorgezanoni.com.br\/2019\/exame-de-laboratorio-particular-confirma-terceiro-caso-positivo-de-covid-19-em-adamantina\/","title":{"rendered":"Exame de laborat\u00f3rio particular confirma terceiro caso positivo de Covid-19 em Adamantina"},"content":{"rendered":"<h2 class=\"content-head__subtitle\" style=\"text-align: justify;\"><strong>Prefeitura informou que \u00e9 necess\u00e1rio aguardar a contraprova do Instituto Adolfo Lutz. Paciente de 53 anos est\u00e1 em isolamento domiciliar.<\/strong><\/h2>\n<div class=\"mc-column content-text active-extra-styles \" data-block-type=\"unstyled\" data-block-weight=\"38\" data-block-id=\"2\">\n<p class=\"content-text__container \" style=\"text-align: justify;\" data-track-category=\"Link no Texto\" data-track-links=\"\">A Secretaria de Sa\u00fade de\u00a0<a href=\"https:\/\/g1.globo.com\/sp\/presidente-prudente-regiao\/cidade\/adamantina\/\">Adamantina\u00a0<\/a>informou mais um caso de coronav\u00edrus na cidade. A confirma\u00e7\u00e3o veio por meio de um laborat\u00f3rio particular. Com isso, o boletim oficial desta sexta-feira (24) divulga tr\u00eas moradores que contra\u00edram a Covid-19.<\/p>\n<\/div>\n<div class=\"wall protected-content\">\n<div class=\"mc-column content-text active-extra-styles \" style=\"text-align: justify;\" data-block-type=\"unstyled\" data-block-weight=\"39\" data-block-id=\"3\">\n<p class=\"content-text__container \" data-track-category=\"Link no Texto\" data-track-links=\"\">Conforme a pasta municipal, a paciente de 53 anos estava internada na Santa Casa de Adamantina e colheu a amostra para o exame na quarta-feira (22), que foi enviada para um laborat\u00f3rio particular. O resultado saiu nesta sexta-feira (24).<\/p>\n<\/div>\n<div class=\"mc-column content-text active-extra-styles \" style=\"text-align: justify;\" data-block-type=\"unstyled\" data-block-weight=\"31\" data-block-id=\"4\">\n<p class=\"content-text__container \" data-track-category=\"Link no Texto\" data-track-links=\"\">&#8220;Agora, \u00e9 necess\u00e1rio aguardar a contraprova do Instituto Adolfo Lutz. A paciente est\u00e1 em quadro est\u00e1vel, teve alta hospitalar na quinta-feira [23] e se encontra em isolamento domiciliar&#8221;, explicou o munic\u00edpio.<\/p>\n<\/div>\n<div class=\"mc-column content-text active-extra-styles \" style=\"text-align: justify;\" data-block-type=\"unstyled\" data-block-weight=\"32\" data-block-id=\"5\">\n<p class=\"content-text__container \" data-track-category=\"Link no Texto\" data-track-links=\"\">Nesta sexta-feira (24), a Prefeitura informou que foram colhidos mais dois exames de profissionais da sa\u00fade. Al\u00e9m dos casos confirmados, constam no boletim oficial tr\u00eas casos suspeitos e cinco descartados da Covid-19.<\/p>\n<\/div>\n<div class=\"mc-column content-text active-extra-styles \" data-block-type=\"unstyled\" data-block-weight=\"29\" data-block-id=\"6\">\n<p class=\"content-text__container \" style=\"text-align: justify;\" data-track-category=\"Link no Texto\" data-track-links=\"\">O\u00a0<a href=\"https:\/\/g1.globo.com\/sp\/presidente-prudente-regiao\/noticia\/2020\/04\/23\/adamantina-confirma-segundo-caso-positivo-do-novo-coronavirus-na-cidade.ghtml\">segundo caso confirmado<\/a>\u00a0foi divulgado nesta quinta-feira (23). O paciente \u00e9 funcion\u00e1rio da \u00e1rea da sa\u00fade, n\u00e3o foi hospitalizado, cumpriu o isolamento domiciliar e n\u00e3o apresenta mais sintomas.<\/p>\n<p style=\"text-align: justify;\" data-track-category=\"Link no Texto\" data-track-links=\"\">Fonte: G1<\/p>\n<\/div>\n<\/div>\n","protected":false},"excerpt":{"rendered":"<p>Prefeitura informou que \u00e9 necess\u00e1rio aguardar a contraprova do Instituto Adolfo Lutz. Paciente de 53 anos est\u00e1 em isolamento domiciliar. A Secretaria de Sa\u00fade de\u00a0Adamantina\u00a0informou mais um caso de coronav\u00edrus na cidade. A confirma\u00e7\u00e3o veio por meio de um laborat\u00f3rio particular. Com isso, o boletim oficial desta sexta-feira (24) divulga tr\u00eas moradores que contra\u00edram a [&hellip;]<\/p>\n","protected":false},"author":1,"featured_media":24530,"comment_status":"closed","ping_status":"open","sticky":false,"template":"","format":"standard","meta":{"footnotes":""},"categories":[195,179,110],"tags":[],"class_list":["post-24529","post","type-post","status-publish","format-standard","has-post-thumbnail","hentry","category-adamantina","category-cidadeseregiao","category-noticiasdestaque"],"_links":{"self":[{"href":"https:\/\/jorgezanoni.com.br\/2019\/wp-json\/wp\/v2\/posts\/24529","targetHints":{"allow":["GET"]}}],"collection":[{"href":"https:\/\/jorgezanoni.com.br\/2019\/wp-json\/wp\/v2\/posts"}],"about":[{"href":"https:\/\/jorgezanoni.com.br\/2019\/wp-json\/wp\/v2\/types\/post"}],"author":[{"embeddable":true,"href":"https:\/\/jorgezanoni.com.br\/2019\/wp-json\/wp\/v2\/users\/1"}],"replies":[{"embeddable":true,"href":"https:\/\/jorgezanoni.com.br\/2019\/wp-json\/wp\/v2\/comments?post=24529"}],"version-history":[{"count":0,"href":"https:\/\/jorgezanoni.com.br\/2019\/wp-json\/wp\/v2\/posts\/24529\/revisions"}],"wp:featuredmedia":[{"embeddable":true,"href":"https:\/\/jorgezanoni.com.br\/2019\/wp-json\/wp\/v2\/media\/24530"}],"wp:attachment":[{"href":"https:\/\/jorgezanoni.com.br\/2019\/wp-json\/wp\/v2\/media?parent=24529"}],"wp:term":[{"taxonomy":"category","embeddable":true,"href":"https:\/\/jorgezanoni.com.br\/2019\/wp-json\/wp\/v2\/categories?post=24529"},{"taxonomy":"post_tag","embeddable":true,"href":"https:\/\/jorgezanoni.com.br\/2019\/wp-json\/wp\/v2\/tags?post=24529"}],"curies":[{"name":"wp","href":"https:\/\/api.w.org\/{rel}","templated":true}]}}