{"id":24525,"date":"2020-04-24T23:55:50","date_gmt":"2020-04-24T23:55:50","guid":{"rendered":"https:\/\/jorgezanoni.com.br\/2019\/?p=24525"},"modified":"2020-04-24T23:55:50","modified_gmt":"2020-04-24T23:55:50","slug":"prefeitura-de-lucelia-informa-mais-um-caso-positivo-do-novo-coronavirus-e-chega-a-cinco-confirmacoes","status":"publish","type":"post","link":"https:\/\/jorgezanoni.com.br\/2019\/prefeitura-de-lucelia-informa-mais-um-caso-positivo-do-novo-coronavirus-e-chega-a-cinco-confirmacoes\/","title":{"rendered":"Prefeitura de Luc\u00e9lia informa mais um caso positivo do novo coronav\u00edrus e chega a cinco confirma\u00e7\u00f5es"},"content":{"rendered":"<h2 class=\"content-head__subtitle\" style=\"text-align: justify;\"><strong>Notifica\u00e7\u00f5es subiram de 13 para 15 nesta sexta-feira (24). Oito exames ainda aguardam resultados, entre eles uma morte suspeita.<\/strong><\/h2>\n<p style=\"text-align: justify;\"><img loading=\"lazy\" decoding=\"async\" class=\"alignnone size-full wp-image-24526\" src=\"https:\/\/jorgezanoni.com.br\/2019\/wp-content\/uploads\/2020\/04\/luceilia.jpg\" alt=\"\" width=\"640\" height=\"1138\" srcset=\"https:\/\/jorgezanoni.com.br\/2019\/wp-content\/uploads\/2020\/04\/luceilia.jpg 640w, https:\/\/jorgezanoni.com.br\/2019\/wp-content\/uploads\/2020\/04\/luceilia-169x300.jpg 169w, https:\/\/jorgezanoni.com.br\/2019\/wp-content\/uploads\/2020\/04\/luceilia-576x1024.jpg 576w, https:\/\/jorgezanoni.com.br\/2019\/wp-content\/uploads\/2020\/04\/luceilia-236x420.jpg 236w\" sizes=\"auto, (max-width: 640px) 100vw, 640px\" \/>Boletim oficial da Secretaria de Sa\u00fade de Luc\u00e9lia sobre casos de coronav\u00edrus, em 24 de abril \u2014 Foto: Reprodu\u00e7\u00e3o<\/p>\n<div class=\"mc-column content-text active-extra-styles \" style=\"text-align: justify;\" data-block-type=\"unstyled\" data-block-weight=\"35\" data-block-id=\"2\">\n<p class=\"content-text__container \" data-track-category=\"Link no Texto\" data-track-links=\"\">A Secretaria de Sa\u00fade de\u00a0<a href=\"https:\/\/g1.globo.com\/sp\/presidente-prudente-regiao\/cidade\/lucelia\/\">Luc\u00e9lia<\/a>\u00a0divulgou o quinto caso positivo de Covid-19, nesta sexta-feira (24). De acordo com o boletim oficial publicado na rede social da Prefeitura, as notifica\u00e7\u00f5es subiram de 13 para 15.<\/p>\n<\/div>\n<div class=\"wall protected-content\">\n<div class=\"mc-column content-text active-extra-styles \" style=\"text-align: justify;\" data-block-type=\"unstyled\" data-block-weight=\"24\" data-block-id=\"3\">\n<p class=\"content-text__container \" data-track-category=\"Link no Texto\" data-track-links=\"\">Ainda segundo o informativo, s\u00e3o dois casos negativos, entre eles uma morte suspeita. H\u00e1 tamb\u00e9m oito exames aguardando resultado, sendo uma morte em investiga\u00e7\u00e3o.<\/p>\n<\/div>\n<div class=\"mc-column content-text active-extra-styles \" style=\"text-align: justify;\" data-block-type=\"unstyled\" data-block-weight=\"19\" data-block-id=\"4\">\n<p class=\"content-text__container \" data-track-category=\"Link no Texto\" data-track-links=\"\"><a href=\"https:\/\/g1.globo.com\/sp\/presidente-prudente-regiao\/noticia\/2020\/04\/21\/prefeitura-anuncia-duas-mortes-confirmadas-pelo-novo-coronavirus-em-lucelia.ghtml\">Duas mortes<\/a>\u00a0foram confirmadas com prova e contraprova pelo Instituto Adolfo Lutz. Na lista tem ainda um caso curado.<\/p>\n<\/div>\n<div class=\"mc-column content-text active-extra-styles \" data-block-type=\"unstyled\" data-block-weight=\"10\" data-block-id=\"5\">\n<p class=\"content-text__container \" style=\"text-align: justify;\" data-track-category=\"Link no Texto\" data-track-links=\"\">A Prefeitura n\u00e3o informou o sexo e idade das v\u00edtimas.<\/p>\n<p data-track-category=\"Link no Texto\" data-track-links=\"\">Fonte: G1<\/p>\n<\/div>\n<\/div>\n","protected":false},"excerpt":{"rendered":"<p>Notifica\u00e7\u00f5es subiram de 13 para 15 nesta sexta-feira (24). Oito exames ainda aguardam resultados, entre eles uma morte suspeita. Boletim oficial da Secretaria de Sa\u00fade de Luc\u00e9lia sobre casos de coronav\u00edrus, em 24 de abril \u2014 Foto: Reprodu\u00e7\u00e3o A Secretaria de Sa\u00fade de\u00a0Luc\u00e9lia\u00a0divulgou o quinto caso positivo de Covid-19, nesta sexta-feira (24). De acordo com [&hellip;]<\/p>\n","protected":false},"author":1,"featured_media":24527,"comment_status":"closed","ping_status":"open","sticky":false,"template":"","format":"standard","meta":{"footnotes":""},"categories":[114,110],"tags":[],"class_list":["post-24525","post","type-post","status-publish","format-standard","has-post-thumbnail","hentry","category-geralecomercio","category-noticiasdestaque"],"_links":{"self":[{"href":"https:\/\/jorgezanoni.com.br\/2019\/wp-json\/wp\/v2\/posts\/24525","targetHints":{"allow":["GET"]}}],"collection":[{"href":"https:\/\/jorgezanoni.com.br\/2019\/wp-json\/wp\/v2\/posts"}],"about":[{"href":"https:\/\/jorgezanoni.com.br\/2019\/wp-json\/wp\/v2\/types\/post"}],"author":[{"embeddable":true,"href":"https:\/\/jorgezanoni.com.br\/2019\/wp-json\/wp\/v2\/users\/1"}],"replies":[{"embeddable":true,"href":"https:\/\/jorgezanoni.com.br\/2019\/wp-json\/wp\/v2\/comments?post=24525"}],"version-history":[{"count":0,"href":"https:\/\/jorgezanoni.com.br\/2019\/wp-json\/wp\/v2\/posts\/24525\/revisions"}],"wp:featuredmedia":[{"embeddable":true,"href":"https:\/\/jorgezanoni.com.br\/2019\/wp-json\/wp\/v2\/media\/24527"}],"wp:attachment":[{"href":"https:\/\/jorgezanoni.com.br\/2019\/wp-json\/wp\/v2\/media?parent=24525"}],"wp:term":[{"taxonomy":"category","embeddable":true,"href":"https:\/\/jorgezanoni.com.br\/2019\/wp-json\/wp\/v2\/categories?post=24525"},{"taxonomy":"post_tag","embeddable":true,"href":"https:\/\/jorgezanoni.com.br\/2019\/wp-json\/wp\/v2\/tags?post=24525"}],"curies":[{"name":"wp","href":"https:\/\/api.w.org\/{rel}","templated":true}]}}