{"id":24519,"date":"2020-04-24T23:30:11","date_gmt":"2020-04-24T23:30:11","guid":{"rendered":"https:\/\/jorgezanoni.com.br\/2019\/?p=24519"},"modified":"2020-04-24T23:31:14","modified_gmt":"2020-04-24T23:31:14","slug":"junqueiropolis-confirma-mais-cinco-casos-e-chega-a-seis-moradores-infectados-pelo-novo-coronavirus","status":"publish","type":"post","link":"https:\/\/jorgezanoni.com.br\/2019\/junqueiropolis-confirma-mais-cinco-casos-e-chega-a-seis-moradores-infectados-pelo-novo-coronavirus\/","title":{"rendered":"Junqueir\u00f3polis confirma mais cinco casos e chega a seis moradores infectados pelo novo coronav\u00edrus"},"content":{"rendered":"<h2 class=\"content-head__subtitle\" style=\"text-align: justify;\"><strong>Atualiza\u00e7\u00e3o foi feita nesta sexta-feira (24), pela Vigil\u00e2ncia Epidemiol\u00f3gica do munic\u00edpio. H\u00e1 outros quatro casos em investiga\u00e7\u00e3o.<\/strong><\/h2>\n<div class=\"mc-column content-text active-extra-styles \" data-block-type=\"unstyled\" data-block-weight=\"28\" data-block-id=\"2\">\n<p class=\"content-text__container \" style=\"text-align: justify;\" data-track-category=\"Link no Texto\" data-track-links=\"\">A Prefeitura de\u00a0<a href=\"https:\/\/g1.globo.com\/sp\/presidente-prudente-regiao\/cidade\/junqueiropolis\/\">Junqueir\u00f3polis<\/a>\u00a0informou mais cinco casos positivos de novo coronav\u00edrus no munic\u00edpio, nesta sexta-feira (24). De acordo com a Vigil\u00e2ncia Epidemiol\u00f3gica, s\u00e3o seis confirma\u00e7\u00f5es ao todo.<\/p>\n<\/div>\n<div class=\"wall protected-content\">\n<div class=\"mc-column content-text active-extra-styles \" style=\"text-align: justify;\" data-block-type=\"unstyled\" data-block-weight=\"14\" data-block-id=\"3\">\n<p class=\"content-text__container \" data-track-category=\"Link no Texto\" data-track-links=\"\">Al\u00e9m das seis confirma\u00e7\u00f5es, o munic\u00edpio tem quatro casos em investiga\u00e7\u00e3o. Cinco foram descartados.<\/p>\n<\/div>\n<div class=\"mc-column content-text active-extra-styles \" style=\"text-align: justify;\" data-block-type=\"unstyled\" data-block-weight=\"26\" data-block-id=\"4\">\n<p class=\"content-text__container \" data-track-category=\"Link no Texto\" data-track-links=\"\">O \u00f3rg\u00e3o municipal informou que os novos casos confirmados foram analisados por laborat\u00f3rios particulares credenciados pelo Instituto Adolfo Lutz, e n\u00e3o ser\u00e1 necess\u00e1rio fazer a contraprova.<\/p>\n<\/div>\n<div class=\"mc-column content-text active-extra-styles \" style=\"text-align: justify;\" data-block-type=\"unstyled\" data-block-weight=\"12\" data-block-id=\"5\">\n<p class=\"content-text__container \" data-track-category=\"Link no Texto\" data-track-links=\"\">Na semana passada, a\u00a0<a href=\"https:\/\/g1.globo.com\/sp\/presidente-prudente-regiao\/noticia\/2020\/04\/17\/junqueiropolis-confirma-primeiro-caso-positivo-do-novo-coronavirus.ghtml\">Santa Casa havia divulgado o primeiro caso positivo<\/a>.<\/p>\n<\/div>\n<div class=\"mc-column content-text active-extra-styles \" data-block-type=\"unstyled\" data-block-weight=\"10\" data-block-id=\"6\">\n<p class=\"content-text__container \" style=\"text-align: justify;\" data-track-category=\"Link no Texto\" data-track-links=\"\">N\u00e3o foi informado o sexo e a idade das v\u00edtimas.<\/p>\n<p data-track-category=\"Link no Texto\" data-track-links=\"\">Fonte: G1<\/p>\n<\/div>\n<\/div>\n<p>&nbsp;<\/p>\n","protected":false},"excerpt":{"rendered":"<p>Atualiza\u00e7\u00e3o foi feita nesta sexta-feira (24), pela Vigil\u00e2ncia Epidemiol\u00f3gica do munic\u00edpio. H\u00e1 outros quatro casos em investiga\u00e7\u00e3o. A Prefeitura de\u00a0Junqueir\u00f3polis\u00a0informou mais cinco casos positivos de novo coronav\u00edrus no munic\u00edpio, nesta sexta-feira (24). De acordo com a Vigil\u00e2ncia Epidemiol\u00f3gica, s\u00e3o seis confirma\u00e7\u00f5es ao todo. Al\u00e9m das seis confirma\u00e7\u00f5es, o munic\u00edpio tem quatro casos em investiga\u00e7\u00e3o. Cinco [&hellip;]<\/p>\n","protected":false},"author":1,"featured_media":24520,"comment_status":"closed","ping_status":"open","sticky":false,"template":"","format":"standard","meta":{"footnotes":""},"categories":[179,190,110],"tags":[],"class_list":["post-24519","post","type-post","status-publish","format-standard","has-post-thumbnail","hentry","category-cidadeseregiao","category-junqueiropolis","category-noticiasdestaque"],"_links":{"self":[{"href":"https:\/\/jorgezanoni.com.br\/2019\/wp-json\/wp\/v2\/posts\/24519","targetHints":{"allow":["GET"]}}],"collection":[{"href":"https:\/\/jorgezanoni.com.br\/2019\/wp-json\/wp\/v2\/posts"}],"about":[{"href":"https:\/\/jorgezanoni.com.br\/2019\/wp-json\/wp\/v2\/types\/post"}],"author":[{"embeddable":true,"href":"https:\/\/jorgezanoni.com.br\/2019\/wp-json\/wp\/v2\/users\/1"}],"replies":[{"embeddable":true,"href":"https:\/\/jorgezanoni.com.br\/2019\/wp-json\/wp\/v2\/comments?post=24519"}],"version-history":[{"count":0,"href":"https:\/\/jorgezanoni.com.br\/2019\/wp-json\/wp\/v2\/posts\/24519\/revisions"}],"wp:featuredmedia":[{"embeddable":true,"href":"https:\/\/jorgezanoni.com.br\/2019\/wp-json\/wp\/v2\/media\/24520"}],"wp:attachment":[{"href":"https:\/\/jorgezanoni.com.br\/2019\/wp-json\/wp\/v2\/media?parent=24519"}],"wp:term":[{"taxonomy":"category","embeddable":true,"href":"https:\/\/jorgezanoni.com.br\/2019\/wp-json\/wp\/v2\/categories?post=24519"},{"taxonomy":"post_tag","embeddable":true,"href":"https:\/\/jorgezanoni.com.br\/2019\/wp-json\/wp\/v2\/tags?post=24519"}],"curies":[{"name":"wp","href":"https:\/\/api.w.org\/{rel}","templated":true}]}}