{"id":24480,"date":"2020-04-24T18:15:48","date_gmt":"2020-04-24T18:15:48","guid":{"rendered":"https:\/\/jorgezanoni.com.br\/2019\/?p=24480"},"modified":"2020-04-24T18:15:48","modified_gmt":"2020-04-24T18:15:48","slug":"unifadra-divulga-novas-datas-do-vestibular-de-inverno-de-medicina","status":"publish","type":"post","link":"https:\/\/jorgezanoni.com.br\/2019\/unifadra-divulga-novas-datas-do-vestibular-de-inverno-de-medicina\/","title":{"rendered":"Unifadra divulga novas datas do Vestibular de Inverno de Medicina"},"content":{"rendered":"<p style=\"text-align: justify;\">A Faculdade Unifadra, mantida pela Fundec em Dracena, prorrogou o prazo para inscri\u00e7\u00f5es e adiou a data de realiza\u00e7\u00e3o do Vestibular de Inverno de Medicina.<br \/>\nA nova data da prova ser\u00e1 no dia 30 de agosto, \u00e0s 13h, e as inscri\u00e7\u00f5es podem ser feitas no site da Vunesp (<a href=\"http:\/\/www.vunesp.com.br\/\" target=\"_blank\" rel=\"noopener noreferrer\">www.vunesp.com.br<\/a>) at\u00e9 o dia 10 de agosto.<br \/>\nEst\u00e3o dispon\u00edveis 66 vagas para este processo seletivo. Os candidatos dever\u00e3o se inscrever exclusivamente pelo site\u00a0<a href=\"http:\/\/www.vunesp.com.br\/\" target=\"_blank\" rel=\"noopener noreferrer\">www.vunesp.com.br<\/a>\u00a0. Os aprovados neste vestibular iniciar\u00e3o suas aulas em 2021. Mais informa\u00e7\u00f5es:\u00a0<a href=\"http:\/\/www.fundec.edu.br\/\" target=\"_blank\" rel=\"noopener noreferrer\">www.fundec.edu.br<\/a> ou WhatsApp (18) 99802-1237.<\/p>\n<p style=\"text-align: justify;\">Atenciosamente,<\/p>\n<p style=\"text-align: justify;\">Carolina Colnago<br \/>\nDepartamento de Comunica\u00e7\u00e3o da Fundec<\/p>\n","protected":false},"excerpt":{"rendered":"<p>A Faculdade Unifadra, mantida pela Fundec em Dracena, prorrogou o prazo para inscri\u00e7\u00f5es e adiou a data de realiza\u00e7\u00e3o do Vestibular de Inverno de Medicina. A nova data da prova ser\u00e1 no dia 30 de agosto, \u00e0s 13h, e as inscri\u00e7\u00f5es podem ser feitas no site da Vunesp (www.vunesp.com.br) at\u00e9 o dia 10 de agosto. [&hellip;]<\/p>\n","protected":false},"author":1,"featured_media":24481,"comment_status":"closed","ping_status":"open","sticky":false,"template":"","format":"standard","meta":{"footnotes":""},"categories":[110,122],"tags":[],"class_list":["post-24480","post","type-post","status-publish","format-standard","has-post-thumbnail","hentry","category-noticiasdestaque","category-saudeeducacaoeconcurso"],"_links":{"self":[{"href":"https:\/\/jorgezanoni.com.br\/2019\/wp-json\/wp\/v2\/posts\/24480","targetHints":{"allow":["GET"]}}],"collection":[{"href":"https:\/\/jorgezanoni.com.br\/2019\/wp-json\/wp\/v2\/posts"}],"about":[{"href":"https:\/\/jorgezanoni.com.br\/2019\/wp-json\/wp\/v2\/types\/post"}],"author":[{"embeddable":true,"href":"https:\/\/jorgezanoni.com.br\/2019\/wp-json\/wp\/v2\/users\/1"}],"replies":[{"embeddable":true,"href":"https:\/\/jorgezanoni.com.br\/2019\/wp-json\/wp\/v2\/comments?post=24480"}],"version-history":[{"count":0,"href":"https:\/\/jorgezanoni.com.br\/2019\/wp-json\/wp\/v2\/posts\/24480\/revisions"}],"wp:featuredmedia":[{"embeddable":true,"href":"https:\/\/jorgezanoni.com.br\/2019\/wp-json\/wp\/v2\/media\/24481"}],"wp:attachment":[{"href":"https:\/\/jorgezanoni.com.br\/2019\/wp-json\/wp\/v2\/media?parent=24480"}],"wp:term":[{"taxonomy":"category","embeddable":true,"href":"https:\/\/jorgezanoni.com.br\/2019\/wp-json\/wp\/v2\/categories?post=24480"},{"taxonomy":"post_tag","embeddable":true,"href":"https:\/\/jorgezanoni.com.br\/2019\/wp-json\/wp\/v2\/tags?post=24480"}],"curies":[{"name":"wp","href":"https:\/\/api.w.org\/{rel}","templated":true}]}}