{"id":24477,"date":"2020-04-24T14:52:22","date_gmt":"2020-04-24T14:52:22","guid":{"rendered":"https:\/\/jorgezanoni.com.br\/2019\/?p=24477"},"modified":"2020-04-24T14:52:22","modified_gmt":"2020-04-24T14:52:22","slug":"moro-anuncia-demissao-do-ministerio-da-justica-e-deixa-o-governo-bolsonaro","status":"publish","type":"post","link":"https:\/\/jorgezanoni.com.br\/2019\/moro-anuncia-demissao-do-ministerio-da-justica-e-deixa-o-governo-bolsonaro\/","title":{"rendered":"Moro anuncia demiss\u00e3o do Minist\u00e9rio da Justi\u00e7a e deixa o governo Bolsonaro"},"content":{"rendered":"<h2 class=\"content-head__subtitle\" style=\"text-align: justify;\"><strong>Ex-juiz da Lava Jato foi anunciado como ministro de Bolsonaro em novembro de 2018. Moro \u00e9 o nono ministro a sair do governo.<\/strong><\/h2>\n<article>\n<div class=\"mc-column content-text active-extra-styles \" data-block-type=\"unstyled\" data-block-weight=\"36\" data-block-id=\"2\">\n<p class=\"content-text__container \" style=\"text-align: justify;\" data-track-category=\"Link no Texto\" data-track-links=\"\">O ministro da Justi\u00e7a e Seguran\u00e7a P\u00fablica,\u00a0<a href=\"https:\/\/g1.globo.com\/tudo-sobre\/sergio-moro\/https:\/\/g1.globo.com\/tudo-sobre\/sergio-moro\/\">Sergio Moro<\/a>, anunciou a demiss\u00e3o nesta sexta-feira (24). O ex-juiz federal deixa a pasta ap\u00f3s um ano e quatro meses no primeiro escal\u00e3o do governo do presidente\u00a0<a href=\"https:\/\/g1.globo.com\/politica\/politico\/jair-bolsonaro\/\">Jair Bolsonaro<\/a>.<\/p>\n<\/div>\n<div class=\"wall protected-content\" style=\"text-align: justify;\">\n<div class=\"mc-column content-text active-extra-styles \" data-block-type=\"unstyled\" data-block-weight=\"33\" data-block-id=\"3\">\n<p class=\"content-text__container \" data-track-category=\"Link no Texto\" data-track-links=\"\">A demiss\u00e3o foi motivada pela decis\u00e3o de Bolsonaro de trocar o diretor-geral da\u00a0<a href=\"https:\/\/g1.globo.com\/tudo-sobre\/policia-federal\/\">Pol\u00edcia Federal<\/a>, Maur\u00edcio Valeixo, indicado para o posto pelo agora ex-ministro. A Pol\u00edcia Federal \u00e9 vinculada \u00e0 pasta da Justi\u00e7a.<\/p>\n<\/div>\n<div class=\"mc-column content-text active-extra-styles \" data-block-type=\"unstyled\" data-block-weight=\"40\" data-block-id=\"4\">\n<p class=\"content-text__container \" data-track-category=\"Link no Texto\" data-track-links=\"\">Ao anunciar a demiss\u00e3o, em pronunciamento na manh\u00e3 desta sexta-feira no Minist\u00e9rio da Justi\u00e7a, Moro afirmou que disse para Bolsonaro que n\u00e3o se opunha \u00e0 troca de comando na PF, desde que o presidente lhe apresentasse uma raz\u00e3o para isso.<\/p>\n<\/div>\n<div class=\"mc-column content-text active-extra-styles \" data-block-type=\"unstyled\" data-block-weight=\"24\" data-block-id=\"5\">\n<p class=\"content-text__container \" data-track-category=\"Link no Texto\" data-track-links=\"\">&#8220;Presidente, eu n\u00e3o tenho nenhum problema em troca do diretor, mas eu preciso de uma causa, [como, por exemplo], um erro grave&#8221;, disse Moro.<\/p>\n<\/div>\n<div class=\"mc-column content-text active-extra-styles \" data-block-type=\"unstyled\" data-block-weight=\"36\" data-block-id=\"6\">\n<p class=\"content-text__container \" data-track-category=\"Link no Texto\" data-track-links=\"\">Moro disse ainda que o problema n\u00e3o \u00e9 a troca em si, mas o motivo pelo qual Bolsonaro tomou a atitude. Segundo o agora ex-ministro, Bolsonaro quer &#8220;colher&#8221; informa\u00e7\u00f5es dentro da PF, como relat\u00f3rios de intelig\u00eancia.<\/p>\n<\/div>\n<div class=\"mc-column content-text active-extra-styles\" data-block-type=\"raw\" data-block-weight=\"49\" data-block-id=\"7\">\n<blockquote class=\"content-blockquote theme-border-color-primary-before\"><p>&#8220;O grande problema \u00e9 por que trocar e permitir que seja feita interfer\u00eancia pol\u00edtica no \u00e2mbito da PF. O presidente me disse que queria colocar uma pessoa dele, que ele pudesse colher informa\u00e7\u00f5es, relat\u00f3rios de intelig\u00eancia. Realmente, n\u00e3o \u00e9 papel da PF prestar esse tipo de informa\u00e7\u00e3o&#8221;, disse Moro.<\/p><\/blockquote>\n<\/div>\n<div class=\"content-ads content-ads--reveal\" data-block-type=\"ads\" data-block-id=\"8\"><\/div>\n<div class=\"mc-column content-text active-extra-styles \" data-block-type=\"unstyled\" data-block-weight=\"28\" data-block-id=\"9\">\n<p class=\"content-text__container \" data-track-category=\"Link no Texto\" data-track-links=\"\">De acordo com Moro, ele disse para Bolsonaro que a troca de comando na PF seria uma interfer\u00eancia pol\u00edtica na corpora\u00e7\u00e3o. Ele afirmou que Bolsonaro admitiu a interfer\u00eancia.<\/p>\n<\/div>\n<div class=\"mc-column content-text active-extra-styles \" data-block-type=\"unstyled\" data-block-weight=\"16\" data-block-id=\"10\">\n<p class=\"content-text__container \" data-track-category=\"Link no Texto\" data-track-links=\"\">&#8220;Falei para o presidente que seria uma interfer\u00eancia pol\u00edtica. Ele disse que seria mesmo&#8221;, revelou Moro.<\/p>\n<\/div>\n<div class=\"mc-column content-text active-extra-styles \" data-block-type=\"unstyled\" data-block-weight=\"18\" data-block-id=\"11\">\n<p class=\"content-text__container \" data-track-category=\"Link no Texto\" data-track-links=\"\">O agora ex-ministro contou que Bolsonaro vem tentando trocar o comando da PF desde o ano passado.<\/p>\n<\/div>\n<div class=\"mc-column content-text active-extra-styles \" data-block-type=\"unstyled\" data-block-weight=\"20\" data-block-id=\"12\">\n<p class=\"content-text__container \" data-track-category=\"Link no Texto\" data-track-links=\"\">&#8220;A partir do segundo semestre [de 2019] passou a haver uma insist\u00eancia do presidente na troca do comando da PF.&#8221;<\/p>\n<\/div>\n<div class=\"mc-column content-text active-extra-styles\" data-block-type=\"raw\" data-block-weight=\"3\" data-block-id=\"13\">\n<div class=\"content-intertitle\">\n<h2>&#8216;N\u00e3o assinei exonera\u00e7\u00e3o&#8217;<\/h2>\n<\/div>\n<\/div>\n<div class=\"mc-column content-text active-extra-styles \" data-block-type=\"unstyled\" data-block-weight=\"18\" data-block-id=\"14\">\n<p class=\"content-text__container \" data-track-category=\"Link no Texto\" data-track-links=\"\">Moro afirmou ainda que n\u00e3o assinou a exonera\u00e7\u00e3o de Valeixo, ao contr\u00e1rio do que aparece no &#8220;Di\u00e1rio Oficial&#8221;.<\/p>\n<\/div>\n<div class=\"mc-column content-text active-extra-styles \" data-block-type=\"unstyled\" data-block-weight=\"20\" data-block-id=\"15\">\n<p class=\"content-text__container \" data-track-category=\"Link no Texto\" data-track-links=\"\">&#8220;Eu n\u00e3o assinei esse decreto e em nenhum momento o diretor da PF apresentou um pedido oficial de exonera\u00e7\u00e3o&#8221;, disse.<\/p>\n<\/div>\n<div class=\"mc-column content-text active-extra-styles\" data-block-type=\"raw\" data-block-weight=\"2\" data-block-id=\"16\">\n<div class=\"content-intertitle\">\n<h2>&#8216;Carta branca&#8217;<\/h2>\n<\/div>\n<\/div>\n<div class=\"mc-column content-text active-extra-styles \" data-block-type=\"unstyled\" data-block-weight=\"28\" data-block-id=\"17\">\n<p class=\"content-text__container \" data-track-category=\"Link no Texto\" data-track-links=\"\">Moro tamb\u00e9m disse que, quando foi convidado por Bolsonaro para o minist\u00e9rio, o presidente lhe deu &#8220;carta-branca&#8221; para nomear quem quisesse, inclusive para o comando da Pol\u00edcia Federal.<\/p>\n<\/div>\n<div class=\"mc-column content-text active-extra-styles \" data-block-type=\"unstyled\" data-block-weight=\"29\" data-block-id=\"18\">\n<p class=\"content-text__container \" data-track-category=\"Link no Texto\" data-track-links=\"\">&#8220;Foi me prometido na ocasi\u00e3o carta branca para nomear todos os assessores, inclusive nos \u00f3rg\u00e3os judiciais, como a Pol\u00edcia Rodovi\u00e1ria Federal e Pol\u00edcia Federal&#8221;, afirmou o agora ex-ministro.<\/p>\n<\/div>\n<div class=\"mc-column content-text active-extra-styles \" data-block-type=\"unstyled\" data-block-weight=\"45\" data-block-id=\"19\">\n<p class=\"content-text__container \" data-track-category=\"Link no Texto\" data-track-links=\"\">No an\u00fancio, Moro chegou a se emocionar e a ficar com a voz embargada. Foi quando ele disse que havia pedido ao presidente uma \u00fanica condi\u00e7\u00e3o para assumir cargo: que sua fam\u00edlia ganhasse uma pens\u00e3o caso algo de grave lhe acontecesse no exerc\u00edcio da fun\u00e7\u00e3o.<\/p>\n<\/div>\n<div class=\"mc-column content-text active-extra-styles \" data-block-type=\"unstyled\" data-block-weight=\"43\" data-block-id=\"20\">\n<p class=\"content-text__container \" data-track-category=\"Link no Texto\" data-track-links=\"\">&#8220;Tem uma \u00fanica condi\u00e7\u00e3o que coloquei. Eu n\u00e3o ia revelar, mas agora isso n\u00e3o faz sentido. Eu disse que, como estava saindo da magistratura, contribu\u00ed durante 22 anos, pedi que, se algo me acontecesse, que minha fam\u00edlia n\u00e3o ficasse desamparada&#8221;, disse Moro.<\/p>\n<\/div>\n<div class=\"mc-column content-text active-extra-styles\" data-block-type=\"raw\" data-block-weight=\"5\" data-block-id=\"21\">\n<div class=\"content-intertitle\">\n<h2>Demiss\u00e3o do diretor da PF<\/h2>\n<\/div>\n<\/div>\n<div class=\"mc-column content-text active-extra-styles \" data-block-type=\"unstyled\" data-block-weight=\"43\" data-block-id=\"22\">\n<p class=\"content-text__container \" data-track-category=\"Link no Texto\" data-track-links=\"\"><a href=\"https:\/\/g1.globo.com\/politica\/noticia\/2020\/04\/24\/moro-nao-assinou-demissao-de-valeixo-e-nao-esperava-que-decisao-saisse-nesta-sexta.ghtml\">Moro foi surpreendido com a publica\u00e7\u00e3o da exonera\u00e7\u00e3o de Valeixo<\/a>\u00a0nesta sexta-feira. Fontes ligadas ao ministro disseram que ele n\u00e3o assinou a exonera\u00e7\u00e3o, apesar de o nome dele constar, ao lado do nome de Bolsonaro, no ato que oficializou a sa\u00edda de Valeixo.<\/p>\n<\/div>\n<div class=\"content-ads content-ads--reveal\" data-block-type=\"ads\" data-block-id=\"23\"><\/div>\n<div class=\"mc-column content-text active-extra-styles \" data-block-type=\"unstyled\" data-block-weight=\"44\" data-block-id=\"24\">\n<p class=\"content-text__container \" data-track-category=\"Link no Texto\" data-track-links=\"\">Moro foi anunciado como ministro de Bolsonaro em novembro de 2018, logo ap\u00f3s a elei\u00e7\u00e3o presidencial. O magistrado ganhou notoriedade como juiz de processos da\u00a0<a href=\"https:\/\/g1.globo.com\/politica\/operacao-lava-jato\/\">Opera\u00e7\u00e3o Lava Jato<\/a>, entre os quais o que\u00a0<a href=\"https:\/\/g1.globo.com\/politica\/noticia\/entenda-a-condenacao-de-lula-no-caso-do-triplex.ghtml\">condenou o ex-presidente Lula no caso do triplex do Guaruj\u00e1<\/a>.<\/p>\n<\/div>\n<div class=\"mc-column content-text active-extra-styles \" data-block-type=\"unstyled\" data-block-weight=\"25\" data-block-id=\"25\">\n<p class=\"content-text__container \" data-track-category=\"Link no Texto\" data-track-links=\"\">Na oportunidade, Bolsonaro garantiu autonomia a Moro na escolha de cargos de segundo e terceiro escal\u00e3o. O ministro teria \u201ccarta branca\u201d no combate \u00e0 corrup\u00e7\u00e3o.<\/p>\n<\/div>\n<div class=\"mc-column content-text active-extra-styles \" data-block-type=\"unstyled\" data-block-weight=\"49\" data-block-id=\"26\">\n<p class=\"content-text__container \" data-track-category=\"Link no Texto\" data-track-links=\"\">&#8220;Conversamos por uns 40 minutos e ele [Moro] exp\u00f4s o que pretende fazer caso seja ministro e eu concordei com 100% do que ele prop\u00f4s. Ele queria uma liberdade total para combater a corrup\u00e7\u00e3o e o crime organizado, e um minist\u00e9rio com poderes para tal&#8221;, declarou Bolsonaro \u00e0 \u00e9poca.<\/p>\n<\/div>\n<div class=\"mc-column content-text active-extra-styles \" data-block-type=\"unstyled\" data-block-weight=\"38\" data-block-id=\"27\">\n<p class=\"content-text__container \" data-track-category=\"Link no Texto\" data-track-links=\"\">&#8220;\u00c9 um minist\u00e9rio importante e, inclusive, ficou bem claro em conversa entre n\u00f3s que qualquer pessoa que porventura apare\u00e7a nos notici\u00e1rios policiais vai ser investigada e n\u00e3o vai sofrer qualquer interfer\u00eancia por parte da minha pessoa&#8221;, acrescentou Bolsonaro.<\/p>\n<\/div>\n<div class=\"mc-column content-text active-extra-styles\" data-block-type=\"raw\" data-block-weight=\"1\" data-block-id=\"28\">\n<div class=\"content-intertitle\">\n<h2>Interfer\u00eancias<\/h2>\n<\/div>\n<\/div>\n<div class=\"mc-column content-text active-extra-styles \" data-block-type=\"unstyled\" data-block-weight=\"38\" data-block-id=\"29\">\n<p class=\"content-text__container \" data-track-category=\"Link no Texto\" data-track-links=\"\">Ap\u00f3s o in\u00edcio do governo, Moro e Bolsonaro tiveram uma rela\u00e7\u00e3o marcada por epis\u00f3dios de interfer\u00eancia do presidente no minist\u00e9rio. Bolsonaro chegou a dizer que tinha poder de veto nas pastas, pois \u201cquem manda\u201d no governo \u00e9 ele.<\/p>\n<\/div>\n<div class=\"mc-column content-text active-extra-styles \" data-block-type=\"unstyled\" data-block-weight=\"31\" data-block-id=\"30\">\n<p class=\"content-text__container \" data-track-category=\"Link no Texto\" data-track-links=\"\">Um dos epis\u00f3dios de interfer\u00eancia ocorreu em fevereiro de 2018, quando Moro, ap\u00f3s reclama\u00e7\u00e3o de Bolsonaro,\u00a0<a href=\"https:\/\/g1.globo.com\/politica\/noticia\/2019\/02\/28\/ministerio-revoga-nomeacao-de-ilona-szabo-para-conselho-apos-repercussao-negativa.ghtml\">revogou a nomea\u00e7\u00e3o de Ilona Szab\u00f3<\/a>\u00a0para o Conselho Nacional de Pol\u00edtica Criminal e Penitenci\u00e1ria.<\/p>\n<\/div>\n<div class=\"mc-column content-text active-extra-styles \" data-block-type=\"unstyled\" data-block-weight=\"37\" data-block-id=\"31\">\n<p class=\"content-text__container \" data-track-category=\"Link no Texto\" data-track-links=\"\">Cientista pol\u00edtica, mestra em estudos de conflito e paz pela Universidade de Uppsala (Su\u00e9cia) e fundadora do Instituto Igarap\u00e9, Ilona Szab\u00f3 atuou na ONG Viva Rio e foi uma das coordenadoras da campanha nacional de desarmamento.<\/p>\n<\/div>\n<div class=\"mc-column content-text active-extra-styles \" data-block-type=\"unstyled\" data-block-weight=\"25\" data-block-id=\"32\">\n<p class=\"content-text__container \" data-track-category=\"Link no Texto\" data-track-links=\"\">Bolsonaro \u00e9 a favor de facilitar o acesso da popula\u00e7\u00e3o a armas e ignorou sugest\u00f5es feitas pelo ministro da Justi\u00e7a para o decreto das armas.<\/p>\n<\/div>\n<div class=\"mc-column content-text active-extra-styles\" data-block-type=\"raw\" data-block-weight=\"1\" data-block-id=\"33\">\n<div class=\"content-intertitle\">\n<h2>Valeixo<\/h2>\n<\/div>\n<\/div>\n<div class=\"mc-column content-text active-extra-styles \" data-block-type=\"unstyled\" data-block-weight=\"26\" data-block-id=\"34\">\n<p class=\"content-text__container \" data-track-category=\"Link no Texto\" data-track-links=\"\">A situa\u00e7\u00e3o da PF tamb\u00e9m abalou a rela\u00e7\u00e3o entre Bolsonaro e Moro. O presidente pretendia desde o ano passado tirar Valeixo do comando do \u00f3rg\u00e3o.<\/p>\n<\/div>\n<div class=\"content-ads content-ads--reveal\" data-block-type=\"ads\" data-block-id=\"35\"><\/div>\n<div class=\"mc-column content-text active-extra-styles \" data-block-type=\"unstyled\" data-block-weight=\"27\" data-block-id=\"36\">\n<p class=\"content-text__container \" data-track-category=\"Link no Texto\" data-track-links=\"\">Delegado de carreira, Valeixo foi superintendente da PF no Paran\u00e1 e atuou na Lava Jato. A experi\u00eancia o fez ser escolhido por Moro para chefiar a PF.<\/p>\n<\/div>\n<div class=\"mc-column content-text active-extra-styles \" data-block-type=\"unstyled\" data-block-weight=\"40\" data-block-id=\"37\">\n<p class=\"content-text__container \" data-track-category=\"Link no Texto\" data-track-links=\"\">A liberdade que Moro teve para escolher Valeixo e superintendentes regionais da PF foi minada aos poucos. Em agosto de 2018, sem o conhecimento da c\u00fapula da Pol\u00edcia Federal,\u00a0<a href=\"https:\/\/g1.globo.com\/jornal-nacional\/noticia\/2019\/08\/16\/troca-de-comando-na-pf-do-rio-provoca-reacao-de-bolsonaro.ghtml\">Bolsonaro anunciou a troca do superintendente do Rio de Janeiro.<\/a><\/p>\n<\/div>\n<div class=\"mc-column content-text active-extra-styles \" data-block-type=\"unstyled\" data-block-weight=\"23\" data-block-id=\"38\">\n<p class=\"content-text__container \" data-track-category=\"Link no Texto\" data-track-links=\"\">A fala gerou amea\u00e7a de entrega de cargos na PF. A troca na superintend\u00eancia ocorreu, mas Moro e Valeixo continuaram nas suas fun\u00e7\u00f5es.<\/p>\n<\/div>\n<div class=\"mc-column content-text active-extra-styles\" data-block-type=\"raw\" data-block-weight=\"1\" data-block-id=\"39\">\n<div class=\"content-intertitle\">\n<h2>Coaf<\/h2>\n<\/div>\n<\/div>\n<div class=\"mc-column content-text active-extra-styles \" data-block-type=\"unstyled\" data-block-weight=\"51\" data-block-id=\"40\">\n<p class=\"content-text__container \" data-track-category=\"Link no Texto\" data-track-links=\"\">A rela\u00e7\u00e3o entre ministro e presidente tamb\u00e9m foi abalada, segundo o jornal &#8220;O Globo&#8221;, pelo fato de Moro ter pedido ao presidente do\u00a0<a href=\"https:\/\/g1.globo.com\/tudo-sobre\/supremo-tribunal-federal\/\">Supremo Tribunal Federal<\/a>\u00a0(STF),\u00a0<a href=\"https:\/\/g1.globo.com\/tudo-sobre\/dias-toffoli\/\">Dias Toffoli<\/a>, a revis\u00e3o de uma\u00a0<a href=\"https:\/\/g1.globo.com\/politica\/noticia\/2019\/07\/16\/toffoli-atende-flavio-bolsonaro-e-suspende-apuracoes-com-dados-do-coaf-e-do-fisco-sem-aval-judicial.ghtml\">decis\u00e3o que restringiu o compartilhamento de relat\u00f3rios do Coaf\u00a0<\/a>com os minist\u00e9rios p\u00fablicos e a Pol\u00edcia Federal.<\/p>\n<\/div>\n<div class=\"mc-column content-text active-extra-styles \" data-block-type=\"unstyled\" data-block-weight=\"27\" data-block-id=\"41\">\n<p class=\"content-text__container \" data-track-category=\"Link no Texto\" data-track-links=\"\">O movimento do ministro irritou o presidente Jair Bolsonaro, pois a liminar atendia a um pedido da defesa do senador\u00a0<a href=\"https:\/\/g1.globo.com\/politica\/politico\/flavio-bolsonaro\/\">Fl\u00e1vio Bolsonaro<\/a>\u00a0(PSL-RJ), filho do presidente.<\/p>\n<\/div>\n<div class=\"mc-column content-text active-extra-styles \" data-block-type=\"unstyled\" data-block-weight=\"37\" data-block-id=\"42\">\n<p class=\"content-text__container \" data-track-category=\"Link no Texto\" data-track-links=\"\">Um relat\u00f3rio do Coaf apontou movimenta\u00e7\u00f5es at\u00edpicas de Fabr\u00edcio Queiroz, ex-assessor de Fl\u00e1vio Bolsonaro na Assembleia Legislativa do Rio de Janeiro. A defesa argumentou que dados dessas movimenta\u00e7\u00f5es foram repassados ao Minist\u00e9rio P\u00fablico sem a autoriza\u00e7\u00e3o judicial.<\/p>\n<\/div>\n<div class=\"mc-column content-text active-extra-styles \" data-block-type=\"unstyled\" data-block-weight=\"34\" data-block-id=\"43\">\n<p class=\"content-text__container \" data-track-category=\"Link no Texto\" data-track-links=\"\">No caso do Coaf, a transfer\u00eancia do \u00f3rg\u00e3o para o Banco Central levou \u00e0 queda de um dos principais aliados de Moro na Lava Jato, o auditor Roberto Leonel, demitido do comando da estrutura.<\/p>\n<\/div>\n<div class=\"mc-column content-text active-extra-styles\" data-block-type=\"raw\" data-block-weight=\"1\" data-block-id=\"44\">\n<div class=\"content-intertitle\">\n<h2>Coronav\u00edrus<\/h2>\n<\/div>\n<\/div>\n<div class=\"mc-column content-text active-extra-styles \" data-block-type=\"unstyled\" data-block-weight=\"15\" data-block-id=\"45\">\n<p class=\"content-text__container \" data-track-category=\"Link no Texto\" data-track-links=\"\">Com a pandemia do novo\u00a0<a href=\"https:\/\/g1.globo.com\/bemestar\/coronavirus\/\">coronav\u00edrus<\/a>, Moro e Bolsonaro deram outros sinais de descompasso.<\/p>\n<\/div>\n<div class=\"mc-column content-text active-extra-styles \" data-block-type=\"unstyled\" data-block-weight=\"27\" data-block-id=\"46\">\n<p class=\"content-text__container \" data-track-category=\"Link no Texto\" data-track-links=\"\">Moro defendeu em falas p\u00fablicas o isolamento como forma de tentar conter o cont\u00e1gio, mais alinhado ao que dizia o ex-ministro da Sa\u00fade,\u00a0<a href=\"https:\/\/g1.globo.com\/politica\/politico\/luiz-henrique-mandetta\/\">Luiz Henrique Mandetta<\/a>.<\/p>\n<\/div>\n<div class=\"mc-column content-text active-extra-styles \" data-block-type=\"unstyled\" data-block-weight=\"33\" data-block-id=\"47\">\n<p class=\"content-text__container \" data-track-category=\"Link no Texto\" data-track-links=\"\">Bolsonaro, por sua vez, fala em isolar somente idosos e pessoas com doen\u00e7as cr\u00f4nicas. Ele prega a volta do com\u00e9rcio, a retomada das aulas e reabertura de fronteiras com Uruguai e Paraguai.<\/p>\n<\/div>\n<div class=\"content-ads content-ads--reveal\" data-block-type=\"ads\" data-block-id=\"48\"><\/div>\n<div class=\"mc-column content-text active-extra-styles\" data-block-type=\"raw\" data-block-weight=\"1\" data-block-id=\"49\">\n<div class=\"content-intertitle\">\n<h2>Supremo<\/h2>\n<\/div>\n<\/div>\n<div class=\"mc-column content-text active-extra-styles \" data-block-type=\"unstyled\" data-block-weight=\"50\" data-block-id=\"50\">\n<p class=\"content-text__container \" data-track-category=\"Link no Texto\" data-track-links=\"\">Visto por analistas pol\u00edticos como um poss\u00edvel postulante ao Planalto em 2022, desde a escolha para chefia a pasta da Justi\u00e7a, Moro figurou como um poss\u00edvel indicado por Bolsonaro para as duas vagas no STF que ser\u00e3o abertas com as aposentadorias dos ministros\u00a0<a href=\"https:\/\/g1.globo.com\/tudo-sobre\/celso-de-mello\/\">Celso de Mello<\/a>\u00a0e<a href=\"https:\/\/g1.globo.com\/tudo-sobre\/marco-aurelio-mello\/\">\u00a0Marco Aur\u00e9lio Mello<\/a>.<\/p>\n<\/div>\n<div class=\"mc-column content-text active-extra-styles \" data-block-type=\"unstyled\" data-block-weight=\"22\" data-block-id=\"51\">\n<p class=\"content-text__container \" data-track-category=\"Link no Texto\" data-track-links=\"\">Bolsonaro costumava elogiar o perfil de Moro, mas tamb\u00e9m declarou o desejo de indicar um ministro &#8220;terrivelmente evang\u00e9lico&#8221; para a Corte.<\/p>\n<\/div>\n<div class=\"mc-column content-text active-extra-styles\" data-block-type=\"raw\" data-block-weight=\"1\" data-block-id=\"52\">\n<div class=\"content-intertitle\">\n<h2>Perfil<\/h2>\n<\/div>\n<\/div>\n<div class=\"mc-column content-text active-extra-styles \" data-block-type=\"unstyled\" data-block-weight=\"31\" data-block-id=\"53\">\n<p class=\"content-text__container \" data-track-category=\"Link no Texto\" data-track-links=\"\">Nascido em 1972 em Maring\u00e1, no norte do Paran\u00e1, Moro ganhou visibilidade como juiz da 13\u00aa Vara Federal Criminal de Curitiba \u2013 especializada em crimes financeiros e de lavagem de dinheiro.<\/p>\n<\/div>\n<div class=\"mc-column content-text active-extra-styles \" data-block-type=\"unstyled\" data-block-weight=\"17\" data-block-id=\"54\">\n<p class=\"content-text__container \" data-track-category=\"Link no Texto\" data-track-links=\"\">Ele ficou conhecido nacionalmente por ser o juiz respons\u00e1vel pelos processos da Lava Jato na primeira inst\u00e2ncia.<\/p>\n<\/div>\n<div class=\"mc-column content-text active-extra-styles \" data-block-type=\"unstyled\" data-block-weight=\"29\" data-block-id=\"55\">\n<p class=\"content-text__container \" data-track-category=\"Link no Texto\" data-track-links=\"\">Antes da opera\u00e7\u00e3o, Moro trabalhou no caso Banestado e atuou como auxiliar da ministra do Supremo Tribunal Federal (STF) Rosa Weber, em 2012, no caso do Mensal\u00e3o do PT.<\/p>\n<\/div>\n<div class=\"mc-column content-text active-extra-styles \" data-block-type=\"unstyled\" data-block-weight=\"50\" data-block-id=\"56\">\n<p class=\"content-text__container \" data-track-category=\"Link no Texto\" data-track-links=\"\">A Opera\u00e7\u00e3o Lava Jato, que teve a 1\u00aa fase deflagrada em 17 de mar\u00e7o de 2014, come\u00e7ou com a investiga\u00e7\u00e3o de lavagem de dinheiro em um posto de combust\u00edveis e chegou a um esquema criminoso de fraude, corrup\u00e7\u00e3o e lavagem de dinheiro na Petrobras. Posteriormente, a a\u00e7\u00e3o alcan\u00e7ou outras estatais.<\/p>\n<\/div>\n<div class=\"mc-column content-text active-extra-styles \" data-block-type=\"unstyled\" data-block-weight=\"27\" data-block-id=\"57\">\n<p class=\"content-text__container \" data-track-category=\"Link no Texto\" data-track-links=\"\">Em mais de quatro anos de Lava Jato, o magistrado sentenciou 46 processos, que condenaram 140 pessoas por crimes como corrup\u00e7\u00e3o, lavagem de dinheiro e organiza\u00e7\u00e3o criminosa.<\/p>\n<\/div>\n<div class=\"mc-column content-text active-extra-styles \" data-block-type=\"unstyled\" data-block-weight=\"29\" data-block-id=\"58\">\n<p class=\"content-text__container \" data-track-category=\"Link no Texto\" data-track-links=\"\">Entre os pol\u00edticos condenados 13\u00aa Vara Federal de Curitiba est\u00e3o o ex-presidente Luiz In\u00e1cio Lula da Silva (PT) e o deputado cassado e ex-presidente da C\u00e2mara Eduardo Cunha (MDB).<\/p>\n<\/div>\n<div data-track-category=\"multicontent\" data-track-action=\"ultimo chunk conteudo\" data-track-noninteraction=\"false\" data-track-scroll=\"view\">\n<div class=\"mc-column content-text active-extra-styles \" data-block-type=\"unstyled\" data-block-weight=\"18\" data-block-id=\"59\">\n<p class=\"content-text__container \" data-track-category=\"Link no Texto\" data-track-links=\"\">Doleiros, ex-diretores da Petrobras e empres\u00e1rios ligados a grandes empreiteiras do pa\u00eds tamb\u00e9m j\u00e1 foram condenados por Moro.<\/p>\n<\/div>\n<\/div>\n<\/div>\n<\/article>\n<div class=\"mc-column entities\">\n<p style=\"text-align: justify;\">Fonte: https:\/\/g1.globo.com\/politica\/noticia\/2020\/04\/24\/moro-anuncia-demissao-do-ministerio-da-justica-e-deixa-o-governo-bolsonaro.ghtml<\/p>\n<\/div>\n","protected":false},"excerpt":{"rendered":"<p>Ex-juiz da Lava Jato foi anunciado como ministro de Bolsonaro em novembro de 2018. Moro \u00e9 o nono ministro a sair do governo. O ministro da Justi\u00e7a e Seguran\u00e7a P\u00fablica,\u00a0Sergio Moro, anunciou a demiss\u00e3o nesta sexta-feira (24). O ex-juiz federal deixa a pasta ap\u00f3s um ano e quatro meses no primeiro escal\u00e3o do governo do [&hellip;]<\/p>\n","protected":false},"author":1,"featured_media":24478,"comment_status":"closed","ping_status":"open","sticky":false,"template":"","format":"standard","meta":{"footnotes":""},"categories":[110,116],"tags":[],"class_list":["post-24477","post","type-post","status-publish","format-standard","has-post-thumbnail","hentry","category-noticiasdestaque","category-politicaeeconomia"],"_links":{"self":[{"href":"https:\/\/jorgezanoni.com.br\/2019\/wp-json\/wp\/v2\/posts\/24477","targetHints":{"allow":["GET"]}}],"collection":[{"href":"https:\/\/jorgezanoni.com.br\/2019\/wp-json\/wp\/v2\/posts"}],"about":[{"href":"https:\/\/jorgezanoni.com.br\/2019\/wp-json\/wp\/v2\/types\/post"}],"author":[{"embeddable":true,"href":"https:\/\/jorgezanoni.com.br\/2019\/wp-json\/wp\/v2\/users\/1"}],"replies":[{"embeddable":true,"href":"https:\/\/jorgezanoni.com.br\/2019\/wp-json\/wp\/v2\/comments?post=24477"}],"version-history":[{"count":0,"href":"https:\/\/jorgezanoni.com.br\/2019\/wp-json\/wp\/v2\/posts\/24477\/revisions"}],"wp:featuredmedia":[{"embeddable":true,"href":"https:\/\/jorgezanoni.com.br\/2019\/wp-json\/wp\/v2\/media\/24478"}],"wp:attachment":[{"href":"https:\/\/jorgezanoni.com.br\/2019\/wp-json\/wp\/v2\/media?parent=24477"}],"wp:term":[{"taxonomy":"category","embeddable":true,"href":"https:\/\/jorgezanoni.com.br\/2019\/wp-json\/wp\/v2\/categories?post=24477"},{"taxonomy":"post_tag","embeddable":true,"href":"https:\/\/jorgezanoni.com.br\/2019\/wp-json\/wp\/v2\/tags?post=24477"}],"curies":[{"name":"wp","href":"https:\/\/api.w.org\/{rel}","templated":true}]}}