{"id":24470,"date":"2020-04-24T14:16:29","date_gmt":"2020-04-24T14:16:29","guid":{"rendered":"https:\/\/jorgezanoni.com.br\/2019\/?p=24470"},"modified":"2020-04-24T14:22:10","modified_gmt":"2020-04-24T14:22:10","slug":"nem-direita-nem-esquerda-somos-todos-brasileiros","status":"publish","type":"post","link":"https:\/\/jorgezanoni.com.br\/2019\/nem-direita-nem-esquerda-somos-todos-brasileiros\/","title":{"rendered":"Nem direita, nem esquerda: somos todos brasileiros"},"content":{"rendered":"<p style=\"text-align: justify;\"><strong>NEM DIREITA, NEM ESQUERDA: SOMOS TODOS BRASILEIROS. <\/strong><\/p>\n<p style=\"text-align: justify;\"><strong>*CLAUDIVAL CLEMENTE.<\/strong><\/p>\n<p style=\"text-align: justify;\"><strong>**CLAUDIVAL MOURA CLEMENTE<\/strong><\/p>\n<p style=\"text-align: justify;\">A disputa ideol\u00f3gica em torno da direita e da esquerda complica ainda mais a j\u00e1 dif\u00edcil situa\u00e7\u00e3o experimentada pelo Brasil e pelo mundo, pois a contamina\u00e7\u00e3o do Covid19 atinge o mundo todo em propor\u00e7\u00f5es in\u00e9ditas.<\/p>\n<p style=\"text-align: justify;\">N\u00e3o tem nenhuma import\u00e2ncia se a pessoa se posiciona como direita ou esquerda, pois embora o Covid19 no Brasil tenha atingido inicialmente a classe mais abastada financeiramente, porque algumas pessoas estavam no exterior e se contaminaram por l\u00e1, trazendo o v\u00edrus para n\u00f3s; \u00a0a eventual contamina\u00e7\u00e3o da popula\u00e7\u00e3o poder\u00e1 ser minimizada se mantido o isolamento e observados rigorosamente os aspectos higi\u00eanicos, tai como o uso de m\u00e1scaras e a higieniza\u00e7\u00e3o das m\u00e3os com \u00e1lcool 70.<\/p>\n<p style=\"text-align: justify;\">Estadisc\u00f3rdia, inicialmente, foi provocada pelo partido que liderava o governo de coaliza\u00e7\u00e3o que dirigiu o pa\u00eds no per\u00edodo de 2003 a 2016, ocasi\u00e3o em que a presidente foi retirada do poder por meio de um leg\u00edtimo processo de impedimento, previsto em lei e recepcionado pela Constitui\u00e7\u00e3o de 1988, com algumas altera\u00e7\u00f5es realizadas pelo Supremo Tribunal Federal, observando o direito de ampla defesa que existe atualmente.<\/p>\n<p style=\"text-align: justify;\">Naquela \u00e9poca se criou a express\u00e3o \u201cn\u00f3s e eles\u201d, sendo \u201cn\u00f3s\u201d, os que pertenciam ao partido que dominava a coaliz\u00e3o e \u201celes\u201d, os pol\u00edticos e as pessoas que faziam oposi\u00e7\u00e3o a este partido. A impress\u00e3o\u00a0 era de que existiam duas classes de brasileiros e, naturalmente o \u201celes\u201d, era considerada inferior, porque n\u00e3o compactuava com a pr\u00e1tica adotada pelo governo de coaliz\u00e3o, sendo que na mesma oportunidade foi desvendada uma enorme rede de corrup\u00e7\u00e3o envolvendo v\u00e1rios pol\u00edticos e empres\u00e1rios, que atingiu at\u00e9 as empresas estatais e os fundos de pens\u00e3o destas empresas.<\/p>\n<p style=\"text-align: justify;\">Atualmente, divergindo sobre a pr\u00e1tica do isolamentosocial, uma rivaliza\u00e7\u00e3o pol\u00edtica semelhante tomou conta da discuss\u00e3o, criando o pensamento de que as pessoas da direita querem trabalhar e as pessoas da esquerda querem ficar em casa. Por\u00e9m, n\u00e3o somente pessoas que se posicionam como esquerda concordam com o isolamento social. O isolamento social \u00e9 uma recomenda\u00e7\u00e3o da Organiza\u00e7\u00e3o Mundial da Sa\u00fade e dos infectologistas, pois diminui a quantidade de pessoas nas ruas e evita aglomera\u00e7\u00f5es.<\/p>\n<p style=\"text-align: justify;\">Estas posi\u00e7\u00f5es s\u00e3o mal\u00e9ficas, porque o pa\u00eds vive o drama de conter o avan\u00e7o do covid19 e ao mesmo tempo cuidar da sa\u00fade da economia, pois o fechamento do com\u00e9rcio provocou quedas de vendas e perdas de arrecada\u00e7\u00e3o do Estado, que sobrevive mediante o pagamento dos impostos.<\/p>\n<p style=\"text-align: justify;\">O governo federal foi obrigado a criar alguns programas para proteger a popula\u00e7\u00e3o, visando os desempregados, os informais, as pessoas cujos contratos de trabalho foram suspensos e as pequenas e m\u00e9dias empresas cujas vendas foram severamente afetadas pelo distanciamento social.<\/p>\n<p style=\"text-align: justify;\">Ali\u00e1s, nos \u00faltimos tempos tem ocorrido uma verdadeira radicaliza\u00e7\u00e3o, incluindo at\u00e9 absurdos pedidos da volta do regime militar e da reimplanta\u00e7\u00e3o do AI n\u00ba 5. O regime militar vigorou no per\u00edodo de 1964 a 1985 e o AI 5 \u2013 Ato Institucional n\u00ba 5, foi o quinto dos 17 grandes decretos emitidos pela ditadura militar, resultou na perda de mandatos de parlamentares contr\u00e1rios aos militares, interven\u00e7\u00f5es ordenadas pelo presidente nos munic\u00edpios e estados e tamb\u00e9m na suspens\u00e3o de quaisquer garantias constitucionais que eventualmente resultaram na institucionaliza\u00e7\u00e3o da\u00a0<a href=\"https:\/\/pt.wikipedia.org\/wiki\/Tortura\">tortura<\/a>, comumente usada como instrumento pelo Estado. O Brasil vive uma democracia e pedir o retrocesso ao regime militar somente para aquelas que n\u00e3o conhecem a hist\u00f3ria e ignoram os desmandos e a arbitrariedade praticados pelos militares que detinham o comando, com a justificativa de proteger o Brasil do comunismo.<\/p>\n<p style=\"text-align: justify;\">Bom registrar que comportamentos deste tipo ofendem a democracia brasileira, pois a Constitui\u00e7\u00e3o Federal em seu art.1\u00ba estabelece que o \u201cBrasil \u00e9 um estado democr\u00e1tico de direito e que a Rep\u00fablica\u00a0 Federativa \u00e9 constitu\u00edda de estados, munic\u00edpio e o distrito federal\u201d, n\u00e3o tendo lugar o autoritarismo e nenhuma forma de repress\u00e3o aos direitos fundamentais.<\/p>\n<p style=\"text-align: justify;\">O importante neste momento dif\u00edcil pelo qual passamos \u00e9 a uni\u00e3o de todos, autoridades e popula\u00e7\u00e3o, pois somos todos brasileiros, independentemente de qualquer posicionamento pol\u00edtico, ideol\u00f3gico ou partid\u00e1rio. Sem a uni\u00e3o de todos em torno do mesmo objetivo, ser\u00e1 dif\u00edcil combater este v\u00edrus que est\u00e1 se colocando contra a popula\u00e7\u00e3o e enfraquecendo a economia. Tamb\u00e9m temos que defender a democracia, pois apesar de todas as falhas, eventualmente encontradas, ainda \u00e9 a melhor forma de se viver. Autoritarismo nunca mais. Ditadura nunca mais e tortura nunca mais.<\/p>\n<p style=\"text-align: justify;\">Juntos somos mais fortes, juntos venceremos. O Brasil ir\u00e1 vencer o v\u00edrus. O Brasil precisa de todos n\u00f3s.<\/p>\n<p style=\"text-align: justify;\">Envie d\u00favidas, coment\u00e1rios ou sugest\u00f5es para <a href=\"mailto:bcrcconsultoria@gmail.com\">bcrcconsultoria@gmail.com<\/a>. At\u00e9 a pr\u00f3xima.<\/p>\n<p style=\"text-align: justify;\">*Formado em Direito pela Universidade Estadual de Direito do Norte Pioneiro em Jacarezinho e em Administra\u00e7\u00e3o de Empresas nas Faculdades Integradas de Ourinhos. MBA em Comunica\u00e7\u00e3o Corporativa pela Universidade Est\u00e1cio de S\u00e1(em curso) . S\u00f3cio s\u00eanior da BCRC Consultoria em Comunica\u00e7\u00e3o.<\/p>\n<p style=\"text-align: justify;\">** Revis\u00e3o e colabora\u00e7\u00e3o\u00a0 &#8211; Acad\u00eamico de Administra\u00e7\u00e3o de Empresas na UNICID.<\/p>\n<p style=\"text-align: justify;\">\n","protected":false},"excerpt":{"rendered":"<p>NEM DIREITA, NEM ESQUERDA: SOMOS TODOS BRASILEIROS. *CLAUDIVAL CLEMENTE. **CLAUDIVAL MOURA CLEMENTE A disputa ideol\u00f3gica em torno da direita e da esquerda complica ainda mais a j\u00e1 dif\u00edcil situa\u00e7\u00e3o experimentada pelo Brasil e pelo mundo, pois a contamina\u00e7\u00e3o do Covid19 atinge o mundo todo em propor\u00e7\u00f5es in\u00e9ditas. N\u00e3o tem nenhuma import\u00e2ncia se a pessoa se [&hellip;]<\/p>\n","protected":false},"author":1,"featured_media":24471,"comment_status":"closed","ping_status":"open","sticky":false,"template":"","format":"standard","meta":{"footnotes":""},"categories":[175],"tags":[],"class_list":["post-24470","post","type-post","status-publish","format-standard","has-post-thumbnail","hentry","category-artigos"],"_links":{"self":[{"href":"https:\/\/jorgezanoni.com.br\/2019\/wp-json\/wp\/v2\/posts\/24470","targetHints":{"allow":["GET"]}}],"collection":[{"href":"https:\/\/jorgezanoni.com.br\/2019\/wp-json\/wp\/v2\/posts"}],"about":[{"href":"https:\/\/jorgezanoni.com.br\/2019\/wp-json\/wp\/v2\/types\/post"}],"author":[{"embeddable":true,"href":"https:\/\/jorgezanoni.com.br\/2019\/wp-json\/wp\/v2\/users\/1"}],"replies":[{"embeddable":true,"href":"https:\/\/jorgezanoni.com.br\/2019\/wp-json\/wp\/v2\/comments?post=24470"}],"version-history":[{"count":0,"href":"https:\/\/jorgezanoni.com.br\/2019\/wp-json\/wp\/v2\/posts\/24470\/revisions"}],"wp:featuredmedia":[{"embeddable":true,"href":"https:\/\/jorgezanoni.com.br\/2019\/wp-json\/wp\/v2\/media\/24471"}],"wp:attachment":[{"href":"https:\/\/jorgezanoni.com.br\/2019\/wp-json\/wp\/v2\/media?parent=24470"}],"wp:term":[{"taxonomy":"category","embeddable":true,"href":"https:\/\/jorgezanoni.com.br\/2019\/wp-json\/wp\/v2\/categories?post=24470"},{"taxonomy":"post_tag","embeddable":true,"href":"https:\/\/jorgezanoni.com.br\/2019\/wp-json\/wp\/v2\/tags?post=24470"}],"curies":[{"name":"wp","href":"https:\/\/api.w.org\/{rel}","templated":true}]}}