{"id":2447,"date":"2019-07-31T00:41:02","date_gmt":"2019-07-31T00:41:02","guid":{"rendered":"https:\/\/jorgezanoni.com.br\/2019\/?p=2447"},"modified":"2019-07-31T00:41:02","modified_gmt":"2019-07-31T00:41:02","slug":"mulher-vai-a-policia-civil-denunciar-namorado-que-sumiu-com-carro-e-cartao-bancario","status":"publish","type":"post","link":"https:\/\/jorgezanoni.com.br\/2019\/mulher-vai-a-policia-civil-denunciar-namorado-que-sumiu-com-carro-e-cartao-bancario\/","title":{"rendered":"Mulher vai \u00e0 Pol\u00edcia Civil denunciar \u2018namorado\u2019 que sumiu com carro e cart\u00e3o banc\u00e1rio"},"content":{"rendered":"<h2 class=\"content-head__subtitle\" style=\"text-align: justify;\"><strong>Caso foi registrado na Delegacia Participativa, em Presidente Prudente, como apropria\u00e7\u00e3o ind\u00e9bita.<\/strong><\/h2>\n<div class=\"mc-column content-text active-extra-styles active-capital-letter\" data-block-type=\"unstyled\" data-block-weight=\"29\" data-block-id=\"1\">\n<p class=\"content-text__container theme-color-primary-first-letter\" style=\"text-align: justify;\" data-track-category=\"Link no Texto\" data-track-links=\"\">Uma mulher, de 47 anos, procurou a Pol\u00edcia Civil de\u00a0<a href=\"http:\/\/g1.globo.com\/sp\/presidente-prudente-regiao\/cidade\/presidente-prudente.html\">Presidente Prudente<\/a>\u00a0nesta ter\u00e7a-feira (30) para denunciar o \u201cnamorado\u201d que fugiu com o seu ve\u00edculo e um cart\u00e3o banc\u00e1rio.<\/p>\n<\/div>\n<div class=\"wall protected-content\">\n<div class=\"mc-column content-text active-extra-styles \" style=\"text-align: justify;\" data-block-type=\"unstyled\" data-block-weight=\"11\" data-block-id=\"2\">\n<p class=\"content-text__container \" data-track-category=\"Link no Texto\" data-track-links=\"\">O caso foi registrado por volta das 13h30 como apropria\u00e7\u00e3o ind\u00e9bita.<\/p>\n<\/div>\n<div class=\"mc-column content-text active-extra-styles \" style=\"text-align: justify;\" data-block-type=\"unstyled\" data-block-weight=\"14\" data-block-id=\"3\">\n<p class=\"content-text__container \" data-track-category=\"Link no Texto\" data-track-links=\"\">\u00c0 pol\u00edcia, a mulher contou que sabe apenas o primeiro nome do companheiro: \u201cAlmir\u201d.<\/p>\n<\/div>\n<div class=\"mc-column content-text active-extra-styles \" style=\"text-align: justify;\" data-block-type=\"unstyled\" data-block-weight=\"46\" data-block-id=\"4\">\n<p class=\"content-text__container \" data-track-category=\"Link no Texto\" data-track-links=\"\">Ela afirmou que o homem a levou at\u00e9 seu trabalho nesta segunda-feira (29), em\u00a0<a href=\"http:\/\/g1.globo.com\/sp\/presidente-prudente-regiao\/cidade\/alfredo-marcondes.html\">Alfredo Marcondes<\/a>, e ficou com o seu carro. Ela disse ainda que o \u201cnamorado\u201d pediu para ficar com o ve\u00edculo para levar ao mec\u00e2nico. Ela tamb\u00e9m deixou com ele um cart\u00e3o banc\u00e1rio.<\/p>\n<\/div>\n<div class=\"mc-column content-text active-extra-styles \" style=\"text-align: justify;\" data-block-type=\"unstyled\" data-block-weight=\"17\" data-block-id=\"5\">\n<p class=\"content-text__container \" data-track-category=\"Link no Texto\" data-track-links=\"\">De acordo com a mulher, o homem pediu o cart\u00e3o para comprar rem\u00e9dios para o pai dele.<\/p>\n<\/div>\n<div class=\"mc-column content-text active-extra-styles \" style=\"text-align: justify;\" data-block-type=\"unstyled\" data-block-weight=\"30\" data-block-id=\"6\">\n<p class=\"content-text__container \" data-track-category=\"Link no Texto\" data-track-links=\"\">Ela falou ainda \u00e0 pol\u00edcia que o carro e o cart\u00e3o deveriam ter sido entregues nesta segunda \u00e0 noite, mas at\u00e9 a manh\u00e3 desta ter\u00e7a-feira, ele ainda n\u00e3o havia devolvido.<\/p>\n<\/div>\n<div class=\"mc-column content-text active-extra-styles \" style=\"text-align: justify;\" data-block-type=\"unstyled\" data-block-weight=\"10\" data-block-id=\"7\">\n<p class=\"content-text__container \" data-track-category=\"Link no Texto\" data-track-links=\"\">A mulher contou que \u201cAlmir\u201d n\u00e3o est\u00e1 atendendo as liga\u00e7\u00f5es.<\/p>\n<\/div>\n<div data-track-category=\"multicontent\" data-track-action=\"ultimo chunk conteudo\" data-track-noninteraction=\"false\" data-track-scroll=\"view\">\n<div class=\"mc-column content-text active-extra-styles \" data-block-type=\"unstyled\" data-block-weight=\"25\" data-block-id=\"8\">\n<p class=\"content-text__container \" style=\"text-align: justify;\" data-track-category=\"Link no Texto\" data-track-links=\"\">Ela contou ainda \u00e0 pol\u00edcia que o \u201cnamorado\u201d j\u00e1 efetuou compras \u2013 sem a anu\u00eancia dela \u2013 no valor de mais de R$ 1,7 mil.<\/p>\n<p style=\"text-align: justify;\" data-track-category=\"Link no Texto\" data-track-links=\"\">Fonte: G1<\/p>\n<p data-track-category=\"Link no Texto\" data-track-links=\"\">Imagem Ilustrativa<\/p>\n<\/div>\n<\/div>\n<\/div>\n","protected":false},"excerpt":{"rendered":"<p>Caso foi registrado na Delegacia Participativa, em Presidente Prudente, como apropria\u00e7\u00e3o ind\u00e9bita. Uma mulher, de 47 anos, procurou a Pol\u00edcia Civil de\u00a0Presidente Prudente\u00a0nesta ter\u00e7a-feira (30) para denunciar o \u201cnamorado\u201d que fugiu com o seu ve\u00edculo e um cart\u00e3o banc\u00e1rio. O caso foi registrado por volta das 13h30 como apropria\u00e7\u00e3o ind\u00e9bita. \u00c0 pol\u00edcia, a mulher contou [&hellip;]<\/p>\n","protected":false},"author":1,"featured_media":2448,"comment_status":"closed","ping_status":"open","sticky":false,"template":"","format":"standard","meta":{"footnotes":""},"categories":[110,2],"tags":[],"class_list":["post-2447","post","type-post","status-publish","format-standard","has-post-thumbnail","hentry","category-noticiasdestaque","category-policial"],"_links":{"self":[{"href":"https:\/\/jorgezanoni.com.br\/2019\/wp-json\/wp\/v2\/posts\/2447","targetHints":{"allow":["GET"]}}],"collection":[{"href":"https:\/\/jorgezanoni.com.br\/2019\/wp-json\/wp\/v2\/posts"}],"about":[{"href":"https:\/\/jorgezanoni.com.br\/2019\/wp-json\/wp\/v2\/types\/post"}],"author":[{"embeddable":true,"href":"https:\/\/jorgezanoni.com.br\/2019\/wp-json\/wp\/v2\/users\/1"}],"replies":[{"embeddable":true,"href":"https:\/\/jorgezanoni.com.br\/2019\/wp-json\/wp\/v2\/comments?post=2447"}],"version-history":[{"count":0,"href":"https:\/\/jorgezanoni.com.br\/2019\/wp-json\/wp\/v2\/posts\/2447\/revisions"}],"wp:featuredmedia":[{"embeddable":true,"href":"https:\/\/jorgezanoni.com.br\/2019\/wp-json\/wp\/v2\/media\/2448"}],"wp:attachment":[{"href":"https:\/\/jorgezanoni.com.br\/2019\/wp-json\/wp\/v2\/media?parent=2447"}],"wp:term":[{"taxonomy":"category","embeddable":true,"href":"https:\/\/jorgezanoni.com.br\/2019\/wp-json\/wp\/v2\/categories?post=2447"},{"taxonomy":"post_tag","embeddable":true,"href":"https:\/\/jorgezanoni.com.br\/2019\/wp-json\/wp\/v2\/tags?post=2447"}],"curies":[{"name":"wp","href":"https:\/\/api.w.org\/{rel}","templated":true}]}}