{"id":24461,"date":"2020-04-24T01:12:52","date_gmt":"2020-04-24T01:12:52","guid":{"rendered":"https:\/\/jorgezanoni.com.br\/2019\/?p=24461"},"modified":"2020-04-24T01:12:52","modified_gmt":"2020-04-24T01:12:52","slug":"e-um-milagre-eu-estar-vivo-para-contar-essa-historia-diz-pm-que-venceu-o-coronavirus-apos-ser-desenganado-pelos-medicos","status":"publish","type":"post","link":"https:\/\/jorgezanoni.com.br\/2019\/e-um-milagre-eu-estar-vivo-para-contar-essa-historia-diz-pm-que-venceu-o-coronavirus-apos-ser-desenganado-pelos-medicos\/","title":{"rendered":"&#8216;\u00c9 um milagre eu estar vivo para contar essa hist\u00f3ria&#8217;, diz PM que venceu o coronav\u00edrus ap\u00f3s ser desenganado pelos m\u00e9dicos"},"content":{"rendered":"<h2 class=\"content-head__subtitle\" style=\"text-align: justify;\"><strong>Erico Oliveira perdeu 10 quilos, est\u00e1 quase sem andar e ficou 16 dias entubado com respira\u00e7\u00e3o mec\u00e2nica no Hospital Oswaldo Cruz, em S\u00e3o Paulo. Ele conta que depois da equipe m\u00e9dica o ter colocado de bru\u00e7os, come\u00e7ou a reagir. Fam\u00edlia o recebeu com cartazes.<\/strong><\/h2>\n<div class=\"mc-column content-text active-extra-styles \" data-block-type=\"unstyled\" data-block-weight=\"66\" data-block-id=\"2\">\n<p class=\"content-text__container \" style=\"text-align: justify;\" data-track-category=\"Link no Texto\" data-track-links=\"\">O sargento da Pol\u00edcia Militar Erico Rodrigo de Oliveira, 48 anos, passou a acreditar em milagres quando recobrou a consci\u00eancia ap\u00f3s 16 dias entubado respirando por ventila\u00e7\u00e3o mec\u00e2nica na Unidade de Tratamento Intensivo (UTI) do Hospital Oswaldo Cruz, no bairro Vergueiro, Zona Sul de S\u00e3o Paulo. Ele est\u00e1 quase sem andar ap\u00f3s ter a musculatura atrofiada por muitos dias na cama e o rim paralisou,.<\/p>\n<\/div>\n<div class=\"wall protected-content\">\n<div class=\"mc-column content-text active-extra-styles\" style=\"text-align: justify;\" data-block-type=\"raw\" data-block-weight=\"73\" data-block-id=\"3\">\n<blockquote class=\"content-blockquote theme-border-color-primary-before\"><p>\u201cFiquei inconsciente e quando acordei n\u00e3o me recordava nem de como vim parar no hospital. Quando eu recobrei a consci\u00eancia n\u00e3o sabia onde estava e o que aconteceu&#8230; Os m\u00e9dicos e enfermeiras estavam muito surpresos com a minha recupera\u00e7\u00e3o e me disseram que eu quase morri. Em dado momento eu n\u00e3o apresentava melhora, cheguei a ser desenganado. Perdi 10 quilos. \u00c9 um milagre de Deus eu estar aqui para te contar essa hist\u00f3ria.\u201d<\/p><\/blockquote>\n<\/div>\n<div class=\"mc-column content-text active-extra-styles \" style=\"text-align: justify;\" data-block-type=\"unstyled\" data-block-weight=\"40\" data-block-id=\"4\">\n<p class=\"content-text__container \" data-track-category=\"Link no Texto\" data-track-links=\"\">Erico recebeu alta na manh\u00e3 desta quinta-feira (23), ap\u00f3s 30 dias de interna\u00e7\u00e3o. A fam\u00edlia o aguardava do lado de fora do hospital com faixas e cartazes. T\u00e2nia Albanese, cunhada de Erico, diz que a fam\u00edlia j\u00e1 esperava pelo pior.<\/p>\n<\/div>\n<div class=\"mc-column content-text active-extra-styles\" style=\"text-align: justify;\" data-block-type=\"raw\" data-block-weight=\"79\" data-block-id=\"5\">\n<blockquote class=\"content-blockquote theme-border-color-primary-before\"><p>\u201cN\u00f3s choramos muito, muito&#8230;Voc\u00ea n\u00e3o tem no\u00e7\u00e3o de como choramos. No d\u00e9cimo oitavo dia o m\u00e9dico realmente desenganou porque o pulm\u00e3o dele praticamente parou, ele estava 100% ventilado mecanicamente por aparelhos, os rins paralisaram&#8230; A\u00ed nos disseram que se o organismo dele n\u00e3o reagisse ele viria a \u00f3bito nos pr\u00f3ximos dois dias. Ent\u00e3o a gente estava esperando o \u00f3bito. Gra\u00e7as a Deus &#8230; Deus reverteu, tem gente at\u00e9 mais saud\u00e1vel que n\u00e3o se recupera. Agora queremos comemorar esse momento.\u201d<\/p><\/blockquote>\n<\/div>\n<div class=\"content-ads content-ads--reveal\" style=\"text-align: justify;\" data-block-type=\"ads\" data-block-id=\"6\">\n<div id=\"banner_materia2\" class=\"tag-manager-publicidade-container mc-has-reveal mc-has-ad-lazyload tag-manager-publicidade-banner_materia2 tag-manager-publicidade-container--carregado tag-manager-publicidade-container--visivel\" data-id=\"banner_materia2\" data-google-query-id=\"CPDN-7Lw_-gCFZYBuQYdjPAJog\" data-cid=\"138308541033\" data-lid=\"5351883259\">\n<div id=\"google_ads_iframe_\/95377733\/tvg_G1\/Sua_Regiao&gt;Sudeste&gt;Sao_Paulo_2__container__\" style=\"box-sizing: inherit; margin: auto; padding: 0px; border: 0pt none; font: inherit; vertical-align: baseline; width: 970px; max-width: 100%; text-align: center;\"><img decoding=\"async\" class=\"image content-media__image progressive-loaded\" title=\"O sargento Erico com um dos filhos e no hospital \u2014 Foto: Arquivo Pessoal\/Divulga\u00e7\u00e3o\" src=\"https:\/\/s2.glbimg.com\/5bVfGPs2ZZdqxnXfA3TZ-cXfP-c=\/0x0:890x820\/984x0\/smart\/filters:strip_icc()\/i.s3.glbimg.com\/v1\/AUTH_59edd422c0c84a879bd37670ae4f538a\/internal_photos\/bs\/2020\/y\/2\/COQc1KQBGhWbT3fnvaxQ\/1587658658347426.jpg\" alt=\"O sargento Erico com um dos filhos e no hospital \u2014 Foto: Arquivo Pessoal\/Divulga\u00e7\u00e3o\" data-src=\"https:\/\/s2.glbimg.com\/5bVfGPs2ZZdqxnXfA3TZ-cXfP-c=\/0x0:890x820\/984x0\/smart\/filters:strip_icc()\/i.s3.glbimg.com\/v1\/AUTH_59edd422c0c84a879bd37670ae4f538a\/internal_photos\/bs\/2020\/y\/2\/COQc1KQBGhWbT3fnvaxQ\/1587658658347426.jpg\" \/><\/div>\n<\/div>\n<\/div>\n<div class=\"row medium-uncollapsed content-media content-photo\" style=\"text-align: justify;\" data-block-type=\"backstage-photo\" data-block-id=\"7\">\n<div class=\"mc-column content-media__container\">\n<p class=\"content-media__description \">O sargento Erico com um dos filhos e no hospital \u2014 Foto: Arquivo Pessoal\/Divulga\u00e7\u00e3o<\/p>\n<\/div>\n<\/div>\n<div class=\"mc-column content-text active-extra-styles \" style=\"text-align: justify;\" data-block-type=\"unstyled\" data-block-weight=\"20\" data-block-id=\"8\">\n<p class=\"content-text__container \" data-track-category=\"Link no Texto\" data-track-links=\"\">Erico conta que, no in\u00edcio, achou que fosse s\u00f3 uma gripe. Ele foi ao hospital quando sentiu dores no corpo.<\/p>\n<\/div>\n<div class=\"mc-column content-text active-extra-styles \" style=\"text-align: justify;\" data-block-type=\"unstyled\" data-block-weight=\"42\" data-block-id=\"9\">\n<p class=\"content-text__container \" data-track-category=\"Link no Texto\" data-track-links=\"\">\u201cSinceramente n\u00e3o achei que fosse Covid-19. O pr\u00f3prio m\u00e9dico me disse que tudo apontava para que fosse uma forte gripe, mesmo porque n\u00e3o tinha sintomas respirat\u00f3rios. Tr\u00eas dias depois, os sintomas pioraram e voltei ao hospital e fui internado\u201d, relembra o sargento.<\/p>\n<\/div>\n<div class=\"mc-column content-text active-extra-styles \" style=\"text-align: justify;\" data-block-type=\"unstyled\" data-block-weight=\"32\" data-block-id=\"10\">\n<p class=\"content-text__container \" data-track-category=\"Link no Texto\" data-track-links=\"\">A equipe m\u00e9dica de Erico fez uso da manobra prona, que coloca o paciente de bru\u00e7os para combater a insufici\u00eancia de oxig\u00eanio no sangue dos pacientes com s\u00edndrome do desconforto respirat\u00f3rio agudo.<\/p>\n<\/div>\n<div class=\"mc-column content-text active-extra-styles \" style=\"text-align: justify;\" data-block-type=\"unstyled\" data-block-weight=\"45\" data-block-id=\"11\">\n<p class=\"content-text__container \" data-track-category=\"Link no Texto\" data-track-links=\"\">\u201cFoi quando comecei a reagir, foi o que fez diferen\u00e7a para salvar a minha vida. Estou super grato pela forma humana que me trataram. Transcende um pouco a rela\u00e7\u00e3o enfermeiro e paciente. Me atenderam com excel\u00eancia. Nasci de novo. Agora quero abra\u00e7ar minha fam\u00edlia.\u201d, relata.<\/p>\n<\/div>\n<div class=\"mc-column content-text active-extra-styles \" style=\"text-align: justify;\" data-block-type=\"unstyled\" data-block-weight=\"41\" data-block-id=\"12\">\n<p class=\"content-text__container \" data-track-category=\"Link no Texto\" data-track-links=\"\">Erico far\u00e1 15 dias de fisioterapia para recuperar a capacidade motora e a autonomia. Ele perdeu musculatura e a coordena\u00e7\u00e3o motora das pernas por ter ficado muito tempo deitado. Ele tamb\u00e9m teve de fazer fonoaudiologia por ter ficado muito tempo intubado.<\/p>\n<\/div>\n<div class=\"row medium-uncollapsed content-media content-photo\" data-block-type=\"backstage-photo\" data-block-id=\"13\">\n<div class=\"mc-column content-media__container\">\n<div class=\"progressive-img can-open-lightbox\" style=\"text-align: justify;\" data-min-size=\"1008x1792\" data-min-size-url=\"https:\/\/s2.glbimg.com\/xPslltz2Qh7HM-hSUtcCH0qN3ok=\/0x0:648x1152\/1008x0\/smart\/filters:strip_icc()\/i.s3.glbimg.com\/v1\/AUTH_59edd422c0c84a879bd37670ae4f538a\/internal_photos\/bs\/2020\/5\/U\/y51ZuDTvOt6S5BVnRQNQ\/whatsapp-image-2020-04-23-at-11.16.39.jpeg\" data-max-size=\"1600x2844\" data-max-size-url=\"https:\/\/s2.glbimg.com\/qF5v41qqCD5Fx92AeujeB67698Y=\/0x0:648x1152\/1600x0\/smart\/filters:strip_icc()\/i.s3.glbimg.com\/v1\/AUTH_59edd422c0c84a879bd37670ae4f538a\/internal_photos\/bs\/2020\/5\/U\/y51ZuDTvOt6S5BVnRQNQ\/whatsapp-image-2020-04-23-at-11.16.39.jpeg\" data-media-index=\"2\">\n<div class=\"placeholder-container\"><\/div>\n<p><img decoding=\"async\" class=\"progressive-draft\" title=\"Leonardo, filho de Erico, fez cartaz para receber o pai ap\u00f3s a alta \u2014 Foto: Arquivo Pessoal\/Divulga\u00e7\u00e3o\" src=\"data:image\/jpeg;base64,\/9j\/4AAQSkZJRgABAQAAAQABAAD\/2wBDAAMCAgMCAgMDAwMEAwMEBQgFBQQEBQoHBwYIDAoMDAsKCwsNDhIQDQ4RDgsLEBYQERMUFRUVDA8XGBYUGBIUFRT\/2wBDAQMEBAUEBQkFBQkUDQsNFBQUFBQUFBQUFBQUFBQUFBQUFBQUFBQUFBQUFBQUFBQUFBQUFBQUFBQUFBQUFBQUFBT\/wgARCAAsABkDASIAAhEBAxEB\/8QAGQABAQADAQAAAAAAAAAAAAAABwYCBAgF\/8QAGQEAAgMBAAAAAAAAAAAAAAAAAgQAAQMF\/9oADAMBAAIQAxAAAAFs2zWUwN8q4On1HhBSNVSupA5e0kyE44kR5IMCvyJVtI\/\/xAAhEAACAgIBBAMAAAAAAAAAAAADBAIFAAEGEhQVFiEiJP\/aAAgBAQABBQKEsLP89POMj5RWcyIoMWrPJK1tAzXSTFGJWrfhBBhdBjT2PshsXqz1ZWrNQZtph5Pfej0uXZNarF5lDPhFmksh5FbHtdxDsxQIT4svrn\/\/xAAcEQACAwEAAwAAAAAAAAAAAAABAgADERITMfD\/2gAIAQMBAT8BA2EEe5e7c1+H4y26koguGtK35jprbs\/\/xAAbEQACAgMBAAAAAAAAAAAAAAAAAQIRAxIhMf\/aAAgBAgEBPwERjiu7CjJN6+DVkclKqP\/EACkQAAEDAgQFBAMAAAAAAAAAAAEAAgMEERIhIkETMTNRkhAycZORocH\/2gAIAQEABj8CT\/hVAtqve\/oJal95SNWyfIXTGjMuAjFowfH9T2UdZBLOOYY\/EV1XeKgZIS1kjwMk+DjTOZuziWumtpsUdmBwN87rm7zKpXyFj2tkbdzNs90QayPM7arftQRwzgwMjHFe3YXXsn+9VGVrtsuRI7FOx2ZVSyEyHv2XXj8gnMk1NKGn8pltIDRkF04\/rav\/xAAlEAACAgADCAMAAAAAAAAAAAABEQAhMUFhEFGBkbHR4fBxwfH\/2gAIAQEAAT8hVOY+kJgDWLdh22DB2wrOcsoRqnDT8oXNGZ441qw+E9b3hIJJlRKwgJp0pAAyYcLaFnSFnexx8ExUKq2EDIgxZgB18IeF87RgGpdeJ+xgkAUOrUaCBBsUC5Moum\/kAMvmehfcHoiGEeD0TZw0ajFIwi9N0n\/\/2gAMAwEAAgADAAAAEIgVa2N\/\/8QAHREAAgICAwEAAAAAAAAAAAAAAREAIVHBYXGx8P\/aAAgBAwEBPxDPhVAocIylYFrQxCGF5Hf3sDdF8FaMfCQc\/8QAGREBAQADAQAAAAAAAAAAAAAAAQARIUEx\/9oACAECAQE\/EEZGI+rvZneEz6WLXi\/\/xAAhEAEAAQQCAgMBAAAAAAAAAAABEQAhMUFRYRBxocHwgf\/aAAgBAQABPxCZOuWjg5H5VtNHiWIOPTmpodiUaEGGJAYxfdCsVUbVZsBfEkEq3rR2K7sIBYllEeJMY5TwgikEHurUyaFuIKn8C+KEzIGKCMzGPdfhvukTiNwpEBCN45a0\/hIgmGJh+A6O7twny8ARjQlafsPqmRU1OSAE9xWMYIiOlxUXe2AVABZBOyt+AhXyJVbJhIw0Os2CSjV3F6hsYKNdCGRlnwZ\/\/9k=\" alt=\"Leonardo, filho de Erico, fez cartaz para receber o pai ap\u00f3s a alta \u2014 Foto: Arquivo Pessoal\/Divulga\u00e7\u00e3o\" \/><picture><source srcset=\"https:\/\/s2.glbimg.com\/BpNNkHqdG3gtuyKWg52jAzeqHZU=\/0x0:648x1152\/600x0\/smart\/filters:strip_icc()\/i.s3.glbimg.com\/v1\/AUTH_59edd422c0c84a879bd37670ae4f538a\/internal_photos\/bs\/2020\/5\/U\/y51ZuDTvOt6S5BVnRQNQ\/whatsapp-image-2020-04-23-at-11.16.39.jpeg 1x, https:\/\/s2.glbimg.com\/zE2z5YfAcLUlnaWC1z7-tv0TJyQ=\/0x0:648x1152\/1200x0\/smart\/filters:strip_icc()\/i.s3.glbimg.com\/v1\/AUTH_59edd422c0c84a879bd37670ae4f538a\/internal_photos\/bs\/2020\/5\/U\/y51ZuDTvOt6S5BVnRQNQ\/whatsapp-image-2020-04-23-at-11.16.39.jpeg 2x\" media=\"(max-width: 1024px)\" data-src=\"https:\/\/s2.glbimg.com\/BpNNkHqdG3gtuyKWg52jAzeqHZU=\/0x0:648x1152\/600x0\/smart\/filters:strip_icc()\/i.s3.glbimg.com\/v1\/AUTH_59edd422c0c84a879bd37670ae4f538a\/internal_photos\/bs\/2020\/5\/U\/y51ZuDTvOt6S5BVnRQNQ\/whatsapp-image-2020-04-23-at-11.16.39.jpeg 1x, https:\/\/s2.glbimg.com\/zE2z5YfAcLUlnaWC1z7-tv0TJyQ=\/0x0:648x1152\/1200x0\/smart\/filters:strip_icc()\/i.s3.glbimg.com\/v1\/AUTH_59edd422c0c84a879bd37670ae4f538a\/internal_photos\/bs\/2020\/5\/U\/y51ZuDTvOt6S5BVnRQNQ\/whatsapp-image-2020-04-23-at-11.16.39.jpeg 2x\" \/><source srcset=\"https:\/\/s2.glbimg.com\/rFwFHXY2hltQ_mGWmgFJybPZJmc=\/0x0:648x1152\/640x0\/smart\/filters:strip_icc()\/i.s3.glbimg.com\/v1\/AUTH_59edd422c0c84a879bd37670ae4f538a\/internal_photos\/bs\/2020\/5\/U\/y51ZuDTvOt6S5BVnRQNQ\/whatsapp-image-2020-04-23-at-11.16.39.jpeg 1x, https:\/\/s2.glbimg.com\/u0nK4rKb7KgpS5o9I8mrDN57gts=\/0x0:648x1152\/1280x0\/smart\/filters:strip_icc()\/i.s3.glbimg.com\/v1\/AUTH_59edd422c0c84a879bd37670ae4f538a\/internal_photos\/bs\/2020\/5\/U\/y51ZuDTvOt6S5BVnRQNQ\/whatsapp-image-2020-04-23-at-11.16.39.jpeg 2x\" media=\"(max-width: 1280px)\" data-src=\"https:\/\/s2.glbimg.com\/rFwFHXY2hltQ_mGWmgFJybPZJmc=\/0x0:648x1152\/640x0\/smart\/filters:strip_icc()\/i.s3.glbimg.com\/v1\/AUTH_59edd422c0c84a879bd37670ae4f538a\/internal_photos\/bs\/2020\/5\/U\/y51ZuDTvOt6S5BVnRQNQ\/whatsapp-image-2020-04-23-at-11.16.39.jpeg 1x, https:\/\/s2.glbimg.com\/u0nK4rKb7KgpS5o9I8mrDN57gts=\/0x0:648x1152\/1280x0\/smart\/filters:strip_icc()\/i.s3.glbimg.com\/v1\/AUTH_59edd422c0c84a879bd37670ae4f538a\/internal_photos\/bs\/2020\/5\/U\/y51ZuDTvOt6S5BVnRQNQ\/whatsapp-image-2020-04-23-at-11.16.39.jpeg 2x\" \/><source srcset=\"https:\/\/s2.glbimg.com\/hHTBmO1E-5r2aySdwbXmtleg32U=\/0x0:648x1152\/984x0\/smart\/filters:strip_icc()\/i.s3.glbimg.com\/v1\/AUTH_59edd422c0c84a879bd37670ae4f538a\/internal_photos\/bs\/2020\/5\/U\/y51ZuDTvOt6S5BVnRQNQ\/whatsapp-image-2020-04-23-at-11.16.39.jpeg 1x, https:\/\/s2.glbimg.com\/WIlvAsFnzVNopknY7QrKxQeGj6s=\/0x0:648x1152\/1968x0\/smart\/filters:strip_icc()\/i.s3.glbimg.com\/v1\/AUTH_59edd422c0c84a879bd37670ae4f538a\/internal_photos\/bs\/2020\/5\/U\/y51ZuDTvOt6S5BVnRQNQ\/whatsapp-image-2020-04-23-at-11.16.39.jpeg 2x\" media=\"(max-width: 1360px)\" data-src=\"https:\/\/s2.glbimg.com\/hHTBmO1E-5r2aySdwbXmtleg32U=\/0x0:648x1152\/984x0\/smart\/filters:strip_icc()\/i.s3.glbimg.com\/v1\/AUTH_59edd422c0c84a879bd37670ae4f538a\/internal_photos\/bs\/2020\/5\/U\/y51ZuDTvOt6S5BVnRQNQ\/whatsapp-image-2020-04-23-at-11.16.39.jpeg 1x, https:\/\/s2.glbimg.com\/WIlvAsFnzVNopknY7QrKxQeGj6s=\/0x0:648x1152\/1968x0\/smart\/filters:strip_icc()\/i.s3.glbimg.com\/v1\/AUTH_59edd422c0c84a879bd37670ae4f538a\/internal_photos\/bs\/2020\/5\/U\/y51ZuDTvOt6S5BVnRQNQ\/whatsapp-image-2020-04-23-at-11.16.39.jpeg 2x\" \/><source srcset=\"https:\/\/s2.glbimg.com\/8UKBSiOYciV_NvZa-buTY4PBKrY=\/0x0:648x1152\/1000x0\/smart\/filters:strip_icc()\/i.s3.glbimg.com\/v1\/AUTH_59edd422c0c84a879bd37670ae4f538a\/internal_photos\/bs\/2020\/5\/U\/y51ZuDTvOt6S5BVnRQNQ\/whatsapp-image-2020-04-23-at-11.16.39.jpeg 1x, https:\/\/s2.glbimg.com\/_eoqhs5uuQQtOvbjvauM8EYMSlo=\/0x0:648x1152\/2000x0\/smart\/filters:strip_icc()\/i.s3.glbimg.com\/v1\/AUTH_59edd422c0c84a879bd37670ae4f538a\/internal_photos\/bs\/2020\/5\/U\/y51ZuDTvOt6S5BVnRQNQ\/whatsapp-image-2020-04-23-at-11.16.39.jpeg 2x\" media=\"(min-width: 1361px)\" data-src=\"https:\/\/s2.glbimg.com\/8UKBSiOYciV_NvZa-buTY4PBKrY=\/0x0:648x1152\/1000x0\/smart\/filters:strip_icc()\/i.s3.glbimg.com\/v1\/AUTH_59edd422c0c84a879bd37670ae4f538a\/internal_photos\/bs\/2020\/5\/U\/y51ZuDTvOt6S5BVnRQNQ\/whatsapp-image-2020-04-23-at-11.16.39.jpeg 1x, https:\/\/s2.glbimg.com\/_eoqhs5uuQQtOvbjvauM8EYMSlo=\/0x0:648x1152\/2000x0\/smart\/filters:strip_icc()\/i.s3.glbimg.com\/v1\/AUTH_59edd422c0c84a879bd37670ae4f538a\/internal_photos\/bs\/2020\/5\/U\/y51ZuDTvOt6S5BVnRQNQ\/whatsapp-image-2020-04-23-at-11.16.39.jpeg 2x\" \/><source srcset=\"https:\/\/s2.glbimg.com\/hHTBmO1E-5r2aySdwbXmtleg32U=\/0x0:648x1152\/984x0\/smart\/filters:strip_icc()\/i.s3.glbimg.com\/v1\/AUTH_59edd422c0c84a879bd37670ae4f538a\/internal_photos\/bs\/2020\/5\/U\/y51ZuDTvOt6S5BVnRQNQ\/whatsapp-image-2020-04-23-at-11.16.39.jpeg\" data-src=\"https:\/\/s2.glbimg.com\/hHTBmO1E-5r2aySdwbXmtleg32U=\/0x0:648x1152\/984x0\/smart\/filters:strip_icc()\/i.s3.glbimg.com\/v1\/AUTH_59edd422c0c84a879bd37670ae4f538a\/internal_photos\/bs\/2020\/5\/U\/y51ZuDTvOt6S5BVnRQNQ\/whatsapp-image-2020-04-23-at-11.16.39.jpeg\" \/><img decoding=\"async\" class=\"image content-media__image progressive-loaded\" title=\"Leonardo, filho de Erico, fez cartaz para receber o pai ap\u00f3s a alta \u2014 Foto: Arquivo Pessoal\/Divulga\u00e7\u00e3o\" src=\"https:\/\/s2.glbimg.com\/hHTBmO1E-5r2aySdwbXmtleg32U=\/0x0:648x1152\/984x0\/smart\/filters:strip_icc()\/i.s3.glbimg.com\/v1\/AUTH_59edd422c0c84a879bd37670ae4f538a\/internal_photos\/bs\/2020\/5\/U\/y51ZuDTvOt6S5BVnRQNQ\/whatsapp-image-2020-04-23-at-11.16.39.jpeg\" alt=\"Leonardo, filho de Erico, fez cartaz para receber o pai ap\u00f3s a alta \u2014 Foto: Arquivo Pessoal\/Divulga\u00e7\u00e3o\" data-src=\"https:\/\/s2.glbimg.com\/hHTBmO1E-5r2aySdwbXmtleg32U=\/0x0:648x1152\/984x0\/smart\/filters:strip_icc()\/i.s3.glbimg.com\/v1\/AUTH_59edd422c0c84a879bd37670ae4f538a\/internal_photos\/bs\/2020\/5\/U\/y51ZuDTvOt6S5BVnRQNQ\/whatsapp-image-2020-04-23-at-11.16.39.jpeg\" \/><\/picture><\/div>\n<p class=\"content-media__description \" style=\"text-align: justify;\">Leonardo, filho de Erico, fez cartaz para receber o pai ap\u00f3s a alta \u2014 Foto: Arquivo Pessoal\/Divulga\u00e7\u00e3o<\/p>\n<\/div>\n<\/div>\n<div class=\"content-ads content-ads--reveal\" data-block-type=\"ads\" data-block-id=\"14\"><img decoding=\"async\" class=\"image content-media__image progressive-loaded\" title=\"Filhos, irm\u00e3s e m\u00e3e de Erico aguardam a sa\u00edda do sargento Erico do hospital \u2014 Foto: T\u00e2nia Albanese\/Arquivo Pessoal\" src=\"https:\/\/s2.glbimg.com\/x1B23r-D0TgQn8IFP213WZg4Kg4=\/0x0:1152x648\/984x0\/smart\/filters:strip_icc()\/i.s3.glbimg.com\/v1\/AUTH_59edd422c0c84a879bd37670ae4f538a\/internal_photos\/bs\/2020\/N\/e\/IQDyvpSXacl2aflZYUcg\/whatsapp-image-2020-04-23-at-11.33.56.jpeg\" alt=\"Filhos, irm\u00e3s e m\u00e3e de Erico aguardam a sa\u00edda do sargento Erico do hospital \u2014 Foto: T\u00e2nia Albanese\/Arquivo Pessoal\" data-src=\"https:\/\/s2.glbimg.com\/x1B23r-D0TgQn8IFP213WZg4Kg4=\/0x0:1152x648\/984x0\/smart\/filters:strip_icc()\/i.s3.glbimg.com\/v1\/AUTH_59edd422c0c84a879bd37670ae4f538a\/internal_photos\/bs\/2020\/N\/e\/IQDyvpSXacl2aflZYUcg\/whatsapp-image-2020-04-23-at-11.33.56.jpeg\" \/><\/div>\n<div class=\"row medium-uncollapsed content-media content-photo\" data-block-type=\"backstage-photo\" data-block-id=\"15\">\n<div class=\"mc-column content-media__container\">\n<p class=\"content-media__description \" style=\"text-align: justify;\">Filhos, irm\u00e3s e m\u00e3e de Erico aguardam a sa\u00edda do sargento Erico do hospital \u2014 Foto: T\u00e2nia Albanese\/Arquivo Pessoal<\/p>\n<p><img decoding=\"async\" class=\"image content-media__image progressive-loaded\" title=\"Parentes e amigos do sargento Erico aguardavam a alta dele nesta quinta-feira (23) \u2014 Foto: Arquivo Pessoal\/Divulga\u00e7\u00e3o\" src=\"https:\/\/s2.glbimg.com\/vf_oufVhYjErdAtDukCctrRTRrY=\/0x0:1152x648\/984x0\/smart\/filters:strip_icc()\/i.s3.glbimg.com\/v1\/AUTH_59edd422c0c84a879bd37670ae4f538a\/internal_photos\/bs\/2020\/K\/Q\/7B0h8eRw2NhJlC9l8dRA\/whatsapp-image-2020-04-23-at-11.24.21.jpeg\" alt=\"Parentes e amigos do sargento Erico aguardavam a alta dele nesta quinta-feira (23) \u2014 Foto: Arquivo Pessoal\/Divulga\u00e7\u00e3o\" data-src=\"https:\/\/s2.glbimg.com\/vf_oufVhYjErdAtDukCctrRTRrY=\/0x0:1152x648\/984x0\/smart\/filters:strip_icc()\/i.s3.glbimg.com\/v1\/AUTH_59edd422c0c84a879bd37670ae4f538a\/internal_photos\/bs\/2020\/K\/Q\/7B0h8eRw2NhJlC9l8dRA\/whatsapp-image-2020-04-23-at-11.24.21.jpeg\" \/><\/p>\n<\/div>\n<\/div>\n<div class=\"row medium-uncollapsed content-media content-photo\" data-block-type=\"backstage-photo\" data-block-id=\"16\">\n<div class=\"mc-column content-media__container\">\n<p class=\"content-media__description \" style=\"text-align: justify;\">Parentes e amigos do sargento Erico aguardavam a alta dele nesta quinta-feira (23) \u2014 Foto: Arquivo Pessoal\/Divulga\u00e7\u00e3o<\/p>\n<p>Fonte: G1<\/p>\n<\/div>\n<\/div>\n<\/div>\n","protected":false},"excerpt":{"rendered":"<p>Erico Oliveira perdeu 10 quilos, est\u00e1 quase sem andar e ficou 16 dias entubado com respira\u00e7\u00e3o mec\u00e2nica no Hospital Oswaldo Cruz, em S\u00e3o Paulo. Ele conta que depois da equipe m\u00e9dica o ter colocado de bru\u00e7os, come\u00e7ou a reagir. Fam\u00edlia o recebeu com cartazes. O sargento da Pol\u00edcia Militar Erico Rodrigo de Oliveira, 48 anos, [&hellip;]<\/p>\n","protected":false},"author":1,"featured_media":24462,"comment_status":"closed","ping_status":"open","sticky":false,"template":"","format":"standard","meta":{"footnotes":""},"categories":[2,122],"tags":[],"class_list":["post-24461","post","type-post","status-publish","format-standard","has-post-thumbnail","hentry","category-policial","category-saudeeducacaoeconcurso"],"_links":{"self":[{"href":"https:\/\/jorgezanoni.com.br\/2019\/wp-json\/wp\/v2\/posts\/24461","targetHints":{"allow":["GET"]}}],"collection":[{"href":"https:\/\/jorgezanoni.com.br\/2019\/wp-json\/wp\/v2\/posts"}],"about":[{"href":"https:\/\/jorgezanoni.com.br\/2019\/wp-json\/wp\/v2\/types\/post"}],"author":[{"embeddable":true,"href":"https:\/\/jorgezanoni.com.br\/2019\/wp-json\/wp\/v2\/users\/1"}],"replies":[{"embeddable":true,"href":"https:\/\/jorgezanoni.com.br\/2019\/wp-json\/wp\/v2\/comments?post=24461"}],"version-history":[{"count":0,"href":"https:\/\/jorgezanoni.com.br\/2019\/wp-json\/wp\/v2\/posts\/24461\/revisions"}],"wp:featuredmedia":[{"embeddable":true,"href":"https:\/\/jorgezanoni.com.br\/2019\/wp-json\/wp\/v2\/media\/24462"}],"wp:attachment":[{"href":"https:\/\/jorgezanoni.com.br\/2019\/wp-json\/wp\/v2\/media?parent=24461"}],"wp:term":[{"taxonomy":"category","embeddable":true,"href":"https:\/\/jorgezanoni.com.br\/2019\/wp-json\/wp\/v2\/categories?post=24461"},{"taxonomy":"post_tag","embeddable":true,"href":"https:\/\/jorgezanoni.com.br\/2019\/wp-json\/wp\/v2\/tags?post=24461"}],"curies":[{"name":"wp","href":"https:\/\/api.w.org\/{rel}","templated":true}]}}