{"id":24442,"date":"2020-04-23T21:56:45","date_gmt":"2020-04-23T21:56:45","guid":{"rendered":"https:\/\/jorgezanoni.com.br\/2019\/?p=24442"},"modified":"2020-04-23T21:56:45","modified_gmt":"2020-04-23T21:56:45","slug":"militares-tentam-evitar-saida-de-moro-apos-novo-choque-com-bolsonaro","status":"publish","type":"post","link":"https:\/\/jorgezanoni.com.br\/2019\/militares-tentam-evitar-saida-de-moro-apos-novo-choque-com-bolsonaro\/","title":{"rendered":"Militares tentam evitar sa\u00edda de Moro ap\u00f3s novo choque com Bolsonaro"},"content":{"rendered":"<h2 class=\"txt-gray mb-0 h4\" style=\"text-align: justify;\"><strong>Embora a indica\u00e7\u00e3o para o comando da PF seja uma atribui\u00e7\u00e3o do presidente, tradicionalmente \u00e9 o ministro da Justi\u00e7a quem escolhe.<\/strong><\/h2>\n<p style=\"text-align: justify;\">Os ministros do\u00a0<strong>Pal\u00e1cio do Planalto\u00a0<\/strong>tentam reverter na tarde desta quinta-feira (23\/4),\u00a0<a href=\"https:\/\/www.correiobraziliense.com.br\/app\/noticia\/politica\/2020\/04\/23\/interna_politica,847508\/moro-fala-em-demissao-apos-bolsonaro-anunciar-troca-na-direcao-da-pf.shtml\">uma poss\u00edvel sa\u00edda do ministro da Justi\u00e7a,\u00a0<strong>Sergio Mor<\/strong><strong>o<\/strong><\/a>, ap\u00f3s o presidente Jair Bolsonaro comunicar a ele que trocar\u00e1 o comando da Pol\u00edcia Federal, atualmente ocupada por Maur\u00edcio Valeixo. De acordo com interlocutores do presidente, Moro n\u00e3o chegou a pedir demiss\u00e3o, mas afirmou que n\u00e3o concordava com a troca e reavaliaria sua perman\u00eancia no governo.<\/p>\n<div style=\"text-align: justify;\">Ao final de reuni\u00e3o na manh\u00e3 desta quinta-feira, o ministro da Justi\u00e7a deixou o Pal\u00e1cio do Planalto sem uma defini\u00e7\u00e3o do seu futuro. Os militares do primeiro escal\u00e3o tentam encontrar uma solu\u00e7\u00e3o para o impasse. Bolsonaro quer indicar o nome do chefe da PF, mas Moro resiste a ficar sem Valeixo, com que trabalha desde os tempos da Opera\u00e7\u00e3o Lava Jato, e, principalmente, n\u00e3o ter poder de decis\u00e3o sobre um dos principais cargos do seu minist\u00e9rio.<\/div>\n<div style=\"text-align: justify;\"><\/div>\n<div style=\"text-align: justify;\">\n<div>Nos bastidores, no entanto, a amea\u00e7a de demiss\u00e3o \u00e9 encarada como uma press\u00e3o de Moro, o ministro mais popular do governo. Por outro lado, Bolsonaro, durante a crise com o ex-ministro da Sa\u00fade, Luiz Henrique Mandetta, disse que n\u00e3o h\u00e1 ministro &#8220;indemiss\u00edvel&#8221;. Em outra ocasi\u00e3o, disse que usaria sua caneta contra pessoas do governo que &#8220;viraram estrelas&#8221;. Para interlocutores do presidente, o recado mirava n\u00e3o apenas Mandetta, mas tamb\u00e9m Moro, que vinha sendo alvo de reclama\u00e7\u00e3o de Bolsonaro por n\u00e3o se empenhar na defesa das posi\u00e7\u00f5es do governo.<\/div>\n<div><\/div>\n<div>\u00c9 a segunda vez que o presidente amea\u00e7a impor um novo nome na c\u00fapula da corpora\u00e7\u00e3o. Valeixo foi escolhido por Moro para o cargo ainda na transi\u00e7\u00e3o, em 2018. O delegado comandou a Diretoria de Combate do Crime Organizado (Dicor) da PF e foi Superintendente da corpora\u00e7\u00e3o no Paran\u00e1, respons\u00e1vel pela Lava Jato, at\u00e9 ser convidado<\/div>\n<div>pelo ministro, ex-juiz da Opera\u00e7\u00e3o, para assumir a diretoria-geral.<\/div>\n<\/div>\n<div style=\"text-align: justify;\"><\/div>\n<div style=\"text-align: justify;\">\n<div>Embora a indica\u00e7\u00e3o para o comando da PF seja uma atribui\u00e7\u00e3o do presidente, tradicionalmente \u00e9 o ministro da Justi\u00e7a quem escolhe.<\/div>\n<div><\/div>\n<div>Interlocutores de Valeixo dizem que a tentativa de substitu\u00ed-lo ocorre desde o in\u00edcio do ano, mas que n\u00e3o teria rela\u00e7\u00e3o com o que aconteceu no ano passado, quando Bolsonaro tentou pela primeira vez troc\u00e1-lo por outro nome. Na ocasi\u00e3o, o presidente teve que recuar diante da repercuss\u00e3o negativa que a interfer\u00eancia no \u00f3rg\u00e3o de investiga\u00e7\u00e3o poderia gerar.<\/div>\n<div><\/div>\n<div>No ano passado, ap\u00f3s Bolsonaro antecipar a sa\u00edda do superintendente da corpora\u00e7\u00e3o no Rio de Janeiro, ministro e presidente travaram uma queda de bra\u00e7o pelo comando da PF.<\/div>\n<div><\/div>\n<\/div>\n<div style=\"text-align: justify;\">\n<div>Em agosto, o presidente antecipou o an\u00fancio da sa\u00edda de Ricardo Saadi do cargo, justificando que seria uma mudan\u00e7a por &#8220;produtividade&#8221; e que haveria &#8220;problemas&#8221; na superintend\u00eancia. A declara\u00e7\u00e3o surpreendeu a c\u00fapula da PF que, horas depois, em nota, contradisse o presidente ao afirmar que a substitui\u00e7\u00e3o j\u00e1 estava planejada e n\u00e3o tinha &#8220;qualquer rela\u00e7\u00e3o com desempenho&#8221;.<\/div>\n<div><\/div>\n<div>Nos dias seguintes, Bolsonaro subiu o tom. Declarou que &#8220;quem manda \u00e9 ele&#8221; e que, se quisesse, poderia trocar o diretor-geral da PF.<\/div>\n<div><\/div>\n<\/div>\n<div style=\"text-align: justify;\">Fonte: https:\/\/www.correiobraziliense.com.br\/app\/noticia\/politica\/2020\/04\/23\/interna_politica,847591\/militares-tentam-evitar-saida-de-moro-apos-novo-choque-com-bolsonaro.shtml<\/div>\n","protected":false},"excerpt":{"rendered":"<p>Embora a indica\u00e7\u00e3o para o comando da PF seja uma atribui\u00e7\u00e3o do presidente, tradicionalmente \u00e9 o ministro da Justi\u00e7a quem escolhe. Os ministros do\u00a0Pal\u00e1cio do Planalto\u00a0tentam reverter na tarde desta quinta-feira (23\/4),\u00a0uma poss\u00edvel sa\u00edda do ministro da Justi\u00e7a,\u00a0Sergio Moro, ap\u00f3s o presidente Jair Bolsonaro comunicar a ele que trocar\u00e1 o comando da Pol\u00edcia Federal, atualmente [&hellip;]<\/p>\n","protected":false},"author":1,"featured_media":24443,"comment_status":"closed","ping_status":"open","sticky":false,"template":"","format":"standard","meta":{"footnotes":""},"categories":[110,122],"tags":[],"class_list":["post-24442","post","type-post","status-publish","format-standard","has-post-thumbnail","hentry","category-noticiasdestaque","category-saudeeducacaoeconcurso"],"_links":{"self":[{"href":"https:\/\/jorgezanoni.com.br\/2019\/wp-json\/wp\/v2\/posts\/24442","targetHints":{"allow":["GET"]}}],"collection":[{"href":"https:\/\/jorgezanoni.com.br\/2019\/wp-json\/wp\/v2\/posts"}],"about":[{"href":"https:\/\/jorgezanoni.com.br\/2019\/wp-json\/wp\/v2\/types\/post"}],"author":[{"embeddable":true,"href":"https:\/\/jorgezanoni.com.br\/2019\/wp-json\/wp\/v2\/users\/1"}],"replies":[{"embeddable":true,"href":"https:\/\/jorgezanoni.com.br\/2019\/wp-json\/wp\/v2\/comments?post=24442"}],"version-history":[{"count":0,"href":"https:\/\/jorgezanoni.com.br\/2019\/wp-json\/wp\/v2\/posts\/24442\/revisions"}],"wp:featuredmedia":[{"embeddable":true,"href":"https:\/\/jorgezanoni.com.br\/2019\/wp-json\/wp\/v2\/media\/24443"}],"wp:attachment":[{"href":"https:\/\/jorgezanoni.com.br\/2019\/wp-json\/wp\/v2\/media?parent=24442"}],"wp:term":[{"taxonomy":"category","embeddable":true,"href":"https:\/\/jorgezanoni.com.br\/2019\/wp-json\/wp\/v2\/categories?post=24442"},{"taxonomy":"post_tag","embeddable":true,"href":"https:\/\/jorgezanoni.com.br\/2019\/wp-json\/wp\/v2\/tags?post=24442"}],"curies":[{"name":"wp","href":"https:\/\/api.w.org\/{rel}","templated":true}]}}