{"id":24435,"date":"2020-04-23T19:16:00","date_gmt":"2020-04-23T19:16:00","guid":{"rendered":"https:\/\/jorgezanoni.com.br\/2019\/?p=24435"},"modified":"2020-04-23T19:16:00","modified_gmt":"2020-04-23T19:16:00","slug":"motociclista-e-socorrido-em-estado-grave-apos-colidir-em-traseira-de-caminhao-na-sp-425-em-martinopolis","status":"publish","type":"post","link":"https:\/\/jorgezanoni.com.br\/2019\/motociclista-e-socorrido-em-estado-grave-apos-colidir-em-traseira-de-caminhao-na-sp-425-em-martinopolis\/","title":{"rendered":"Motociclista \u00e9 socorrido em estado grave ap\u00f3s colidir em traseira de caminh\u00e3o na SP-425, em Martin\u00f3polis"},"content":{"rendered":"<h2 class=\"content-head__subtitle\" style=\"text-align: justify;\"><strong>Jovem, de 21 anos, foi levado ao Hospital Regional (HR), em Presidente Prudente. Causa do acidente ainda n\u00e3o foi esclarecida.<\/strong><\/h2>\n<div class=\"mc-column content-text active-extra-styles \" data-block-type=\"unstyled\" data-block-weight=\"31\" data-block-id=\"2\">\n<p class=\"content-text__container \" style=\"text-align: justify;\" data-track-category=\"Link no Texto\" data-track-links=\"\">Um motociclista, de 21 anos, foi socorrido em estado grave ap\u00f3s colidir na traseira de um caminh\u00e3o na manh\u00e3 desta quinta-feira (23), na Rodovia Assis Chateaubriand (SP-425), em\u00a0<a href=\"https:\/\/g1.globo.com\/sp\/presidente-prudente-regiao\/cidade\/martinopolis-sp\/\">Martin\u00f3polis (SP)<\/a>.<\/p>\n<\/div>\n<div class=\"wall protected-content\">\n<div class=\"mc-column content-text active-extra-styles \" style=\"text-align: justify;\" data-block-type=\"unstyled\" data-block-weight=\"28\" data-block-id=\"3\">\n<p class=\"content-text__container \" data-track-category=\"Link no Texto\" data-track-links=\"\">O jovem, conforme informa\u00e7\u00f5es da Pol\u00edcia Militar, foi socorrido inconsciente pelo Corpo de Bombeiros e levado em estado grave para o Hospital Regional (HR), em\u00a0<a href=\"https:\/\/g1.globo.com\/sp\/presidente-prudente-regiao\/cidade\/presidente-prudente\/\">Presidente Prudente (SP)<\/a>.<\/p>\n<\/div>\n<div class=\"mc-column content-text active-extra-styles \" style=\"text-align: justify;\" data-block-type=\"unstyled\" data-block-weight=\"19\" data-block-id=\"4\">\n<p class=\"content-text__container \" data-track-category=\"Link no Texto\" data-track-links=\"\">Ainda de acordo com a pol\u00edcia, o acidente ocorreu por volta das 8h, por motivos ainda n\u00e3o esclarecidos.<\/p>\n<\/div>\n<div class=\"mc-column content-text active-extra-styles \" style=\"text-align: justify;\" data-block-type=\"unstyled\" data-block-weight=\"7\" data-block-id=\"5\">\n<p class=\"content-text__container \" data-track-category=\"Link no Texto\" data-track-links=\"\">O jovem seguia sentido Martin\u00f3polis-Presidente Prudente.<\/p>\n<\/div>\n<div class=\"mc-column content-text active-extra-styles\" style=\"text-align: justify;\" data-block-type=\"raw\" data-block-weight=\"3\" data-block-id=\"6\">\n<div class=\"content-intertitle\">\n<h2>Estado de sa\u00fade<\/h2>\n<\/div>\n<\/div>\n<div class=\"mc-column content-text active-extra-styles \" style=\"text-align: justify;\" data-block-type=\"unstyled\" data-block-weight=\"21\" data-block-id=\"7\">\n<p class=\"content-text__container \" data-track-category=\"Link no Texto\" data-track-links=\"\">Em nota enviada ao\u00a0<strong>G1<\/strong>, o Hospital Regional informou que o paciente deu entrada na unidade na manh\u00e3 desta quinta-feira (23).<\/p>\n<\/div>\n<div class=\"mc-column content-text active-extra-styles \" style=\"text-align: justify;\" data-block-type=\"unstyled\" data-block-weight=\"27\" data-block-id=\"8\">\n<p class=\"content-text__container \" data-track-category=\"Link no Texto\" data-track-links=\"\">&#8220;Deu entrada \u00e0s 8h38 na unidade recebendo todos os cuidados da equipe m\u00e9dica e multiprofissional. Neste momento, seu estado de sa\u00fade \u00e9 considerado grave&#8221;, concluiu o HR.<\/p>\n<p data-track-category=\"Link no Texto\" data-track-links=\"\"><img decoding=\"async\" class=\"image content-media__image progressive-loaded\" title=\"Acidente ocorreu na manh\u00e3 desta quinta-feira (23), em Martin\u00f3polis \u2014 Foto: Pol\u00edcia Militar \" src=\"https:\/\/s2.glbimg.com\/52eOEOFka6EITg0auVcg_5d0Ji8=\/0x0:1280x706\/984x0\/smart\/filters:strip_icc()\/i.s3.glbimg.com\/v1\/AUTH_59edd422c0c84a879bd37670ae4f538a\/internal_photos\/bs\/2020\/S\/B\/oe0KA5TACzwi0NmAiIzQ\/whatsapp-image-2020-04-23-at-09.38.31-1-.jpeg\" alt=\"Acidente ocorreu na manh\u00e3 desta quinta-feira (23), em Martin\u00f3polis \u2014 Foto: Pol\u00edcia Militar \" data-src=\"https:\/\/s2.glbimg.com\/52eOEOFka6EITg0auVcg_5d0Ji8=\/0x0:1280x706\/984x0\/smart\/filters:strip_icc()\/i.s3.glbimg.com\/v1\/AUTH_59edd422c0c84a879bd37670ae4f538a\/internal_photos\/bs\/2020\/S\/B\/oe0KA5TACzwi0NmAiIzQ\/whatsapp-image-2020-04-23-at-09.38.31-1-.jpeg\" \/><\/p>\n<\/div>\n<div class=\"row medium-uncollapsed content-media content-photo\" style=\"text-align: justify;\" data-block-type=\"backstage-photo\" data-block-id=\"9\">\n<div class=\"mc-column content-media__container\">\n<p class=\"content-media__description \">Acidente ocorreu na manh\u00e3 desta quinta-feira (23), em Martin\u00f3polis \u2014 Foto: Pol\u00edcia Militar<\/p>\n<p><img loading=\"lazy\" decoding=\"async\" class=\"alignnone size-full wp-image-24436\" src=\"https:\/\/jorgezanoni.com.br\/2019\/wp-content\/uploads\/2020\/04\/mari.jpeg\" alt=\"\" width=\"640\" height=\"480\" srcset=\"https:\/\/jorgezanoni.com.br\/2019\/wp-content\/uploads\/2020\/04\/mari.jpeg 640w, https:\/\/jorgezanoni.com.br\/2019\/wp-content\/uploads\/2020\/04\/mari-300x225.jpeg 300w, https:\/\/jorgezanoni.com.br\/2019\/wp-content\/uploads\/2020\/04\/mari-80x60.jpeg 80w, https:\/\/jorgezanoni.com.br\/2019\/wp-content\/uploads\/2020\/04\/mari-265x198.jpeg 265w, https:\/\/jorgezanoni.com.br\/2019\/wp-content\/uploads\/2020\/04\/mari-560x420.jpeg 560w\" sizes=\"auto, (max-width: 640px) 100vw, 640px\" \/>Acidente ocorreu na manh\u00e3 desta quinta-feira (23), em Martin\u00f3polis \u2014 Foto: Pol\u00edcia Militar<\/p>\n<\/div>\n<\/div>\n<div class=\"row medium-uncollapsed content-media content-photo\" data-block-type=\"backstage-photo\" data-block-id=\"11\">\n<div class=\"mc-column content-media__container\">\n<p style=\"text-align: justify;\">Fonte: G1<\/p>\n<\/div>\n<\/div>\n<\/div>\n","protected":false},"excerpt":{"rendered":"<p>Jovem, de 21 anos, foi levado ao Hospital Regional (HR), em Presidente Prudente. Causa do acidente ainda n\u00e3o foi esclarecida. Um motociclista, de 21 anos, foi socorrido em estado grave ap\u00f3s colidir na traseira de um caminh\u00e3o na manh\u00e3 desta quinta-feira (23), na Rodovia Assis Chateaubriand (SP-425), em\u00a0Martin\u00f3polis (SP). O jovem, conforme informa\u00e7\u00f5es da Pol\u00edcia [&hellip;]<\/p>\n","protected":false},"author":1,"featured_media":24437,"comment_status":"closed","ping_status":"open","sticky":false,"template":"","format":"standard","meta":{"footnotes":""},"categories":[170,110],"tags":[],"class_list":["post-24435","post","type-post","status-publish","format-standard","has-post-thumbnail","hentry","category-acidentes","category-noticiasdestaque"],"_links":{"self":[{"href":"https:\/\/jorgezanoni.com.br\/2019\/wp-json\/wp\/v2\/posts\/24435","targetHints":{"allow":["GET"]}}],"collection":[{"href":"https:\/\/jorgezanoni.com.br\/2019\/wp-json\/wp\/v2\/posts"}],"about":[{"href":"https:\/\/jorgezanoni.com.br\/2019\/wp-json\/wp\/v2\/types\/post"}],"author":[{"embeddable":true,"href":"https:\/\/jorgezanoni.com.br\/2019\/wp-json\/wp\/v2\/users\/1"}],"replies":[{"embeddable":true,"href":"https:\/\/jorgezanoni.com.br\/2019\/wp-json\/wp\/v2\/comments?post=24435"}],"version-history":[{"count":0,"href":"https:\/\/jorgezanoni.com.br\/2019\/wp-json\/wp\/v2\/posts\/24435\/revisions"}],"wp:featuredmedia":[{"embeddable":true,"href":"https:\/\/jorgezanoni.com.br\/2019\/wp-json\/wp\/v2\/media\/24437"}],"wp:attachment":[{"href":"https:\/\/jorgezanoni.com.br\/2019\/wp-json\/wp\/v2\/media?parent=24435"}],"wp:term":[{"taxonomy":"category","embeddable":true,"href":"https:\/\/jorgezanoni.com.br\/2019\/wp-json\/wp\/v2\/categories?post=24435"},{"taxonomy":"post_tag","embeddable":true,"href":"https:\/\/jorgezanoni.com.br\/2019\/wp-json\/wp\/v2\/tags?post=24435"}],"curies":[{"name":"wp","href":"https:\/\/api.w.org\/{rel}","templated":true}]}}