{"id":24432,"date":"2020-04-23T18:06:55","date_gmt":"2020-04-23T18:06:55","guid":{"rendered":"https:\/\/jorgezanoni.com.br\/2019\/?p=24432"},"modified":"2020-04-23T18:06:55","modified_gmt":"2020-04-23T18:06:55","slug":"moro-pede-demissao-depois-de-bolsonaro-anunciar-troca-na-direcao-da-pf","status":"publish","type":"post","link":"https:\/\/jorgezanoni.com.br\/2019\/moro-pede-demissao-depois-de-bolsonaro-anunciar-troca-na-direcao-da-pf\/","title":{"rendered":"Moro pede demiss\u00e3o depois de Bolsonaro anunciar troca na dire\u00e7\u00e3o da PF"},"content":{"rendered":"<h2 class=\"txt-gray mb-0 h4\" style=\"text-align: justify;\"><strong>Presidente tenta agora impedir que Moro saia de fato do governo.<\/strong><\/h2>\n<div style=\"text-align: justify;\">O ministro\u00a0<strong>S\u00e9rgio Moro<\/strong>, da Justi\u00e7a, chegou ao seu limite e\u00a0<strong>pediu demiss\u00e3o<\/strong>\u00a0ao presidente Jair\u00a0<strong>Bolsonaro<\/strong>\u00a0nesta quinta-feira (23\/4). O motivo foi o an\u00fancio feito pelo presidente de que deve trocar o comando da\u00a0<strong>Pol\u00edcia Federal<\/strong>. Bolsonaro tenta reverter o pedido de Moro.<\/div>\n<div>\n<div style=\"text-align: justify;\"><\/div>\n<div style=\"text-align: justify;\">O atual diretor-geral, Maur\u00edcio Valeixo, que tem o apoio do ministro, deve ser demitido para dar lugar a um nome que tenha maior proximidade com o chefe do Executivo. Moro, por\u00e9m, v\u00ea na troca um ato extremo de desautoriza\u00e7\u00e3o, que ocorreria para proteger aliados atualmente na mira da corpora\u00e7\u00e3o.<\/div>\n<div style=\"text-align: justify;\"><\/div>\n<div style=\"text-align: justify;\">A inten\u00e7\u00e3o de fazer a troca ocorre em meio ao andamento de um inqu\u00e9rito, aberto pelo Supremo Tribunal Federal (STF), a pedido do Procurador-geral da Rep\u00fablica, Augusto Aras, que mira deputados bolsonaristas.\u00a0<a href=\"https:\/\/www.correiobraziliense.com.br\/app\/noticia\/politica\/2020\/04\/20\/interna_politica,846522\/aras-pede-abertura-de-inquerito-para-apurar-ato-que-teve-presenca-de-b.shtml\">Eles s\u00e3o suspeitos de atuar para financiar e incentivar manifesta\u00e7\u00f5es contra o Supremo e o Congresso<\/a>.<\/div>\n<div style=\"text-align: justify;\">\n<div>As manifesta\u00e7\u00f5es foram convocadas em v\u00e1rias cidades para pedir um &#8220;novo AI-5&#8221;.\u00a0<a href=\"https:\/\/www.correiobraziliense.com.br\/app\/noticia\/politica\/2020\/04\/20\/interna_politica,846335\/gesto-de-bolsonaro-em-manifestacao-e-visto-como-provocacao-no-meio-pol.shtml\">O pr\u00f3prio presidente participou de um ato em frente ao Quartel General do Ex\u00e9rcito, em Bras\u00edlia<\/a>.<\/div>\n<h3>Resist\u00eancia da corpora\u00e7\u00e3o<\/h3>\n<div>As tentativas de trocar o diretor-geral da PF encontram resist\u00eancia n\u00e3o s\u00f3 de Moro, mas tamb\u00e9m de delegados e agentes. \u00c9 consenso que, se concretizadas, enfraquecer\u00e3o o ministro da Justi\u00e7a.<\/div>\n<div><\/div>\n<div>Dentro da corpora\u00e7\u00e3o, a not\u00edcia da troca foi recebida como uma bomba por agentes e delegados. Nem a Presid\u00eancia nem o Minist\u00e9rio da Justi\u00e7a se manifestaram oficialmente sobre o caso, at\u00e9 o momento.<\/div>\n<div><\/div>\n<\/div>\n<div style=\"text-align: justify;\">Fonte: Https:\/\/www.correiobraziliense.com.br\/app\/noticia\/politica\/2020\/04\/23\/interna_politica,847508\/moro-pede-demissao-depois-de-bolsonaro-anunciar-troca-na-direcao-da-pf.shtml<\/div>\n<\/div>\n","protected":false},"excerpt":{"rendered":"<p>Presidente tenta agora impedir que Moro saia de fato do governo. O ministro\u00a0S\u00e9rgio Moro, da Justi\u00e7a, chegou ao seu limite e\u00a0pediu demiss\u00e3o\u00a0ao presidente Jair\u00a0Bolsonaro\u00a0nesta quinta-feira (23\/4). O motivo foi o an\u00fancio feito pelo presidente de que deve trocar o comando da\u00a0Pol\u00edcia Federal. Bolsonaro tenta reverter o pedido de Moro. O atual diretor-geral, Maur\u00edcio Valeixo, que [&hellip;]<\/p>\n","protected":false},"author":1,"featured_media":24433,"comment_status":"closed","ping_status":"open","sticky":false,"template":"","format":"standard","meta":{"footnotes":""},"categories":[110,116],"tags":[],"class_list":["post-24432","post","type-post","status-publish","format-standard","has-post-thumbnail","hentry","category-noticiasdestaque","category-politicaeeconomia"],"_links":{"self":[{"href":"https:\/\/jorgezanoni.com.br\/2019\/wp-json\/wp\/v2\/posts\/24432","targetHints":{"allow":["GET"]}}],"collection":[{"href":"https:\/\/jorgezanoni.com.br\/2019\/wp-json\/wp\/v2\/posts"}],"about":[{"href":"https:\/\/jorgezanoni.com.br\/2019\/wp-json\/wp\/v2\/types\/post"}],"author":[{"embeddable":true,"href":"https:\/\/jorgezanoni.com.br\/2019\/wp-json\/wp\/v2\/users\/1"}],"replies":[{"embeddable":true,"href":"https:\/\/jorgezanoni.com.br\/2019\/wp-json\/wp\/v2\/comments?post=24432"}],"version-history":[{"count":0,"href":"https:\/\/jorgezanoni.com.br\/2019\/wp-json\/wp\/v2\/posts\/24432\/revisions"}],"wp:featuredmedia":[{"embeddable":true,"href":"https:\/\/jorgezanoni.com.br\/2019\/wp-json\/wp\/v2\/media\/24433"}],"wp:attachment":[{"href":"https:\/\/jorgezanoni.com.br\/2019\/wp-json\/wp\/v2\/media?parent=24432"}],"wp:term":[{"taxonomy":"category","embeddable":true,"href":"https:\/\/jorgezanoni.com.br\/2019\/wp-json\/wp\/v2\/categories?post=24432"},{"taxonomy":"post_tag","embeddable":true,"href":"https:\/\/jorgezanoni.com.br\/2019\/wp-json\/wp\/v2\/tags?post=24432"}],"curies":[{"name":"wp","href":"https:\/\/api.w.org\/{rel}","templated":true}]}}