{"id":24394,"date":"2020-04-23T15:36:20","date_gmt":"2020-04-23T15:36:20","guid":{"rendered":"https:\/\/jorgezanoni.com.br\/2019\/?p=24394"},"modified":"2020-04-23T15:37:33","modified_gmt":"2020-04-23T15:37:33","slug":"cantor-tupiense-nando-peres-apresentou-sua-live-nesta-terca-feira","status":"publish","type":"post","link":"https:\/\/jorgezanoni.com.br\/2019\/cantor-tupiense-nando-peres-apresentou-sua-live-nesta-terca-feira\/","title":{"rendered":"Cantor Tupiense Nando Peres apresentou sua LIVE nesta ter\u00e7a-feira"},"content":{"rendered":"<div class=\"page\">\n<div style=\"text-align: justify;\">Seguindo a tend\u00eancia dos musicos do Pa\u00eds, o cantor, compositor e professor de m\u00fasica Tupiense NANDO PERES, realizou na noite desta ter\u00e7a-feira (21), feriado de Tiradentes, sua primeira LIVE BENEFICENTE.<\/div>\n<div style=\"text-align: justify;\"><\/div>\n<div style=\"text-align: justify;\">Transmitida via seu canal na plataforma do Youtube, o cantor alegrou e interagiu com centenas tupiense em mais de uma hora e meia com um report\u00f3rio musical variado.<\/div>\n<div style=\"text-align: justify;\"><\/div>\n<div style=\"text-align: justify;\">Al\u00e9m de oferecer horas agrad\u00e1veis na noite deste feriado o cantor ainda contribui com a Coletivo Rancho Y-Iara, da tamb\u00e9m tupiense Luciana Teruel filha da saudosa professora Alice Teruel Aires.<\/div>\n<div style=\"text-align: justify;\"><\/div>\n<div style=\"text-align: justify;\">O Rancho Y-\u00ceara abriu suas porteiras e seu cora\u00e7\u00e3o em 2018 para dar in\u00edcio a uma trajet\u00f3ria de sonhos diversos e hist\u00f3rias ligadas pela m\u00e3e Terra. Uniram-se \u00e0s margens do Rio Paran\u00e1, pessoas dispostas a construir estes sonhos, que incluem a valoriza\u00e7\u00e3o da vida e sua diversidade atrav\u00e9s da agroecologia, arte, educa\u00e7\u00e3o e sustentabilidade.<\/div>\n<div style=\"text-align: justify;\"><\/div>\n<div style=\"text-align: justify;\">Se voc\u00ea tamb\u00e9m quiser colaborar \u00e9 s\u00f3 depositar qualquer quantia na conta:<\/div>\n<div style=\"text-align: justify;\"><\/div>\n<div style=\"text-align: justify;\">Banco do Brasil<\/div>\n<div style=\"text-align: justify;\">Mohamed A Abou Nass<\/div>\n<div style=\"text-align: justify;\">Ag\u00eancia: 3782-6<\/div>\n<div style=\"text-align: justify;\">Conta Poupan\u00e7a: 15703-1<\/div>\n<div style=\"text-align: justify;\">Varia\u00e7\u00e3o 51<\/div>\n<div style=\"text-align: justify;\"><\/div>\n<div style=\"text-align: justify;\">Visita a p\u00e1gina oficial do Rancho no Facebook &#8211;\u00a0<a href=\"https:\/\/www.facebook.com\/ranchoyiara\" target=\"\" rel=\"noopener noreferrer\">https:\/\/www.facebook.com\/ranchoyiara<\/a><\/div>\n<div style=\"text-align: justify;\"><\/div>\n<div style=\"text-align: justify;\">Para rever a LIVE clique em:<\/div>\n<div style=\"text-align: justify;\"><\/div>\n<div style=\"text-align: justify;\">PARTE I &#8211;\u00a0<a title=\"Link: https:\/\/www.facebook.com\/nandoperesoficial\/videos\/1563526977142546\/\" href=\"https:\/\/www.facebook.com\/nandoperesoficial\/videos\/1563526977142546\/\" target=\"\" rel=\"noopener noreferrer\">https:\/\/www.facebook.com\/nandoperesoficial\/videos\/1563526977142546\/<\/a><\/div>\n<div style=\"text-align: justify;\"><\/div>\n<div style=\"text-align: justify;\">PARTE II &#8211;\u00a0<a title=\"Link: https:\/\/www.facebook.com\/nandoperesoficial\/videos\/596260307640542\/\" href=\"https:\/\/www.facebook.com\/nandoperesoficial\/videos\/596260307640542\/\" target=\"\" rel=\"noopener noreferrer\">https:\/\/www.facebook.com\/nandoperesoficial\/videos\/596260307640542\/<\/a><\/div>\n<div style=\"text-align: justify;\"><\/div>\n<div style=\"text-align: justify;\">\n<p>Parab\u00e9ns ao Artista e a NP Produ\u00e7\u00f5es\u00a0e envolvidos pela iniciativa e a\u00e7\u00e3o social.<\/p>\n<p>Fonte: Assessoria de Imprensa<\/p>\n<\/div>\n<\/div>\n","protected":false},"excerpt":{"rendered":"<p>Seguindo a tend\u00eancia dos musicos do Pa\u00eds, o cantor, compositor e professor de m\u00fasica Tupiense NANDO PERES, realizou na noite desta ter\u00e7a-feira (21), feriado de Tiradentes, sua primeira LIVE BENEFICENTE. Transmitida via seu canal na plataforma do Youtube, o cantor alegrou e interagiu com centenas tupiense em mais de uma hora e meia com um [&hellip;]<\/p>\n","protected":false},"author":1,"featured_media":24395,"comment_status":"closed","ping_status":"open","sticky":false,"template":"","format":"standard","meta":{"footnotes":""},"categories":[183,118],"tags":[],"class_list":["post-24394","post","type-post","status-publish","format-standard","has-post-thumbnail","hentry","category-musicaeturismo","category-religiaoesolidariedade"],"_links":{"self":[{"href":"https:\/\/jorgezanoni.com.br\/2019\/wp-json\/wp\/v2\/posts\/24394","targetHints":{"allow":["GET"]}}],"collection":[{"href":"https:\/\/jorgezanoni.com.br\/2019\/wp-json\/wp\/v2\/posts"}],"about":[{"href":"https:\/\/jorgezanoni.com.br\/2019\/wp-json\/wp\/v2\/types\/post"}],"author":[{"embeddable":true,"href":"https:\/\/jorgezanoni.com.br\/2019\/wp-json\/wp\/v2\/users\/1"}],"replies":[{"embeddable":true,"href":"https:\/\/jorgezanoni.com.br\/2019\/wp-json\/wp\/v2\/comments?post=24394"}],"version-history":[{"count":0,"href":"https:\/\/jorgezanoni.com.br\/2019\/wp-json\/wp\/v2\/posts\/24394\/revisions"}],"wp:featuredmedia":[{"embeddable":true,"href":"https:\/\/jorgezanoni.com.br\/2019\/wp-json\/wp\/v2\/media\/24395"}],"wp:attachment":[{"href":"https:\/\/jorgezanoni.com.br\/2019\/wp-json\/wp\/v2\/media?parent=24394"}],"wp:term":[{"taxonomy":"category","embeddable":true,"href":"https:\/\/jorgezanoni.com.br\/2019\/wp-json\/wp\/v2\/categories?post=24394"},{"taxonomy":"post_tag","embeddable":true,"href":"https:\/\/jorgezanoni.com.br\/2019\/wp-json\/wp\/v2\/tags?post=24394"}],"curies":[{"name":"wp","href":"https:\/\/api.w.org\/{rel}","templated":true}]}}