{"id":24377,"date":"2020-04-23T14:14:44","date_gmt":"2020-04-23T14:14:44","guid":{"rendered":"https:\/\/jorgezanoni.com.br\/2019\/?p=24377"},"modified":"2020-04-23T14:14:44","modified_gmt":"2020-04-23T14:14:44","slug":"prefeitura-de-presidente-prudente-decreta-luto-oficial-de-3-dias-devido-a-morte-do-vereador-natanael-gonzaga","status":"publish","type":"post","link":"https:\/\/jorgezanoni.com.br\/2019\/prefeitura-de-presidente-prudente-decreta-luto-oficial-de-3-dias-devido-a-morte-do-vereador-natanael-gonzaga\/","title":{"rendered":"Prefeitura de Presidente Prudente decreta luto oficial de 3 dias devido \u00e0 morte do vereador Natanael Gonzaga"},"content":{"rendered":"<h2 class=\"content-head__subtitle\" style=\"text-align: justify;\"><strong>Documento considera o &#8216;importante papel&#8217; do parlamentar e sua contribui\u00e7\u00e3o junto ao Poder Legislativo.<\/strong><\/h2>\n<div class=\"mc-column content-text active-extra-styles \" data-block-type=\"unstyled\" data-block-weight=\"41\" data-block-id=\"2\">\n<p class=\"content-text__container \" style=\"text-align: justify;\" data-track-category=\"Link no Texto\" data-track-links=\"\">A Prefeitura de Presidente Prudente decretou luto oficial de tr\u00eas dias devido \u00e1 morte do vereador e vice-presidente da C\u00e2mara Municipal Natanael Gonzaga da Santa Cruz (PSDB). O documento deve ser publicado ainda nesta quinta-feira (23) no Di\u00e1rio Oficial do Munic\u00edpio.<\/p>\n<\/div>\n<div class=\"wall protected-content\">\n<div class=\"mc-column content-text active-extra-styles \" style=\"text-align: justify;\" data-block-type=\"unstyled\" data-block-weight=\"31\" data-block-id=\"3\">\n<p class=\"content-text__container \" data-track-category=\"Link no Texto\" data-track-links=\"\">O decreto considera \u201co importante papel que o vereador Natanael Gonzaga da Santa Cruz desempenhou ao longo de sua vida e a imensur\u00e1vel contribui\u00e7\u00e3o junto ao Poder Legislativo de nossa cidade\u201d.<\/p>\n<\/div>\n<div class=\"mc-column content-text active-extra-styles \" style=\"text-align: justify;\" data-block-type=\"unstyled\" data-block-weight=\"11\" data-block-id=\"4\">\n<p class=\"content-text__container \" data-track-category=\"Link no Texto\" data-track-links=\"\"><a href=\"https:\/\/g1.globo.com\/sp\/presidente-prudente-regiao\/noticia\/2020\/04\/23\/vice-presidente-da-camara-municipal-de-presidente-prudente-natanael-gonzaga-morre-aos-56-anos.ghtml\">O parlamentar morreu na madrugada desta quinta-feira (23) aos 56 anos.<\/a><\/p>\n<\/div>\n<div class=\"mc-column content-text active-extra-styles \" style=\"text-align: justify;\" data-block-type=\"unstyled\" data-block-weight=\"53\" data-block-id=\"5\">\n<p class=\"content-text__container \" data-track-category=\"Link no Texto\" data-track-links=\"\">De acordo com informa\u00e7\u00f5es da C\u00e2mara Municipal, o vereador passou mal nesta quarta-feira (22) e foi levado pela fam\u00edlia para a Unidade de Pronto Atendimento (UPA) da zona norte, onde j\u00e1 chegou desacordado. Ele foi internado e sofreu uma parada cardiorrespirat\u00f3ria. Gonzaga chegou a ser transferido para o Hospital Regional, mas n\u00e3o resistiu.<\/p>\n<\/div>\n<div class=\"mc-column content-text active-extra-styles \" style=\"text-align: justify;\" data-block-type=\"unstyled\" data-block-weight=\"39\" data-block-id=\"6\">\n<p class=\"content-text__container \" data-track-category=\"Link no Texto\" data-track-links=\"\">O vel\u00f3rio ser\u00e1 realizado a partir das 10h no Plen\u00e1rio Doutor Francisco Lopes Gon\u00e7alves Correia, no Pr\u00e9dio Doutor Pedro Furquim, sede do Poder Legislativo, com as restri\u00e7\u00f5es necess\u00e1rias recomendadas pelas autoridades de sa\u00fade diante da pandemia provocada pela Covid-19.<\/p>\n<\/div>\n<div class=\"mc-column content-text active-extra-styles \" style=\"text-align: justify;\" data-block-type=\"unstyled\" data-block-weight=\"23\" data-block-id=\"7\">\n<p class=\"content-text__container \" data-track-category=\"Link no Texto\" data-track-links=\"\">Os vereadores da 17\u00aa Legislatura, bem como servidores do Parlamento, enlutados, manifestam pesar e sentimentos aos amigos e familiares pelo falecimento do vereador.<\/p>\n<\/div>\n<div class=\"mc-column content-text active-extra-styles \" data-block-type=\"unstyled\" data-block-weight=\"21\" data-block-id=\"8\">\n<p class=\"content-text__container \" style=\"text-align: justify;\" data-track-category=\"Link no Texto\" data-track-links=\"\">Natanael Gonzaga da Santa Cruz estava em seu terceiro mandato da C\u00e2mara Municipal de Presidente Prudente, deixa esposa e cinco filhos.<\/p>\n<\/div>\n<div class=\"row medium-uncollapsed content-media content-photo\" data-block-type=\"backstage-photo\" data-block-id=\"10\">\n<div class=\"mc-column content-media__container\">\n<div class=\"progressive-img can-open-lightbox\" data-min-size=\"1008x1394\" data-min-size-url=\"https:\/\/s2.glbimg.com\/iUQz34Y3m1N2xTfQuS8vMr_eAg4=\/35x0:960x1280\/1008x0\/smart\/filters:strip_icc()\/i.s3.glbimg.com\/v1\/AUTH_59edd422c0c84a879bd37670ae4f538a\/internal_photos\/bs\/2020\/N\/m\/lxADF2SvacnABBclXyow\/whatsapp-image-2020-04-23-at-09.40.28.jpeg\" data-max-size=\"1600x2214\" data-max-size-url=\"https:\/\/s2.glbimg.com\/SIIae3iR5d1VFU9s-603mbw9yuw=\/35x0:960x1280\/1600x0\/smart\/filters:strip_icc()\/i.s3.glbimg.com\/v1\/AUTH_59edd422c0c84a879bd37670ae4f538a\/internal_photos\/bs\/2020\/N\/m\/lxADF2SvacnABBclXyow\/whatsapp-image-2020-04-23-at-09.40.28.jpeg\" data-media-index=\"1\">\n<div class=\"placeholder-container\"><img decoding=\"async\" class=\"image content-media__image progressive-loaded\" title=\"Prefeitura de Presidente Prudente decretou luto oficial de 3 dias \u2014 Foto: Reprodu\u00e7\u00e3o\" src=\"https:\/\/s2.glbimg.com\/yUbfvysa7kY7Exbr-VyXJ4uS4N0=\/35x0:960x1280\/984x0\/smart\/filters:strip_icc()\/i.s3.glbimg.com\/v1\/AUTH_59edd422c0c84a879bd37670ae4f538a\/internal_photos\/bs\/2020\/N\/m\/lxADF2SvacnABBclXyow\/whatsapp-image-2020-04-23-at-09.40.28.jpeg\" alt=\"Prefeitura de Presidente Prudente decretou luto oficial de 3 dias \u2014 Foto: Reprodu\u00e7\u00e3o\" data-src=\"https:\/\/s2.glbimg.com\/yUbfvysa7kY7Exbr-VyXJ4uS4N0=\/35x0:960x1280\/984x0\/smart\/filters:strip_icc()\/i.s3.glbimg.com\/v1\/AUTH_59edd422c0c84a879bd37670ae4f538a\/internal_photos\/bs\/2020\/N\/m\/lxADF2SvacnABBclXyow\/whatsapp-image-2020-04-23-at-09.40.28.jpeg\" \/><\/div>\n<\/div>\n<p class=\"content-media__description \">Prefeitura de Presidente Prudente decretou luto oficial de 3 dias \u2014 Foto: Reprodu\u00e7\u00e3o<\/p>\n<p>Fonte: G1<\/p>\n<\/div>\n<\/div>\n<\/div>\n","protected":false},"excerpt":{"rendered":"<p>Documento considera o &#8216;importante papel&#8217; do parlamentar e sua contribui\u00e7\u00e3o junto ao Poder Legislativo. A Prefeitura de Presidente Prudente decretou luto oficial de tr\u00eas dias devido \u00e1 morte do vereador e vice-presidente da C\u00e2mara Municipal Natanael Gonzaga da Santa Cruz (PSDB). O documento deve ser publicado ainda nesta quinta-feira (23) no Di\u00e1rio Oficial do Munic\u00edpio. [&hellip;]<\/p>\n","protected":false},"author":1,"featured_media":24378,"comment_status":"closed","ping_status":"open","sticky":false,"template":"","format":"standard","meta":{"footnotes":""},"categories":[178,110,116],"tags":[],"class_list":["post-24377","post","type-post","status-publish","format-standard","has-post-thumbnail","hentry","category-notadefalecimento","category-noticiasdestaque","category-politicaeeconomia"],"_links":{"self":[{"href":"https:\/\/jorgezanoni.com.br\/2019\/wp-json\/wp\/v2\/posts\/24377","targetHints":{"allow":["GET"]}}],"collection":[{"href":"https:\/\/jorgezanoni.com.br\/2019\/wp-json\/wp\/v2\/posts"}],"about":[{"href":"https:\/\/jorgezanoni.com.br\/2019\/wp-json\/wp\/v2\/types\/post"}],"author":[{"embeddable":true,"href":"https:\/\/jorgezanoni.com.br\/2019\/wp-json\/wp\/v2\/users\/1"}],"replies":[{"embeddable":true,"href":"https:\/\/jorgezanoni.com.br\/2019\/wp-json\/wp\/v2\/comments?post=24377"}],"version-history":[{"count":0,"href":"https:\/\/jorgezanoni.com.br\/2019\/wp-json\/wp\/v2\/posts\/24377\/revisions"}],"wp:featuredmedia":[{"embeddable":true,"href":"https:\/\/jorgezanoni.com.br\/2019\/wp-json\/wp\/v2\/media\/24378"}],"wp:attachment":[{"href":"https:\/\/jorgezanoni.com.br\/2019\/wp-json\/wp\/v2\/media?parent=24377"}],"wp:term":[{"taxonomy":"category","embeddable":true,"href":"https:\/\/jorgezanoni.com.br\/2019\/wp-json\/wp\/v2\/categories?post=24377"},{"taxonomy":"post_tag","embeddable":true,"href":"https:\/\/jorgezanoni.com.br\/2019\/wp-json\/wp\/v2\/tags?post=24377"}],"curies":[{"name":"wp","href":"https:\/\/api.w.org\/{rel}","templated":true}]}}