{"id":24371,"date":"2020-04-23T02:15:18","date_gmt":"2020-04-23T02:15:18","guid":{"rendered":"https:\/\/jorgezanoni.com.br\/2019\/?p=24371"},"modified":"2020-04-23T02:15:18","modified_gmt":"2020-04-23T02:15:18","slug":"carro-da-prefeitura-de-adamantina-fica-destruido-em-acidente-motorista-saiu-ileso","status":"publish","type":"post","link":"https:\/\/jorgezanoni.com.br\/2019\/carro-da-prefeitura-de-adamantina-fica-destruido-em-acidente-motorista-saiu-ileso\/","title":{"rendered":"Carro da Prefeitura de Adamantina fica destru\u00eddo em acidente, motorista saiu ileso"},"content":{"rendered":"<div class=\"mvp-post-main-in\">\n<div id=\"mvp-post-content\" class=\"left relative\">\n<div id=\"mvp-content-wrap\" class=\"left relative\">\n<div class=\"mvp-post-soc-out right relative\">\n<div class=\"mvp-post-soc-in\">\n<div id=\"mvp-content-body\" class=\"left relative\">\n<div id=\"mvp-content-body-top\" class=\"left relative\">\n<div id=\"mvp-content-main\" class=\"left relative\">\n<div id=\"tps_slideContainer_65064\" class=\"theiaPostSlider_slides\">\n<div class=\"theiaPostSlider_preloadedSlide\">\n<p style=\"text-align: justify;\">Um motorista de 37 anos de idade, funcion\u00e1rio da Prefeitura de Adamantina, saiu ileso ap\u00f3s o capotamento de um ve\u00edculo da frota municipal na manh\u00e3 desta quarta-feira (22).<\/p>\n<p>De acordo com o Corpo de Bombeiros de Adamantina que atendeu a ocorr\u00eancia, o capotamento ocorreu por volta das 11h53 na Vicinal Pl\u00e1cido Rocha que liga a SP-294 ao Bairro Lagoa Seca.<br \/>\nO profissional trafegava com o ve\u00edculo Corsa pela vicinal, quando por motivos ainda desconhecidos perdeu o controle da dire\u00e7\u00e3o ocasionando o acidente.<\/p>\n<div class=\"tiled-gallery type-square\" data-original-width=\"740\" data-carousel-extra=\"null\">\n<div class=\"gallery-row\" data-original-width=\"740\" data-original-height=\"740\">\n<div class=\"gallery-group\" data-original-width=\"740\" data-original-height=\"740\">\n<div class=\"tiled-gallery-item \"><a href=\"https:\/\/adamantinanet.com.br\/2020\/04\/22\/carro-da-prefeitura-de-adamantina-fica-destruido-em-acidente-motorista-saiu-ileso\/01-161\/\"><img loading=\"lazy\" decoding=\"async\" class=\"jetpack-lazy-image jetpack-lazy-image--handled\" title=\"01\" src=\"https:\/\/i1.wp.com\/adamantinanet.com.br\/wp-content\/uploads\/2020\/04\/01-1.jpg?w=736&amp;h=736&amp;crop=1&amp;ssl=1\" alt=\"01\" width=\"736\" height=\"736\" data-attachment-id=\"65074\" data-orig-file=\"https:\/\/adamantinanet.com.br\/wp-content\/uploads\/2020\/04\/01-1.jpg\" data-orig-size=\"667,500\" data-comments-opened=\"\" data-image-meta=\"{&quot;aperture&quot;:&quot;0&quot;,&quot;credit&quot;:&quot;&quot;,&quot;camera&quot;:&quot;&quot;,&quot;caption&quot;:&quot;&quot;,&quot;created_timestamp&quot;:&quot;0&quot;,&quot;copyright&quot;:&quot;&quot;,&quot;focal_length&quot;:&quot;0&quot;,&quot;iso&quot;:&quot;0&quot;,&quot;shutter_speed&quot;:&quot;0&quot;,&quot;title&quot;:&quot;&quot;,&quot;orientation&quot;:&quot;1&quot;}\" data-image-title=\"01\" data-image-description=\"\" data-medium-file=\"https:\/\/i1.wp.com\/adamantinanet.com.br\/wp-content\/uploads\/2020\/04\/01-1.jpg?fit=300%2C225&amp;ssl=1\" data-large-file=\"https:\/\/i1.wp.com\/adamantinanet.com.br\/wp-content\/uploads\/2020\/04\/01-1.jpg?fit=667%2C500&amp;ssl=1\" data-original-width=\"736\" data-original-height=\"736\" data-lazy-loaded=\"1\" \/><\/a><\/div>\n<\/div>\n<\/div>\n<div class=\"gallery-row\" data-original-width=\"740\" data-original-height=\"246\">\n<div class=\"gallery-group\" data-original-width=\"246\" data-original-height=\"246\">\n<div class=\"tiled-gallery-item \"><a href=\"https:\/\/adamantinanet.com.br\/2020\/04\/22\/carro-da-prefeitura-de-adamantina-fica-destruido-em-acidente-motorista-saiu-ileso\/03-87\/\"><img loading=\"lazy\" decoding=\"async\" class=\"jetpack-lazy-image jetpack-lazy-image--handled\" title=\"03\" src=\"https:\/\/i1.wp.com\/adamantinanet.com.br\/wp-content\/uploads\/2020\/04\/03.jpg?w=242&amp;h=242&amp;crop=1&amp;ssl=1\" alt=\"03\" width=\"242\" height=\"242\" data-attachment-id=\"65076\" data-orig-file=\"https:\/\/adamantinanet.com.br\/wp-content\/uploads\/2020\/04\/03.jpg\" data-orig-size=\"500,667\" data-comments-opened=\"\" data-image-meta=\"{&quot;aperture&quot;:&quot;0&quot;,&quot;credit&quot;:&quot;&quot;,&quot;camera&quot;:&quot;&quot;,&quot;caption&quot;:&quot;&quot;,&quot;created_timestamp&quot;:&quot;0&quot;,&quot;copyright&quot;:&quot;&quot;,&quot;focal_length&quot;:&quot;0&quot;,&quot;iso&quot;:&quot;0&quot;,&quot;shutter_speed&quot;:&quot;0&quot;,&quot;title&quot;:&quot;&quot;,&quot;orientation&quot;:&quot;1&quot;}\" data-image-title=\"03\" data-image-description=\"\" data-medium-file=\"https:\/\/i1.wp.com\/adamantinanet.com.br\/wp-content\/uploads\/2020\/04\/03.jpg?fit=225%2C300&amp;ssl=1\" data-large-file=\"https:\/\/i1.wp.com\/adamantinanet.com.br\/wp-content\/uploads\/2020\/04\/03.jpg?fit=500%2C667&amp;ssl=1\" data-original-width=\"242\" data-original-height=\"242\" data-lazy-loaded=\"1\" \/><\/a><\/div>\n<\/div>\n<div class=\"gallery-group\" data-original-width=\"246\" data-original-height=\"246\">\n<div class=\"tiled-gallery-item \"><a href=\"https:\/\/adamantinanet.com.br\/2020\/04\/22\/carro-da-prefeitura-de-adamantina-fica-destruido-em-acidente-motorista-saiu-ileso\/02-106\/\"><img loading=\"lazy\" decoding=\"async\" class=\"jetpack-lazy-image jetpack-lazy-image--handled\" title=\"02\" src=\"https:\/\/i2.wp.com\/adamantinanet.com.br\/wp-content\/uploads\/2020\/04\/02.jpg?w=242&amp;h=242&amp;crop=1&amp;ssl=1\" alt=\"02\" width=\"242\" height=\"242\" data-attachment-id=\"65075\" data-orig-file=\"https:\/\/adamantinanet.com.br\/wp-content\/uploads\/2020\/04\/02.jpg\" data-orig-size=\"667,500\" data-comments-opened=\"\" data-image-meta=\"{&quot;aperture&quot;:&quot;0&quot;,&quot;credit&quot;:&quot;&quot;,&quot;camera&quot;:&quot;&quot;,&quot;caption&quot;:&quot;&quot;,&quot;created_timestamp&quot;:&quot;0&quot;,&quot;copyright&quot;:&quot;&quot;,&quot;focal_length&quot;:&quot;0&quot;,&quot;iso&quot;:&quot;0&quot;,&quot;shutter_speed&quot;:&quot;0&quot;,&quot;title&quot;:&quot;&quot;,&quot;orientation&quot;:&quot;1&quot;}\" data-image-title=\"02\" data-image-description=\"\" data-medium-file=\"https:\/\/i2.wp.com\/adamantinanet.com.br\/wp-content\/uploads\/2020\/04\/02.jpg?fit=300%2C225&amp;ssl=1\" data-large-file=\"https:\/\/i2.wp.com\/adamantinanet.com.br\/wp-content\/uploads\/2020\/04\/02.jpg?fit=667%2C500&amp;ssl=1\" data-original-width=\"242\" data-original-height=\"242\" data-lazy-loaded=\"1\" \/><\/a><\/div>\n<\/div>\n<div class=\"gallery-group\" data-original-width=\"246\" data-original-height=\"246\">\n<div class=\"tiled-gallery-item \"><a href=\"https:\/\/adamantinanet.com.br\/2020\/04\/22\/carro-da-prefeitura-de-adamantina-fica-destruido-em-acidente-motorista-saiu-ileso\/capa-corsaadmantina-2\/\"><img loading=\"lazy\" decoding=\"async\" class=\"jetpack-lazy-image jetpack-lazy-image--handled\" title=\"capa-corsaadmantina\" src=\"https:\/\/i2.wp.com\/adamantinanet.com.br\/wp-content\/uploads\/2020\/04\/capa-corsaadmantina-1.jpg?w=242&amp;h=242&amp;crop=1&amp;ssl=1\" alt=\"capa-corsaadmantina\" width=\"242\" height=\"242\" data-attachment-id=\"65077\" data-orig-file=\"https:\/\/adamantinanet.com.br\/wp-content\/uploads\/2020\/04\/capa-corsaadmantina-1.jpg\" data-orig-size=\"680,800\" data-comments-opened=\"\" data-image-meta=\"{&quot;aperture&quot;:&quot;0&quot;,&quot;credit&quot;:&quot;&quot;,&quot;camera&quot;:&quot;&quot;,&quot;caption&quot;:&quot;&quot;,&quot;created_timestamp&quot;:&quot;0&quot;,&quot;copyright&quot;:&quot;&quot;,&quot;focal_length&quot;:&quot;0&quot;,&quot;iso&quot;:&quot;0&quot;,&quot;shutter_speed&quot;:&quot;0&quot;,&quot;title&quot;:&quot;&quot;,&quot;orientation&quot;:&quot;1&quot;}\" data-image-title=\"capa-corsaadmantina\" data-image-description=\"\" data-medium-file=\"https:\/\/i2.wp.com\/adamantinanet.com.br\/wp-content\/uploads\/2020\/04\/capa-corsaadmantina-1.jpg?fit=255%2C300&amp;ssl=1\" data-large-file=\"https:\/\/i2.wp.com\/adamantinanet.com.br\/wp-content\/uploads\/2020\/04\/capa-corsaadmantina-1.jpg?fit=680%2C800&amp;ssl=1\" data-original-width=\"242\" data-original-height=\"242\" data-lazy-loaded=\"1\" \/><\/a>A Unidade de Resgate do Corpo de Bombeiros foi acionada e compareceu ao local, por\u00e9m, foram prestados atendimentos apenas de suporte \u00e0 v\u00edtima que apesar do susto, n\u00e3o ficou ferida.<\/div>\n<\/div>\n<\/div>\n<\/div>\n<p>A Pol\u00edcia Militar foi acionada e registrou a ocorr\u00eancia. As causas do acidente ser\u00e3o apuradas.<\/p>\n<p>Fonte: Adamantinanet.com.br<\/p>\n<\/div>\n<\/div>\n<\/div>\n<\/div>\n<\/div>\n<\/div>\n<\/div>\n<\/div>\n<\/div>\n<\/div>\n<div id=\"mvp-side-wrap\" class=\"left relative theiaStickySidebar\">\n<section id=\"custom_html-44\" class=\"widget_text mvp-side-widget widget_custom_html\">\n<div class=\"textwidget custom-html-widget\"><ins id=\"revive-0-5\" data-revive-zoneid=\"13\" data-revive-id=\"84e51d633d69db94b4384383c4af9f0d\" data-revive-seq=\"5\" data-revive-loaded=\"1\"><\/p>\n<div id=\"beacon_a5f3793251\"><img loading=\"lazy\" decoding=\"async\" src=\"https:\/\/adamantinanet.com.br\/anuncios\/www\/delivery\/lg.php?bannerid=12&amp;campaignid=8&amp;zoneid=13&amp;loc=https%3A%2F%2Fadamantinanet.com.br%2F2020%2F04%2F22%2Fcarro-da-prefeitura-de-adamantina-fica-destruido-em-acidente-motorista-saiu-ileso%2F%3Ffbclid%3DIwAR0zWhyNOelFn3ZNl_i0T87sGY_4iPQDh0BZJMMfZdypgxoytANAmiVqjPU&amp;referer=https%3A%2F%2Fwww.facebook.com%2F&amp;cb=a5f3793251\" alt=\"\" width=\"0\" height=\"0\" \/><\/div>\n<p><\/ins><\/div>\n<\/section>\n<section id=\"custom_html-45\" class=\"widget_text mvp-side-widget widget_custom_html\"><\/section>\n<\/div>\n","protected":false},"excerpt":{"rendered":"<p>Um motorista de 37 anos de idade, funcion\u00e1rio da Prefeitura de Adamantina, saiu ileso ap\u00f3s o capotamento de um ve\u00edculo da frota municipal na manh\u00e3 desta quarta-feira (22). De acordo com o Corpo de Bombeiros de Adamantina que atendeu a ocorr\u00eancia, o capotamento ocorreu por volta das 11h53 na Vicinal Pl\u00e1cido Rocha que liga a [&hellip;]<\/p>\n","protected":false},"author":1,"featured_media":24372,"comment_status":"closed","ping_status":"open","sticky":false,"template":"","format":"standard","meta":{"footnotes":""},"categories":[170,110],"tags":[],"class_list":["post-24371","post","type-post","status-publish","format-standard","has-post-thumbnail","hentry","category-acidentes","category-noticiasdestaque"],"_links":{"self":[{"href":"https:\/\/jorgezanoni.com.br\/2019\/wp-json\/wp\/v2\/posts\/24371","targetHints":{"allow":["GET"]}}],"collection":[{"href":"https:\/\/jorgezanoni.com.br\/2019\/wp-json\/wp\/v2\/posts"}],"about":[{"href":"https:\/\/jorgezanoni.com.br\/2019\/wp-json\/wp\/v2\/types\/post"}],"author":[{"embeddable":true,"href":"https:\/\/jorgezanoni.com.br\/2019\/wp-json\/wp\/v2\/users\/1"}],"replies":[{"embeddable":true,"href":"https:\/\/jorgezanoni.com.br\/2019\/wp-json\/wp\/v2\/comments?post=24371"}],"version-history":[{"count":0,"href":"https:\/\/jorgezanoni.com.br\/2019\/wp-json\/wp\/v2\/posts\/24371\/revisions"}],"wp:featuredmedia":[{"embeddable":true,"href":"https:\/\/jorgezanoni.com.br\/2019\/wp-json\/wp\/v2\/media\/24372"}],"wp:attachment":[{"href":"https:\/\/jorgezanoni.com.br\/2019\/wp-json\/wp\/v2\/media?parent=24371"}],"wp:term":[{"taxonomy":"category","embeddable":true,"href":"https:\/\/jorgezanoni.com.br\/2019\/wp-json\/wp\/v2\/categories?post=24371"},{"taxonomy":"post_tag","embeddable":true,"href":"https:\/\/jorgezanoni.com.br\/2019\/wp-json\/wp\/v2\/tags?post=24371"}],"curies":[{"name":"wp","href":"https:\/\/api.w.org\/{rel}","templated":true}]}}