{"id":24365,"date":"2020-04-23T01:18:55","date_gmt":"2020-04-23T01:18:55","guid":{"rendered":"https:\/\/jorgezanoni.com.br\/2019\/?p=24365"},"modified":"2020-04-23T01:18:55","modified_gmt":"2020-04-23T01:18:55","slug":"secretaria-de-saude-confirma-primeiro-caso-positivo-do-novo-coronavirus-em-adamantina","status":"publish","type":"post","link":"https:\/\/jorgezanoni.com.br\/2019\/secretaria-de-saude-confirma-primeiro-caso-positivo-do-novo-coronavirus-em-adamantina\/","title":{"rendered":"Secretaria de Sa\u00fade confirma primeiro caso positivo do novo coronav\u00edrus em Adamantina"},"content":{"rendered":"<h2 class=\"content-head__subtitle\" style=\"text-align: justify;\"><strong>V\u00edtima \u00e9 um homem de 44 anos. Ele permaneceu internado no per\u00edodo de isolamento e n\u00e3o precisou ser encaminhado para Unidade de Terapia Intensiva (UTI).<\/strong><\/h2>\n<div class=\"mc-column content-text active-extra-styles \" data-block-type=\"unstyled\" data-block-weight=\"30\" data-block-id=\"2\">\n<p class=\"content-text__container \" style=\"text-align: justify;\" data-track-category=\"Link no Texto\" data-track-links=\"\">A Secretaria de Sa\u00fade de\u00a0<a href=\"https:\/\/g1.globo.com\/sp\/presidente-prudente-regiao\/cidade\/adamantina\/\">Adamantina<\/a>\u00a0informou, nesta quarta-feira (22), o primeiro caso confirmado de Covid-19 na cidade. Conforme a pasta municipal, a v\u00edtima \u00e9 um homem de 44 anos.<\/p>\n<\/div>\n<div class=\"wall protected-content\">\n<div class=\"mc-column content-text active-extra-styles \" style=\"text-align: justify;\" data-block-type=\"unstyled\" data-block-weight=\"27\" data-block-id=\"3\">\n<p class=\"content-text__container \" data-track-category=\"Link no Texto\" data-track-links=\"\">Ainda de acordo com a secretaria, o paciente ficou internado durante o per\u00edodo de isolamento e n\u00e3o precisou ser encaminhado para a Unidade de Terapia Intensiva (UTI).<\/p>\n<\/div>\n<div class=\"mc-column content-text active-extra-styles \" style=\"text-align: justify;\" data-block-type=\"unstyled\" data-block-weight=\"26\" data-block-id=\"4\">\n<p class=\"content-text__container \" data-track-category=\"Link no Texto\" data-track-links=\"\">N\u00e3o foi informado por quanto tempo ele permaneceu internado e nem quando recebeu alta, apenas que ele j\u00e1 n\u00e3o apresenta sintomas e est\u00e1 curado da doen\u00e7a.<\/p>\n<\/div>\n<div class=\"mc-column content-text active-extra-styles \" data-block-type=\"unstyled\" data-block-weight=\"26\" data-block-id=\"5\">\n<p class=\"content-text__container \" style=\"text-align: justify;\" data-track-category=\"Link no Texto\" data-track-links=\"\">Foi divulgado tamb\u00e9m o descarte de tr\u00eas casos suspeitos nesta quarta-feira (22). Com isso, o munic\u00edpio registra cinco casos descartados e dois aguardando resultados de exames.<\/p>\n<p style=\"text-align: justify;\" data-track-category=\"Link no Texto\" data-track-links=\"\">Fonte: G1<\/p>\n<\/div>\n<\/div>\n","protected":false},"excerpt":{"rendered":"<p>V\u00edtima \u00e9 um homem de 44 anos. Ele permaneceu internado no per\u00edodo de isolamento e n\u00e3o precisou ser encaminhado para Unidade de Terapia Intensiva (UTI). A Secretaria de Sa\u00fade de\u00a0Adamantina\u00a0informou, nesta quarta-feira (22), o primeiro caso confirmado de Covid-19 na cidade. Conforme a pasta municipal, a v\u00edtima \u00e9 um homem de 44 anos. Ainda de [&hellip;]<\/p>\n","protected":false},"author":1,"featured_media":24366,"comment_status":"closed","ping_status":"open","sticky":false,"template":"","format":"standard","meta":{"footnotes":""},"categories":[195,179,110],"tags":[],"class_list":["post-24365","post","type-post","status-publish","format-standard","has-post-thumbnail","hentry","category-adamantina","category-cidadeseregiao","category-noticiasdestaque"],"_links":{"self":[{"href":"https:\/\/jorgezanoni.com.br\/2019\/wp-json\/wp\/v2\/posts\/24365","targetHints":{"allow":["GET"]}}],"collection":[{"href":"https:\/\/jorgezanoni.com.br\/2019\/wp-json\/wp\/v2\/posts"}],"about":[{"href":"https:\/\/jorgezanoni.com.br\/2019\/wp-json\/wp\/v2\/types\/post"}],"author":[{"embeddable":true,"href":"https:\/\/jorgezanoni.com.br\/2019\/wp-json\/wp\/v2\/users\/1"}],"replies":[{"embeddable":true,"href":"https:\/\/jorgezanoni.com.br\/2019\/wp-json\/wp\/v2\/comments?post=24365"}],"version-history":[{"count":0,"href":"https:\/\/jorgezanoni.com.br\/2019\/wp-json\/wp\/v2\/posts\/24365\/revisions"}],"wp:featuredmedia":[{"embeddable":true,"href":"https:\/\/jorgezanoni.com.br\/2019\/wp-json\/wp\/v2\/media\/24366"}],"wp:attachment":[{"href":"https:\/\/jorgezanoni.com.br\/2019\/wp-json\/wp\/v2\/media?parent=24365"}],"wp:term":[{"taxonomy":"category","embeddable":true,"href":"https:\/\/jorgezanoni.com.br\/2019\/wp-json\/wp\/v2\/categories?post=24365"},{"taxonomy":"post_tag","embeddable":true,"href":"https:\/\/jorgezanoni.com.br\/2019\/wp-json\/wp\/v2\/tags?post=24365"}],"curies":[{"name":"wp","href":"https:\/\/api.w.org\/{rel}","templated":true}]}}