{"id":24362,"date":"2020-04-23T00:50:56","date_gmt":"2020-04-23T00:50:56","guid":{"rendered":"https:\/\/jorgezanoni.com.br\/2019\/?p=24362"},"modified":"2020-04-23T00:50:56","modified_gmt":"2020-04-23T00:50:56","slug":"hoje-comemoramos-o-descobrimento-do-brasil","status":"publish","type":"post","link":"https:\/\/jorgezanoni.com.br\/2019\/hoje-comemoramos-o-descobrimento-do-brasil\/","title":{"rendered":"Hoje comemoramos o Descobrimento do Brasil"},"content":{"rendered":"<p style=\"text-align: justify;\">DIA 22 DE ABRIL &#8211; DESCOBRIMENTO DO BRASIL<br \/>\n&#8230;Mas se ergues da justi\u00e7a a clava forte,<br \/>\nVer\u00e1s que um filho teu n\u00e3o foge \u00e0 luta,<br \/>\nNem teme, quem te adora, a pr\u00f3pria morte.<br \/>\nTerra adorada<br \/>\nEntre outras mil<br \/>\n\u00c9s tu, Brasil&#8230;<\/p>\n<p style=\"text-align: justify;\">PARAB\u00c9NS PELOS 520 ANOS.<br \/>\nPARAB\u00c9NS A N\u00d3S BRASILEIROS.<\/p>\n<p style=\"text-align: justify;\"><a class=\"_58cn\" href=\"https:\/\/www.facebook.com\/hashtag\/25bpmi?source=feed_text&amp;epa=HASHTAG&amp;__xts__%5B0%5D=68.ARCoJHrwHRh2G60bFJmYCmcDHircYIbGhySArOgEVG6W-NZpElCvC2fC6tDwh_zCjsAMYet-AvlVtj4bm5NG0XSSpWlzt5CXfxzxnQWj81eKznmbBF0tp3KFCpGy0eNUIpIqTwE9Ia279aqCK8zg5Qu6K10q3PCDcYUSObv6qJT9lJm70fG3S_PSRu5CONA67NL7ZckitfLEShmdpEqnWUw_M5o0_Dq33gUbOn_D5ggJw8QSshYud7hCmZCfZLoG7NWRAdDeRbmSrN_4Jxyffvh7WYi9WUGcxejNjcZJ8Z3kndnY0J617Ft6xwwSxy4S87BV-_3_S64j0pPCrjmk260&amp;__tn__=%2ANK-R\" data-ft=\"{&quot;type&quot;:104,&quot;tn&quot;:&quot;*N&quot;}\"><span class=\"_5afx\"><span class=\"_58cl _5afz\" aria-label=\"hashtag\">#<\/span><span class=\"_58cm\">25BPMI<\/span><\/span><\/a><br \/>\n<a class=\"_58cn\" href=\"https:\/\/www.facebook.com\/hashtag\/policiamilitarsp?source=feed_text&amp;epa=HASHTAG&amp;__xts__%5B0%5D=68.ARCoJHrwHRh2G60bFJmYCmcDHircYIbGhySArOgEVG6W-NZpElCvC2fC6tDwh_zCjsAMYet-AvlVtj4bm5NG0XSSpWlzt5CXfxzxnQWj81eKznmbBF0tp3KFCpGy0eNUIpIqTwE9Ia279aqCK8zg5Qu6K10q3PCDcYUSObv6qJT9lJm70fG3S_PSRu5CONA67NL7ZckitfLEShmdpEqnWUw_M5o0_Dq33gUbOn_D5ggJw8QSshYud7hCmZCfZLoG7NWRAdDeRbmSrN_4Jxyffvh7WYi9WUGcxejNjcZJ8Z3kndnY0J617Ft6xwwSxy4S87BV-_3_S64j0pPCrjmk260&amp;__tn__=%2ANK-R\" data-ft=\"{&quot;type&quot;:104,&quot;tn&quot;:&quot;*N&quot;}\"><span class=\"_5afx\"><span class=\"_58cl _5afz\" aria-label=\"hashtag\">#<\/span><span class=\"_58cm\">POLICIAMILITARSP<\/span><\/span><\/a><br \/>\n<a class=\"_58cn\" href=\"https:\/\/www.facebook.com\/hashtag\/afor%C3%A7ap%C3%BAblicades%C3%A3opaulo?source=feed_text&amp;epa=HASHTAG&amp;__xts__%5B0%5D=68.ARCoJHrwHRh2G60bFJmYCmcDHircYIbGhySArOgEVG6W-NZpElCvC2fC6tDwh_zCjsAMYet-AvlVtj4bm5NG0XSSpWlzt5CXfxzxnQWj81eKznmbBF0tp3KFCpGy0eNUIpIqTwE9Ia279aqCK8zg5Qu6K10q3PCDcYUSObv6qJT9lJm70fG3S_PSRu5CONA67NL7ZckitfLEShmdpEqnWUw_M5o0_Dq33gUbOn_D5ggJw8QSshYud7hCmZCfZLoG7NWRAdDeRbmSrN_4Jxyffvh7WYi9WUGcxejNjcZJ8Z3kndnY0J617Ft6xwwSxy4S87BV-_3_S64j0pPCrjmk260&amp;__tn__=%2ANK-R\" data-ft=\"{&quot;type&quot;:104,&quot;tn&quot;:&quot;*N&quot;}\"><span class=\"_5afx\"><span class=\"_58cl _5afz\" aria-label=\"hashtag\">#<\/span><span class=\"_58cm\">AFOR\u00c7AP\u00daBLICADES\u00c3OPAULO<\/span><\/span><\/a><br \/>\nCOMUNICA\u00c7\u00c3O SOCIAL DO 25\u00ba BPM\/I e regi\u00e3o.<\/p>\n","protected":false},"excerpt":{"rendered":"<p>DIA 22 DE ABRIL &#8211; DESCOBRIMENTO DO BRASIL &#8230;Mas se ergues da justi\u00e7a a clava forte, Ver\u00e1s que um filho teu n\u00e3o foge \u00e0 luta, Nem teme, quem te adora, a pr\u00f3pria morte. Terra adorada Entre outras mil \u00c9s tu, Brasil&#8230; PARAB\u00c9NS PELOS 520 ANOS. PARAB\u00c9NS A N\u00d3S BRASILEIROS. #25BPMI #POLICIAMILITARSP #AFOR\u00c7AP\u00daBLICADES\u00c3OPAULO COMUNICA\u00c7\u00c3O SOCIAL DO [&hellip;]<\/p>\n","protected":false},"author":1,"featured_media":24363,"comment_status":"closed","ping_status":"open","sticky":false,"template":"","format":"standard","meta":{"footnotes":""},"categories":[110,2],"tags":[],"class_list":["post-24362","post","type-post","status-publish","format-standard","has-post-thumbnail","hentry","category-noticiasdestaque","category-policial"],"_links":{"self":[{"href":"https:\/\/jorgezanoni.com.br\/2019\/wp-json\/wp\/v2\/posts\/24362","targetHints":{"allow":["GET"]}}],"collection":[{"href":"https:\/\/jorgezanoni.com.br\/2019\/wp-json\/wp\/v2\/posts"}],"about":[{"href":"https:\/\/jorgezanoni.com.br\/2019\/wp-json\/wp\/v2\/types\/post"}],"author":[{"embeddable":true,"href":"https:\/\/jorgezanoni.com.br\/2019\/wp-json\/wp\/v2\/users\/1"}],"replies":[{"embeddable":true,"href":"https:\/\/jorgezanoni.com.br\/2019\/wp-json\/wp\/v2\/comments?post=24362"}],"version-history":[{"count":0,"href":"https:\/\/jorgezanoni.com.br\/2019\/wp-json\/wp\/v2\/posts\/24362\/revisions"}],"wp:featuredmedia":[{"embeddable":true,"href":"https:\/\/jorgezanoni.com.br\/2019\/wp-json\/wp\/v2\/media\/24363"}],"wp:attachment":[{"href":"https:\/\/jorgezanoni.com.br\/2019\/wp-json\/wp\/v2\/media?parent=24362"}],"wp:term":[{"taxonomy":"category","embeddable":true,"href":"https:\/\/jorgezanoni.com.br\/2019\/wp-json\/wp\/v2\/categories?post=24362"},{"taxonomy":"post_tag","embeddable":true,"href":"https:\/\/jorgezanoni.com.br\/2019\/wp-json\/wp\/v2\/tags?post=24362"}],"curies":[{"name":"wp","href":"https:\/\/api.w.org\/{rel}","templated":true}]}}