{"id":24347,"date":"2020-04-22T23:31:47","date_gmt":"2020-04-22T23:31:47","guid":{"rendered":"https:\/\/jorgezanoni.com.br\/2019\/?p=24347"},"modified":"2020-04-22T23:31:47","modified_gmt":"2020-04-22T23:31:47","slug":"coronavirus-brasil-tem-23-mil-pacientes-recuperados-57-dos-casos","status":"publish","type":"post","link":"https:\/\/jorgezanoni.com.br\/2019\/coronavirus-brasil-tem-23-mil-pacientes-recuperados-57-dos-casos\/","title":{"rendered":"Coronav\u00edrus: Brasil tem 23 mil pacientes recuperados; 57% dos casos"},"content":{"rendered":"<h2 class=\"description\" style=\"text-align: justify;\"><strong>A taxa de curados oficial no pa\u00eds \u00e9 muito superior \u00e0 mundial, de 25%.<\/strong><\/h2>\n<p style=\"text-align: justify;\">De acordo com o Minist\u00e9rio da Sa\u00fade, 22.991 pacientes infectados por\u00a0<strong>coronav\u00edrus<\/strong>\u00a0no Brasil est\u00e3o recuperados. O n\u00famero representa 56,7% dos casos confirmados da doen\u00e7a. At\u00e9 segunda-feira 20, o pa\u00eds tinha 40.581 casos e 2.575 \u00f3bitos confirmados por Covid-19, doen\u00e7a causada pelo novo coronav\u00edrus.<\/p>\n<p style=\"text-align: justify;\">A taxa de curados no Brasil \u00e9 muito superior aos \u00edndices globais, mas semelhante \u00e0 da Su\u00ed\u00e7a, que tem um n\u00famero de casos de Covid-19 semelhante ao nosso. No mundo, por exemplo, a porcentagem de pessoas curadas \u00e9 de apenas 25%. Nos Estados Unidos \u00e9 de 8,1%; na Espanha s\u00e3o 39,8%; na It\u00e1lia s\u00e3o 23% e na Su\u00ed\u00e7a, 58,5%, de acordo com informa\u00e7\u00f5es da Universidade Johns Hopkins, nos Estados Unidos.<\/p>\n<p style=\"text-align: justify;\">Vale lembrar que o Brasil ainda n\u00e3o atingiu o pico da epidemia e, portanto, n\u00e3o esgotou os recursos do sistema de sa\u00fade, p\u00fablico ou privado. Espera-se que muito em breve, com o aumento do n\u00famero de casos e a lota\u00e7\u00e3o dos hospitais, a taxa de curados comece a cair no pa\u00eds. O Brasil \u00e9 o 11\u00ba pa\u00eds no ranking mundial em n\u00famero de casos confirmados e o 11\u00ba em n\u00famero de \u00f3bitos.<\/p>\n<p style=\"text-align: justify;\">Fonte: https:\/\/veja.abril.com.br\/saude\/coronavirus-brasil-tem-22-991-pacientes-recuperados\/<\/p>\n","protected":false},"excerpt":{"rendered":"<p>A taxa de curados oficial no pa\u00eds \u00e9 muito superior \u00e0 mundial, de 25%. De acordo com o Minist\u00e9rio da Sa\u00fade, 22.991 pacientes infectados por\u00a0coronav\u00edrus\u00a0no Brasil est\u00e3o recuperados. O n\u00famero representa 56,7% dos casos confirmados da doen\u00e7a. At\u00e9 segunda-feira 20, o pa\u00eds tinha 40.581 casos e 2.575 \u00f3bitos confirmados por Covid-19, doen\u00e7a causada pelo novo [&hellip;]<\/p>\n","protected":false},"author":1,"featured_media":24348,"comment_status":"closed","ping_status":"open","sticky":false,"template":"","format":"standard","meta":{"footnotes":""},"categories":[110,122],"tags":[],"class_list":["post-24347","post","type-post","status-publish","format-standard","has-post-thumbnail","hentry","category-noticiasdestaque","category-saudeeducacaoeconcurso"],"_links":{"self":[{"href":"https:\/\/jorgezanoni.com.br\/2019\/wp-json\/wp\/v2\/posts\/24347","targetHints":{"allow":["GET"]}}],"collection":[{"href":"https:\/\/jorgezanoni.com.br\/2019\/wp-json\/wp\/v2\/posts"}],"about":[{"href":"https:\/\/jorgezanoni.com.br\/2019\/wp-json\/wp\/v2\/types\/post"}],"author":[{"embeddable":true,"href":"https:\/\/jorgezanoni.com.br\/2019\/wp-json\/wp\/v2\/users\/1"}],"replies":[{"embeddable":true,"href":"https:\/\/jorgezanoni.com.br\/2019\/wp-json\/wp\/v2\/comments?post=24347"}],"version-history":[{"count":0,"href":"https:\/\/jorgezanoni.com.br\/2019\/wp-json\/wp\/v2\/posts\/24347\/revisions"}],"wp:featuredmedia":[{"embeddable":true,"href":"https:\/\/jorgezanoni.com.br\/2019\/wp-json\/wp\/v2\/media\/24348"}],"wp:attachment":[{"href":"https:\/\/jorgezanoni.com.br\/2019\/wp-json\/wp\/v2\/media?parent=24347"}],"wp:term":[{"taxonomy":"category","embeddable":true,"href":"https:\/\/jorgezanoni.com.br\/2019\/wp-json\/wp\/v2\/categories?post=24347"},{"taxonomy":"post_tag","embeddable":true,"href":"https:\/\/jorgezanoni.com.br\/2019\/wp-json\/wp\/v2\/tags?post=24347"}],"curies":[{"name":"wp","href":"https:\/\/api.w.org\/{rel}","templated":true}]}}