{"id":24340,"date":"2020-04-22T22:38:01","date_gmt":"2020-04-22T22:38:01","guid":{"rendered":"https:\/\/jorgezanoni.com.br\/2019\/?p=24340"},"modified":"2020-04-22T22:38:01","modified_gmt":"2020-04-22T22:38:01","slug":"do-velho-mundo-para-o-novo-mundo-novo","status":"publish","type":"post","link":"https:\/\/jorgezanoni.com.br\/2019\/do-velho-mundo-para-o-novo-mundo-novo\/","title":{"rendered":"Do Velho Mundo para o Novo Mundo Novo&#8230;"},"content":{"rendered":"<p style=\"text-align: justify;\"><em>\u201cO mundo \u00e9 um lugar perigoso de se viver, n\u00e3o por causa daqueles que fazem o mal, mas sim por causa daqueles que observam e deixam o mal acontecer.\u201d (<\/em><a href=\"https:\/\/www.pensador.com\/autor\/albert_einstein\/\"><em>Albert Einstein<\/em><\/a><em>)<\/em><\/p>\n<p style=\"text-align: justify;\"><strong><em>S\u00e9rgio Barbosa (*)<\/em><\/strong><\/p>\n<p style=\"text-align: justify;\">Nestes \u00faltimos dias, parece que o MUNDO resolveu SURTAR de um jeito ou de outro, tais surtos est\u00e3o relacionados com o CORONAV\u00cdRUS, portanto, pode-se afirmar que o PASSADO est\u00e1 de volta e com for\u00e7a total&#8230;<\/p>\n<p style=\"text-align: justify;\">O MUNDO viveu em \u00e9pocas passadas diversas PANDEMIAS, entre as quais a denominada PESTE NEGRA, bem como, a tal GRIPE ESPANHOLA, ainda, muitas outras EPIDEMIAS em meio aos desencontros deste MUNDO CIVILIZADO&#8230;<\/p>\n<p style=\"text-align: justify;\">N\u00e3o se pode esquecer-se de uma outra PRAGA que assolou o MUNDO, ou seja, a chamada INQUISI\u00c7\u00c3O RELIGIOSA patrocinada pela IGREJA que torturava e assassinava em NOME DE DEUS, este per\u00edodo \u00e9 registrado na HIST\u00d3RICA MUNDIAL como a ERA DAS TREVAS&#8230;<\/p>\n<p style=\"text-align: justify;\">De todas as trag\u00e9dias que j\u00e1 ocorreram no MUNDO VELHO, por\u00e9m, que desembarcaram no NOVO MUNDO, talvez, existam outras PRAGAS escondidas pela HIST\u00d3RIA OFICIAL que sempre encontra um jeito de apresentar aquilo que nunca aconteceu e assim por diante&#8230;<\/p>\n<p style=\"text-align: justify;\">Tais manobras est\u00e3o de acordo o contexto liter\u00e1rio apresentado no LIVRO \u201c1984\u201d de GEORGE ORWELL, tamb\u00e9m, quando este autor aborda uma outra quest\u00e3o um tanto quanto complicada no Livro A REVOLU\u00c7\u00c3O DOS BICHOS&#8230;<\/p>\n<p style=\"text-align: justify;\">As indica\u00e7\u00f5es de leituras est\u00e3o de acordo com o cen\u00e1rio atual que desenvolve atividades por meio da MANIPULA\u00c7\u00c3O DE DADOS em todas as \u00e1reas do Mercado, ainda mais em tempo de PANDEMIA GLOBAL&#8230;<\/p>\n<p style=\"text-align: justify;\">Um outro Pensador, MICHEL FOUCAULT, autor da Obra VIGIAR E PUNIR, um cl\u00e1ssico no seu tempo, ainda, continua mais atual do que nunca neste TEMPO NOVO TEMPO&#8230;<\/p>\n<p style=\"text-align: justify;\">Neste caso em pauta, considerando todas as for\u00e7as que atuam por meio da REPRESS\u00c3O com a OPRESS\u00c3O disfar\u00e7ada de SEGURAN\u00c7A SOCIAL em nome do BEM COMUM para uma SOCIEDADE doentia e sem perspectivas quanto ao FUTURO&#8230;<\/p>\n<p style=\"text-align: justify;\">Al\u00e9m de outros acontecimentos que transformaram as muitas INVAS\u00d5ES no NOVO MUNDO NOVO em pseudas DESCOBERTAS em nome desta ou daquela BANDEIRA, bem como, com a FOR\u00c7A DA ESPADA e a BEN\u00c7\u00c3O DA IGREJA&#8230;<\/p>\n<p style=\"text-align: justify;\">N\u00e3o tem como debater os TEMAS desta atualidade sem conhecer os fatos Hist\u00f3ricos para uma aproxima\u00e7\u00e3o com a REFLEX\u00c3O CR\u00cdTICA sobre os fatos que est\u00e3o ocorrendo nos quatro cantos do Planeta&#8230;<\/p>\n<p style=\"text-align: justify;\">QUEM CONHECE A HIST\u00d3RIA DISTO E DAQUILO PODE FAZER A DIFEREN\u00c7A NESTE TEMPO NOVO TEMPO&#8230;<\/p>\n<p style=\"text-align: justify;\"><strong><em>_______________________<\/em><\/strong><\/p>\n<p style=\"text-align: justify;\"><strong><em>(*) jornalista diplomado e professor universit\u00e1rio.<\/em><\/strong><\/p>\n","protected":false},"excerpt":{"rendered":"<p>\u201cO mundo \u00e9 um lugar perigoso de se viver, n\u00e3o por causa daqueles que fazem o mal, mas sim por causa daqueles que observam e deixam o mal acontecer.\u201d (Albert Einstein) S\u00e9rgio Barbosa (*) Nestes \u00faltimos dias, parece que o MUNDO resolveu SURTAR de um jeito ou de outro, tais surtos est\u00e3o relacionados com o [&hellip;]<\/p>\n","protected":false},"author":1,"featured_media":24341,"comment_status":"closed","ping_status":"open","sticky":false,"template":"","format":"standard","meta":{"footnotes":""},"categories":[175],"tags":[],"class_list":["post-24340","post","type-post","status-publish","format-standard","has-post-thumbnail","hentry","category-artigos"],"_links":{"self":[{"href":"https:\/\/jorgezanoni.com.br\/2019\/wp-json\/wp\/v2\/posts\/24340","targetHints":{"allow":["GET"]}}],"collection":[{"href":"https:\/\/jorgezanoni.com.br\/2019\/wp-json\/wp\/v2\/posts"}],"about":[{"href":"https:\/\/jorgezanoni.com.br\/2019\/wp-json\/wp\/v2\/types\/post"}],"author":[{"embeddable":true,"href":"https:\/\/jorgezanoni.com.br\/2019\/wp-json\/wp\/v2\/users\/1"}],"replies":[{"embeddable":true,"href":"https:\/\/jorgezanoni.com.br\/2019\/wp-json\/wp\/v2\/comments?post=24340"}],"version-history":[{"count":0,"href":"https:\/\/jorgezanoni.com.br\/2019\/wp-json\/wp\/v2\/posts\/24340\/revisions"}],"wp:featuredmedia":[{"embeddable":true,"href":"https:\/\/jorgezanoni.com.br\/2019\/wp-json\/wp\/v2\/media\/24341"}],"wp:attachment":[{"href":"https:\/\/jorgezanoni.com.br\/2019\/wp-json\/wp\/v2\/media?parent=24340"}],"wp:term":[{"taxonomy":"category","embeddable":true,"href":"https:\/\/jorgezanoni.com.br\/2019\/wp-json\/wp\/v2\/categories?post=24340"},{"taxonomy":"post_tag","embeddable":true,"href":"https:\/\/jorgezanoni.com.br\/2019\/wp-json\/wp\/v2\/tags?post=24340"}],"curies":[{"name":"wp","href":"https:\/\/api.w.org\/{rel}","templated":true}]}}