{"id":24337,"date":"2020-04-22T21:32:43","date_gmt":"2020-04-22T21:32:43","guid":{"rendered":"https:\/\/jorgezanoni.com.br\/2019\/?p=24337"},"modified":"2020-04-22T21:32:43","modified_gmt":"2020-04-22T21:32:43","slug":"brasil-tem-2-906-mortes-e-45-757-casos-de-coronavirus-diz-ministerio","status":"publish","type":"post","link":"https:\/\/jorgezanoni.com.br\/2019\/brasil-tem-2-906-mortes-e-45-757-casos-de-coronavirus-diz-ministerio\/","title":{"rendered":"Brasil tem 2.906 mortes e 45.757 casos de coronav\u00edrus, diz minist\u00e9rio"},"content":{"rendered":"<h2 class=\"content-head__subtitle\" style=\"text-align: justify;\"><strong>Foram 165 mortes a mais em compara\u00e7\u00e3o com a ter\u00e7a-feira (21).<\/strong><\/h2>\n<div class=\"mc-column content-text active-extra-styles \" style=\"text-align: justify;\" data-block-type=\"unstyled\" data-block-weight=\"22\" data-block-id=\"2\">\n<p class=\"content-text__container \" data-track-category=\"Link no Texto\" data-track-links=\"\">O\u00a0<a href=\"https:\/\/g1.globo.com\/tudo-sobre\/ministerio-da-saude\/\">Minist\u00e9rio da Sa\u00fade<\/a>\u00a0divulgou nesta quarta-feira (22) o mais recente balan\u00e7o dos casos de coronav\u00edrus no Brasil. Os principais dados s\u00e3o:<\/p>\n<\/div>\n<div class=\"wall protected-content\">\n<div class=\"mc-column content-text active-extra-styles\" style=\"text-align: justify;\" data-block-type=\"raw\" data-block-weight=\"29\" data-block-id=\"3\">\n<ul class=\"content-unordered-list\">\n<li><strong>2.906 mortes,<\/strong>\u00a0na ter\u00e7a eram 2.741.<\/li>\n<li><strong>45.757 casos confirmados,\u00a0<\/strong>na ter\u00e7a eram 43.079.<\/li>\n<li>Em 7 dias, foram mais\u00a0<strong>982 mortes<\/strong>\u00a0confirmadas.<\/li>\n<li>S\u00e3o Paulo tem\u00a0<strong>1.134 mortes<\/strong> e 15.914 casos.<\/li>\n<\/ul>\n<\/div>\n<div class=\"row medium-uncollapsed content-media content-photo\" style=\"text-align: justify;\" data-block-type=\"backstage-photo\" data-block-id=\"4\">\n<div class=\"mc-column content-media__container\">\n<div class=\"progressive-img can-open-lightbox\" data-min-size=\"1008x1102\" data-min-size-url=\"https:\/\/s2.glbimg.com\/YLNdIGlU0Y4zAjhz_jLkhVcsXxE=\/0x0:1200x1313\/1008x0\/smart\/filters:strip_icc()\/i.s3.glbimg.com\/v1\/AUTH_59edd422c0c84a879bd37670ae4f538a\/internal_photos\/bs\/2020\/o\/A\/GzYbBFTJWuL3UIFgGkJw\/mortes-mes-copia.png\" data-max-size=\"1600x1750\" data-max-size-url=\"https:\/\/s2.glbimg.com\/SyBWW02ccw59fXU3MboComUGEXA=\/0x0:1200x1313\/1600x0\/smart\/filters:strip_icc()\/i.s3.glbimg.com\/v1\/AUTH_59edd422c0c84a879bd37670ae4f538a\/internal_photos\/bs\/2020\/o\/A\/GzYbBFTJWuL3UIFgGkJw\/mortes-mes-copia.png\" data-media-index=\"1\"><picture><source srcset=\"https:\/\/s2.glbimg.com\/UpKCicA4kSxcjXM2Jq2WIPYX-eM=\/0x0:1200x1313\/600x0\/smart\/filters:strip_icc()\/i.s3.glbimg.com\/v1\/AUTH_59edd422c0c84a879bd37670ae4f538a\/internal_photos\/bs\/2020\/o\/A\/GzYbBFTJWuL3UIFgGkJw\/mortes-mes-copia.png 1x, https:\/\/s2.glbimg.com\/5BbL5gofyxc0SmExh-tcBiIyHVQ=\/0x0:1200x1313\/1200x0\/smart\/filters:strip_icc()\/i.s3.glbimg.com\/v1\/AUTH_59edd422c0c84a879bd37670ae4f538a\/internal_photos\/bs\/2020\/o\/A\/GzYbBFTJWuL3UIFgGkJw\/mortes-mes-copia.png 2x\" media=\"(max-width: 1024px)\" data-src=\"https:\/\/s2.glbimg.com\/UpKCicA4kSxcjXM2Jq2WIPYX-eM=\/0x0:1200x1313\/600x0\/smart\/filters:strip_icc()\/i.s3.glbimg.com\/v1\/AUTH_59edd422c0c84a879bd37670ae4f538a\/internal_photos\/bs\/2020\/o\/A\/GzYbBFTJWuL3UIFgGkJw\/mortes-mes-copia.png 1x, https:\/\/s2.glbimg.com\/5BbL5gofyxc0SmExh-tcBiIyHVQ=\/0x0:1200x1313\/1200x0\/smart\/filters:strip_icc()\/i.s3.glbimg.com\/v1\/AUTH_59edd422c0c84a879bd37670ae4f538a\/internal_photos\/bs\/2020\/o\/A\/GzYbBFTJWuL3UIFgGkJw\/mortes-mes-copia.png 2x\" \/><source srcset=\"https:\/\/s2.glbimg.com\/COdmlhUXUZ9QjckDSHXswuLPsuQ=\/0x0:1200x1313\/640x0\/smart\/filters:strip_icc()\/i.s3.glbimg.com\/v1\/AUTH_59edd422c0c84a879bd37670ae4f538a\/internal_photos\/bs\/2020\/o\/A\/GzYbBFTJWuL3UIFgGkJw\/mortes-mes-copia.png 1x, https:\/\/s2.glbimg.com\/f1G88Uy4JIwTaREE5_oTrYk2hgk=\/0x0:1200x1313\/1280x0\/smart\/filters:strip_icc()\/i.s3.glbimg.com\/v1\/AUTH_59edd422c0c84a879bd37670ae4f538a\/internal_photos\/bs\/2020\/o\/A\/GzYbBFTJWuL3UIFgGkJw\/mortes-mes-copia.png 2x\" media=\"(max-width: 1280px)\" data-src=\"https:\/\/s2.glbimg.com\/COdmlhUXUZ9QjckDSHXswuLPsuQ=\/0x0:1200x1313\/640x0\/smart\/filters:strip_icc()\/i.s3.glbimg.com\/v1\/AUTH_59edd422c0c84a879bd37670ae4f538a\/internal_photos\/bs\/2020\/o\/A\/GzYbBFTJWuL3UIFgGkJw\/mortes-mes-copia.png 1x, https:\/\/s2.glbimg.com\/f1G88Uy4JIwTaREE5_oTrYk2hgk=\/0x0:1200x1313\/1280x0\/smart\/filters:strip_icc()\/i.s3.glbimg.com\/v1\/AUTH_59edd422c0c84a879bd37670ae4f538a\/internal_photos\/bs\/2020\/o\/A\/GzYbBFTJWuL3UIFgGkJw\/mortes-mes-copia.png 2x\" \/><source srcset=\"https:\/\/s2.glbimg.com\/dcJ0_UCEpLxBPWw2oKcB8LulddE=\/0x0:1200x1313\/984x0\/smart\/filters:strip_icc()\/i.s3.glbimg.com\/v1\/AUTH_59edd422c0c84a879bd37670ae4f538a\/internal_photos\/bs\/2020\/o\/A\/GzYbBFTJWuL3UIFgGkJw\/mortes-mes-copia.png 1x, https:\/\/s2.glbimg.com\/l7CxQZxQB4VvJVsRp2a-RvrSBS4=\/0x0:1200x1313\/1968x0\/smart\/filters:strip_icc()\/i.s3.glbimg.com\/v1\/AUTH_59edd422c0c84a879bd37670ae4f538a\/internal_photos\/bs\/2020\/o\/A\/GzYbBFTJWuL3UIFgGkJw\/mortes-mes-copia.png 2x\" media=\"(max-width: 1360px)\" data-src=\"https:\/\/s2.glbimg.com\/dcJ0_UCEpLxBPWw2oKcB8LulddE=\/0x0:1200x1313\/984x0\/smart\/filters:strip_icc()\/i.s3.glbimg.com\/v1\/AUTH_59edd422c0c84a879bd37670ae4f538a\/internal_photos\/bs\/2020\/o\/A\/GzYbBFTJWuL3UIFgGkJw\/mortes-mes-copia.png 1x, https:\/\/s2.glbimg.com\/l7CxQZxQB4VvJVsRp2a-RvrSBS4=\/0x0:1200x1313\/1968x0\/smart\/filters:strip_icc()\/i.s3.glbimg.com\/v1\/AUTH_59edd422c0c84a879bd37670ae4f538a\/internal_photos\/bs\/2020\/o\/A\/GzYbBFTJWuL3UIFgGkJw\/mortes-mes-copia.png 2x\" \/><source srcset=\"https:\/\/s2.glbimg.com\/6GCv_gGuVErHoTeAtXVFj1CXEAI=\/0x0:1200x1313\/1000x0\/smart\/filters:strip_icc()\/i.s3.glbimg.com\/v1\/AUTH_59edd422c0c84a879bd37670ae4f538a\/internal_photos\/bs\/2020\/o\/A\/GzYbBFTJWuL3UIFgGkJw\/mortes-mes-copia.png 1x, https:\/\/s2.glbimg.com\/F3T6i5VWjiymPoQNbYPLCkZoWQg=\/0x0:1200x1313\/2000x0\/smart\/filters:strip_icc()\/i.s3.glbimg.com\/v1\/AUTH_59edd422c0c84a879bd37670ae4f538a\/internal_photos\/bs\/2020\/o\/A\/GzYbBFTJWuL3UIFgGkJw\/mortes-mes-copia.png 2x\" media=\"(min-width: 1361px)\" data-src=\"https:\/\/s2.glbimg.com\/6GCv_gGuVErHoTeAtXVFj1CXEAI=\/0x0:1200x1313\/1000x0\/smart\/filters:strip_icc()\/i.s3.glbimg.com\/v1\/AUTH_59edd422c0c84a879bd37670ae4f538a\/internal_photos\/bs\/2020\/o\/A\/GzYbBFTJWuL3UIFgGkJw\/mortes-mes-copia.png 1x, https:\/\/s2.glbimg.com\/F3T6i5VWjiymPoQNbYPLCkZoWQg=\/0x0:1200x1313\/2000x0\/smart\/filters:strip_icc()\/i.s3.glbimg.com\/v1\/AUTH_59edd422c0c84a879bd37670ae4f538a\/internal_photos\/bs\/2020\/o\/A\/GzYbBFTJWuL3UIFgGkJw\/mortes-mes-copia.png 2x\" \/><source srcset=\"https:\/\/s2.glbimg.com\/dcJ0_UCEpLxBPWw2oKcB8LulddE=\/0x0:1200x1313\/984x0\/smart\/filters:strip_icc()\/i.s3.glbimg.com\/v1\/AUTH_59edd422c0c84a879bd37670ae4f538a\/internal_photos\/bs\/2020\/o\/A\/GzYbBFTJWuL3UIFgGkJw\/mortes-mes-copia.png\" data-src=\"https:\/\/s2.glbimg.com\/dcJ0_UCEpLxBPWw2oKcB8LulddE=\/0x0:1200x1313\/984x0\/smart\/filters:strip_icc()\/i.s3.glbimg.com\/v1\/AUTH_59edd422c0c84a879bd37670ae4f538a\/internal_photos\/bs\/2020\/o\/A\/GzYbBFTJWuL3UIFgGkJw\/mortes-mes-copia.png\" \/><img decoding=\"async\" class=\"image content-media__image progressive-loaded\" title=\"Brasil tem 2.906 mortes registradas \u2014 Foto: Guilherme Pinheiro \/ G1\" src=\"https:\/\/s2.glbimg.com\/dcJ0_UCEpLxBPWw2oKcB8LulddE=\/0x0:1200x1313\/984x0\/smart\/filters:strip_icc()\/i.s3.glbimg.com\/v1\/AUTH_59edd422c0c84a879bd37670ae4f538a\/internal_photos\/bs\/2020\/o\/A\/GzYbBFTJWuL3UIFgGkJw\/mortes-mes-copia.png\" alt=\"Brasil tem 2.906 mortes registradas \u2014 Foto: Guilherme Pinheiro \/ G1\" data-src=\"https:\/\/s2.glbimg.com\/dcJ0_UCEpLxBPWw2oKcB8LulddE=\/0x0:1200x1313\/984x0\/smart\/filters:strip_icc()\/i.s3.glbimg.com\/v1\/AUTH_59edd422c0c84a879bd37670ae4f538a\/internal_photos\/bs\/2020\/o\/A\/GzYbBFTJWuL3UIFgGkJw\/mortes-mes-copia.png\" \/><\/picture><\/div>\n<p class=\"content-media__description \">Brasil tem 2.906 mortes registradas \u2014 Foto: Guilherme Pinheiro \/ G1<\/p>\n<\/div>\n<\/div>\n<div class=\"mc-column content-text active-extra-styles\" style=\"text-align: justify;\" data-block-type=\"raw\" data-block-weight=\"55\" data-block-id=\"5\">\n<ul class=\"content-unordered-list\">\n<li><strong>S\u00c3O PAULO:\u00a0<\/strong><a href=\"https:\/\/g1.globo.com\/sp\/sao-paulo\/noticia\/2020\/04\/22\/governo-flexibiliza-quarentena-e-anuncia-reabertura-gradual-das-atividades-economicas-no-estado-de-sp-a-partir-do-dia-11-de-maio.ghtml\"><strong>Governo anuncia reabertura gradual das atividades econ\u00f4micas no estado de SP<\/strong><\/a><\/li>\n<li><strong>MANAUS:\u00a0<\/strong><a href=\"https:\/\/g1.globo.com\/am\/amazonas\/noticia\/2020\/04\/22\/muita-chuva-poucos-testes-e-mais-gente-na-rua-o-que-levou-o-amazonas-a-explosao-de-casos-de-covid-19.ghtml\"><strong>O que levou o Amazonas a explos\u00e3o de casos de Covid-19<\/strong><\/a><\/li>\n<li><strong>BELO HORIZONTE:\u00a0<\/strong><a href=\"https:\/\/g1.globo.com\/mg\/minas-gerais\/noticia\/2020\/04\/22\/isoladas-idosas-de-grupo-de-cantigas-em-favela-de-bh-driblam-a-saudade-cantando-dando-de-comer-as-galinhas-e-fazendo-videochamada.ghtml\"><strong>Isoladas, idosas de grupo de cantigas em favela de BH driblam a saudade<\/strong><\/a><\/li>\n<li><strong>RIO DE JANEIRO:\u00a0<\/strong><a href=\"https:\/\/g1.globo.com\/rj\/rio-de-janeiro\/noticia\/2020\/04\/22\/medico-do-rio-diz-ter-so-um-respirador-para-30-pacientes-a-gente-acaba-tendo-que-escolher.ghtml\"><strong>M\u00e9dico do Rio diz ter s\u00f3 um respirador para 30 pacientes<\/strong><\/a><\/li>\n<\/ul>\n<\/div>\n<div class=\"row medium-uncollapsed content-media content-photo\" style=\"text-align: justify;\" data-block-type=\"backstage-photo\" data-block-id=\"7\">\n<div class=\"mc-column content-media__container\">\n<div class=\"progressive-img can-open-lightbox\" data-min-size=\"1008x2991\" data-min-size-url=\"https:\/\/s2.glbimg.com\/ACwBkKbbP8kI-J8l2wBSzijj21Y=\/0x0:1400x4155\/1008x0\/smart\/filters:strip_icc()\/i.s3.glbimg.com\/v1\/AUTH_59edd422c0c84a879bd37670ae4f538a\/internal_photos\/bs\/2020\/u\/o\/srqWgLT9CZ7010V53emQ\/mapa2204.png\" data-max-size=\"1600x4748\" data-max-size-url=\"https:\/\/s2.glbimg.com\/6FlYKMH_NdWPq47AYr9Cv4z3JY8=\/0x0:1400x4155\/1600x0\/smart\/filters:strip_icc()\/i.s3.glbimg.com\/v1\/AUTH_59edd422c0c84a879bd37670ae4f538a\/internal_photos\/bs\/2020\/u\/o\/srqWgLT9CZ7010V53emQ\/mapa2204.png\" data-media-index=\"2\"><picture><source srcset=\"https:\/\/s2.glbimg.com\/dLzts-ZYBMOpHtP1qeBGQ2CVgLc=\/0x0:1400x4155\/600x0\/smart\/filters:strip_icc()\/i.s3.glbimg.com\/v1\/AUTH_59edd422c0c84a879bd37670ae4f538a\/internal_photos\/bs\/2020\/u\/o\/srqWgLT9CZ7010V53emQ\/mapa2204.png 1x, https:\/\/s2.glbimg.com\/02weRfgytpG0qLCKeR8j5LWYaVE=\/0x0:1400x4155\/1200x0\/smart\/filters:strip_icc()\/i.s3.glbimg.com\/v1\/AUTH_59edd422c0c84a879bd37670ae4f538a\/internal_photos\/bs\/2020\/u\/o\/srqWgLT9CZ7010V53emQ\/mapa2204.png 2x\" media=\"(max-width: 1024px)\" data-src=\"https:\/\/s2.glbimg.com\/dLzts-ZYBMOpHtP1qeBGQ2CVgLc=\/0x0:1400x4155\/600x0\/smart\/filters:strip_icc()\/i.s3.glbimg.com\/v1\/AUTH_59edd422c0c84a879bd37670ae4f538a\/internal_photos\/bs\/2020\/u\/o\/srqWgLT9CZ7010V53emQ\/mapa2204.png 1x, https:\/\/s2.glbimg.com\/02weRfgytpG0qLCKeR8j5LWYaVE=\/0x0:1400x4155\/1200x0\/smart\/filters:strip_icc()\/i.s3.glbimg.com\/v1\/AUTH_59edd422c0c84a879bd37670ae4f538a\/internal_photos\/bs\/2020\/u\/o\/srqWgLT9CZ7010V53emQ\/mapa2204.png 2x\" \/><source srcset=\"https:\/\/s2.glbimg.com\/N2nYj40j-pu7Ieay-Etku-4GftA=\/0x0:1400x4155\/640x0\/smart\/filters:strip_icc()\/i.s3.glbimg.com\/v1\/AUTH_59edd422c0c84a879bd37670ae4f538a\/internal_photos\/bs\/2020\/u\/o\/srqWgLT9CZ7010V53emQ\/mapa2204.png 1x, https:\/\/s2.glbimg.com\/VEQ2KKdnPA-Z-Bdrwr1FGYzIg4k=\/0x0:1400x4155\/1280x0\/smart\/filters:strip_icc()\/i.s3.glbimg.com\/v1\/AUTH_59edd422c0c84a879bd37670ae4f538a\/internal_photos\/bs\/2020\/u\/o\/srqWgLT9CZ7010V53emQ\/mapa2204.png 2x\" media=\"(max-width: 1280px)\" data-src=\"https:\/\/s2.glbimg.com\/N2nYj40j-pu7Ieay-Etku-4GftA=\/0x0:1400x4155\/640x0\/smart\/filters:strip_icc()\/i.s3.glbimg.com\/v1\/AUTH_59edd422c0c84a879bd37670ae4f538a\/internal_photos\/bs\/2020\/u\/o\/srqWgLT9CZ7010V53emQ\/mapa2204.png 1x, https:\/\/s2.glbimg.com\/VEQ2KKdnPA-Z-Bdrwr1FGYzIg4k=\/0x0:1400x4155\/1280x0\/smart\/filters:strip_icc()\/i.s3.glbimg.com\/v1\/AUTH_59edd422c0c84a879bd37670ae4f538a\/internal_photos\/bs\/2020\/u\/o\/srqWgLT9CZ7010V53emQ\/mapa2204.png 2x\" \/><source srcset=\"https:\/\/s2.glbimg.com\/uz5ZqA6-F32oVCUnq_oNVq6lG2s=\/0x0:1400x4155\/984x0\/smart\/filters:strip_icc()\/i.s3.glbimg.com\/v1\/AUTH_59edd422c0c84a879bd37670ae4f538a\/internal_photos\/bs\/2020\/u\/o\/srqWgLT9CZ7010V53emQ\/mapa2204.png 1x, https:\/\/s2.glbimg.com\/gADY1bNRYtU7HZhxXDLYeK2XoqI=\/0x0:1400x4155\/1968x0\/smart\/filters:strip_icc()\/i.s3.glbimg.com\/v1\/AUTH_59edd422c0c84a879bd37670ae4f538a\/internal_photos\/bs\/2020\/u\/o\/srqWgLT9CZ7010V53emQ\/mapa2204.png 2x\" media=\"(max-width: 1360px)\" data-src=\"https:\/\/s2.glbimg.com\/uz5ZqA6-F32oVCUnq_oNVq6lG2s=\/0x0:1400x4155\/984x0\/smart\/filters:strip_icc()\/i.s3.glbimg.com\/v1\/AUTH_59edd422c0c84a879bd37670ae4f538a\/internal_photos\/bs\/2020\/u\/o\/srqWgLT9CZ7010V53emQ\/mapa2204.png 1x, https:\/\/s2.glbimg.com\/gADY1bNRYtU7HZhxXDLYeK2XoqI=\/0x0:1400x4155\/1968x0\/smart\/filters:strip_icc()\/i.s3.glbimg.com\/v1\/AUTH_59edd422c0c84a879bd37670ae4f538a\/internal_photos\/bs\/2020\/u\/o\/srqWgLT9CZ7010V53emQ\/mapa2204.png 2x\" \/><source srcset=\"https:\/\/s2.glbimg.com\/2vXqKKUcnp_bwjabBKX-obJq1cY=\/0x0:1400x4155\/1000x0\/smart\/filters:strip_icc()\/i.s3.glbimg.com\/v1\/AUTH_59edd422c0c84a879bd37670ae4f538a\/internal_photos\/bs\/2020\/u\/o\/srqWgLT9CZ7010V53emQ\/mapa2204.png 1x, https:\/\/s2.glbimg.com\/WMCxv44zX5CV03m6oWTQJaJOUe0=\/0x0:1400x4155\/2000x0\/smart\/filters:strip_icc()\/i.s3.glbimg.com\/v1\/AUTH_59edd422c0c84a879bd37670ae4f538a\/internal_photos\/bs\/2020\/u\/o\/srqWgLT9CZ7010V53emQ\/mapa2204.png 2x\" media=\"(min-width: 1361px)\" data-src=\"https:\/\/s2.glbimg.com\/2vXqKKUcnp_bwjabBKX-obJq1cY=\/0x0:1400x4155\/1000x0\/smart\/filters:strip_icc()\/i.s3.glbimg.com\/v1\/AUTH_59edd422c0c84a879bd37670ae4f538a\/internal_photos\/bs\/2020\/u\/o\/srqWgLT9CZ7010V53emQ\/mapa2204.png 1x, https:\/\/s2.glbimg.com\/WMCxv44zX5CV03m6oWTQJaJOUe0=\/0x0:1400x4155\/2000x0\/smart\/filters:strip_icc()\/i.s3.glbimg.com\/v1\/AUTH_59edd422c0c84a879bd37670ae4f538a\/internal_photos\/bs\/2020\/u\/o\/srqWgLT9CZ7010V53emQ\/mapa2204.png 2x\" \/><source srcset=\"https:\/\/s2.glbimg.com\/uz5ZqA6-F32oVCUnq_oNVq6lG2s=\/0x0:1400x4155\/984x0\/smart\/filters:strip_icc()\/i.s3.glbimg.com\/v1\/AUTH_59edd422c0c84a879bd37670ae4f538a\/internal_photos\/bs\/2020\/u\/o\/srqWgLT9CZ7010V53emQ\/mapa2204.png\" data-src=\"https:\/\/s2.glbimg.com\/uz5ZqA6-F32oVCUnq_oNVq6lG2s=\/0x0:1400x4155\/984x0\/smart\/filters:strip_icc()\/i.s3.glbimg.com\/v1\/AUTH_59edd422c0c84a879bd37670ae4f538a\/internal_photos\/bs\/2020\/u\/o\/srqWgLT9CZ7010V53emQ\/mapa2204.png\" \/><img decoding=\"async\" class=\"image content-media__image progressive-loaded\" title=\"Brasil tem 2.906 mortes e 45.757 casos de coronav\u00edrus \u2014 Foto: Guilherme Pinheiro\/ G1\" src=\"https:\/\/s2.glbimg.com\/uz5ZqA6-F32oVCUnq_oNVq6lG2s=\/0x0:1400x4155\/984x0\/smart\/filters:strip_icc()\/i.s3.glbimg.com\/v1\/AUTH_59edd422c0c84a879bd37670ae4f538a\/internal_photos\/bs\/2020\/u\/o\/srqWgLT9CZ7010V53emQ\/mapa2204.png\" alt=\"Brasil tem 2.906 mortes e 45.757 casos de coronav\u00edrus \u2014 Foto: Guilherme Pinheiro\/ G1\" data-src=\"https:\/\/s2.glbimg.com\/uz5ZqA6-F32oVCUnq_oNVq6lG2s=\/0x0:1400x4155\/984x0\/smart\/filters:strip_icc()\/i.s3.glbimg.com\/v1\/AUTH_59edd422c0c84a879bd37670ae4f538a\/internal_photos\/bs\/2020\/u\/o\/srqWgLT9CZ7010V53emQ\/mapa2204.png\" \/><\/picture><\/div>\n<p class=\"content-media__description \">Brasil tem 2.906 mortes e 45.757 casos de coronav\u00edrus \u2014 Foto: Guilherme Pinheiro\/<\/p>\n<\/div>\n<\/div>\n<div class=\"mc-column content-media content-video\" style=\"text-align: justify;\" data-block-type=\"backstage-video\" data-block-id=\"9\">\n<div class=\"content-media__container\">\n<div class=\"content-video__bigger-player-description-fixer content-media__container--loaded\">\n<div class=\"content-video__video\">\n<div id=\"wp3-player-2\" class=\"nocursor clappr-player\" tabindex=\"9999\" data-player=\"\">\n<div class=\"media-control media-control-hide\">\n<div class=\"media-control-panel\">\n<div class=\"media-control-panel__modal\"><img decoding=\"async\" class=\"content-video__placeholder__thumb\" title=\"Quarentena completa 30 dias em S\u00e3o Paulo\" src=\"https:\/\/s02.video.glbimg.com\/x720\/8501537.jpg\" alt=\"Quarentena completa 30 dias em S\u00e3o Paulo\" \/><\/div>\n<\/div>\n<\/div>\n<\/div>\n<\/div>\n<\/div>\n<p class=\"content-media__description\">Quarentena completa 30 dias em S\u00e3o Paulo<\/p>\n<\/div>\n<\/div>\n<div data-track-category=\"multicontent\" data-track-action=\"ultimo chunk conteudo\" data-track-noninteraction=\"false\" data-track-scroll=\"view\">\n<div class=\"mc-column content-entenda-o-caso\" data-block-type=\"entenda-o-caso\" data-block-id=\"11\">\n<h3 class=\"content-entenda-o-caso__title\" style=\"text-align: justify;\">CORONAV\u00cdRUS<\/h3>\n<ul class=\"content-entenda-o-caso__list\" style=\"text-align: justify;\" data-track-category=\"multicontent\" data-track-action=\"entenda o caso\">\n<li class=\"content-entenda-o-caso__item\" data-track-click=\"Posicao 1\">\n<p class=\"content-entenda-o-caso__text\"><a class=\"content-link gui-color-primary gui-color-hover\" href=\"https:\/\/g1.globo.com\/bemestar\/coronavirus\/videos-perguntas-e-respostas\/playlist\/videos-coronavirus-perguntas-e-respostas.ghtml\">V\u00cdDEOS: Coronav\u00edrus: perguntas e respostas<\/a><\/p>\n<\/li>\n<li class=\"content-entenda-o-caso__item\" data-track-click=\"Posicao 2\">\n<p class=\"content-entenda-o-caso__text\"><a class=\"content-link gui-color-primary gui-color-hover\" href=\"https:\/\/especiais.g1.globo.com\/bemestar\/2020\/coronavirus\/\">GUIA ILUSTRADO: sintomas, transmiss\u00e3o e letalidade<\/a><\/p>\n<\/li>\n<li class=\"content-entenda-o-caso__item\" data-track-click=\"Posicao 3\">\n<p class=\"content-entenda-o-caso__text\"><a class=\"content-link gui-color-primary gui-color-hover\" href=\"https:\/\/g1.globo.com\/fato-ou-fake\/coronavirus\/\">Veja o que \u00e9 #FATO ou #FAKE sobre o coronav\u00edrus<\/a><\/p>\n<\/li>\n<li class=\"content-entenda-o-caso__item\" data-track-click=\"Posicao 4\">\n<p class=\"content-entenda-o-caso__text\"><a class=\"content-link gui-color-primary gui-color-hover\" href=\"https:\/\/g1.globo.com\/bemestar\/coronavirus\/noticia\/2020\/02\/27\/quanto-tempo-o-novo-coronavirus-vive-em-uma-superficie-ou-no-ar.ghtml\">Quanto tempo o novo coronav\u00edrus vive em uma superf\u00edcie ou no ar?<\/a><\/p>\n<\/li>\n<li class=\"content-entenda-o-caso__item\" data-track-click=\"Posicao 5\">\n<p class=\"content-entenda-o-caso__text\"><a class=\"content-link gui-color-primary gui-color-hover\" href=\"https:\/\/g1.globo.com\/bemestar\/coronavirus\/noticia\/2020\/04\/14\/mascaras-contra-o-coronavirus-veja-orientacoes-de-como-fazer-quem-deve-usar-e-qual-a-importancia-do-uso.ghtml\">Manual das m\u00e1scaras: como fazer, como usar e a import\u00e2ncia do uso<\/a><\/p>\n<\/li>\n<li class=\"content-entenda-o-caso__item\" data-track-click=\"Posicao 6\">\n<p class=\"content-entenda-o-caso__text\"><a class=\"content-link gui-color-primary gui-color-hover\" href=\"https:\/\/g1.globo.com\/bemestar\/coronavirus\/noticia\/2020\/02\/27\/como-se-prevenir-do-coronavirus.ghtml\">Como se prevenir do coronav\u00edrus?<\/a><\/p>\n<\/li>\n<li class=\"content-entenda-o-caso__item\" data-track-click=\"Posicao 7\">\n<p class=\"content-entenda-o-caso__text\"><a class=\"content-link gui-color-primary gui-color-hover\" href=\"https:\/\/g1.globo.com\/bemestar\/coronavirus\/noticia\/2020\/03\/24\/coronavirus-covid-19-sars-cov-2-e-mais-veja-a-explicacao-para-16-termos-usados-na-pandemia.ghtml\">Coronav\u00edrus, Covid-19, Sars-Cov-2 e mais: confira os termos da pandemia<\/a><\/p>\n<\/li>\n<li class=\"content-entenda-o-caso__item\" data-track-click=\"Posicao 8\">\n<p class=\"content-entenda-o-caso__text\"><a class=\"content-link gui-color-primary gui-color-hover\" href=\"https:\/\/g1.globo.com\/bemestar\/coronavirus\/noticia\/2020\/04\/22\/g1.globo.com\/bemestar\/coronavirus\/videos-perguntas-e-respostas\/noticia\/2020\/03\/12\/coronavirus-quais-os-sintomas-e-quando-devo-procurar-um-medico.ghtml\">Saiba quais os sintomas do coronav\u00edrus e quando procurar um m\u00e9dico<\/a><\/p>\n<\/li>\n<li class=\"content-entenda-o-caso__item\" data-track-click=\"Posicao 9\">\n<p class=\"content-entenda-o-caso__text\"><a class=\"content-link gui-color-primary gui-color-hover\" href=\"https:\/\/g1.globo.com\/bemestar\/coronavirus\/noticia\/2020\/04\/22\/g1.globo.com\/bemestar\/coronavirus\/noticia\/2020\/03\/12\/saiba-quais-sao-os-grupos-mais-vulneraveis-ao-coronavirus-e-por-que.ghtml\">Veja quais s\u00e3o os grupos mais vulner\u00e1veis ao coronav\u00edrus e por qu\u00ea<\/a><\/p>\n<\/li>\n<li class=\"content-entenda-o-caso__item\" data-track-click=\"Posicao 10\">\n<p class=\"content-entenda-o-caso__text\"><a class=\"content-link gui-color-primary gui-color-hover\" href=\"https:\/\/g1.globo.com\/bemestar\/coronavirus\/noticia\/2020\/04\/08\/coronavirus-tire-suas-duvidas-sobre-como-age-a-covid-19-como-sao-os-testes-e-como-andam-as-pesquisas-sobre-remedios-e-vacinas.ghtml\">TIRA-D\u00daVIDAS: saiba como s\u00e3o os testes e as pesquisas sobre rem\u00e9dios e vacinas<\/a><\/p>\n<\/li>\n<li class=\"content-entenda-o-caso__item\" data-track-click=\"Posicao 11\">\n<p class=\"content-entenda-o-caso__text\"><a class=\"content-link gui-color-primary gui-color-hover\" href=\"https:\/\/g1.globo.com\/fique-em-casa\/noticia\/2020\/04\/09\/guia-para-vida-em-casa-g1-lista-dicas-para-o-isolamento-social.ghtml\">Guia para vida em casa: G1 lista dicas para o isolamento social<\/a><\/p>\n<\/li>\n<li class=\"content-entenda-o-caso__item\" data-track-click=\"Posicao 12\">\n<p class=\"content-entenda-o-caso__text\"><a class=\"content-link gui-color-primary gui-color-hover\" href=\"https:\/\/g1.globo.com\/economia\/noticia\/2020\/04\/03\/medidas-economicas-na-crise-do-coronavirus-veja-perguntas-e-respostas.ghtml\">Veja perguntas e respostas sobre medidas econ\u00f4micas na crise do coronav\u00edrus<\/a><\/p>\n<\/li>\n<\/ul>\n<p style=\"text-align: justify;\">Fonte: G1<\/p>\n<\/div>\n<\/div>\n<\/div>\n","protected":false},"excerpt":{"rendered":"<p>Foram 165 mortes a mais em compara\u00e7\u00e3o com a ter\u00e7a-feira (21). O\u00a0Minist\u00e9rio da Sa\u00fade\u00a0divulgou nesta quarta-feira (22) o mais recente balan\u00e7o dos casos de coronav\u00edrus no Brasil. Os principais dados s\u00e3o: 2.906 mortes,\u00a0na ter\u00e7a eram 2.741. 45.757 casos confirmados,\u00a0na ter\u00e7a eram 43.079. Em 7 dias, foram mais\u00a0982 mortes\u00a0confirmadas. S\u00e3o Paulo tem\u00a01.134 mortes e 15.914 casos. [&hellip;]<\/p>\n","protected":false},"author":1,"featured_media":24338,"comment_status":"closed","ping_status":"open","sticky":false,"template":"","format":"standard","meta":{"footnotes":""},"categories":[110,122],"tags":[],"class_list":["post-24337","post","type-post","status-publish","format-standard","has-post-thumbnail","hentry","category-noticiasdestaque","category-saudeeducacaoeconcurso"],"_links":{"self":[{"href":"https:\/\/jorgezanoni.com.br\/2019\/wp-json\/wp\/v2\/posts\/24337","targetHints":{"allow":["GET"]}}],"collection":[{"href":"https:\/\/jorgezanoni.com.br\/2019\/wp-json\/wp\/v2\/posts"}],"about":[{"href":"https:\/\/jorgezanoni.com.br\/2019\/wp-json\/wp\/v2\/types\/post"}],"author":[{"embeddable":true,"href":"https:\/\/jorgezanoni.com.br\/2019\/wp-json\/wp\/v2\/users\/1"}],"replies":[{"embeddable":true,"href":"https:\/\/jorgezanoni.com.br\/2019\/wp-json\/wp\/v2\/comments?post=24337"}],"version-history":[{"count":0,"href":"https:\/\/jorgezanoni.com.br\/2019\/wp-json\/wp\/v2\/posts\/24337\/revisions"}],"wp:featuredmedia":[{"embeddable":true,"href":"https:\/\/jorgezanoni.com.br\/2019\/wp-json\/wp\/v2\/media\/24338"}],"wp:attachment":[{"href":"https:\/\/jorgezanoni.com.br\/2019\/wp-json\/wp\/v2\/media?parent=24337"}],"wp:term":[{"taxonomy":"category","embeddable":true,"href":"https:\/\/jorgezanoni.com.br\/2019\/wp-json\/wp\/v2\/categories?post=24337"},{"taxonomy":"post_tag","embeddable":true,"href":"https:\/\/jorgezanoni.com.br\/2019\/wp-json\/wp\/v2\/tags?post=24337"}],"curies":[{"name":"wp","href":"https:\/\/api.w.org\/{rel}","templated":true}]}}