{"id":24301,"date":"2020-04-22T01:17:23","date_gmt":"2020-04-22T01:17:23","guid":{"rendered":"https:\/\/jorgezanoni.com.br\/2019\/?p=24301"},"modified":"2020-04-22T01:17:23","modified_gmt":"2020-04-22T01:17:23","slug":"casos-de-coronavirus-e-numero-de-mortes-no-brasil-em-21-de-abril","status":"publish","type":"post","link":"https:\/\/jorgezanoni.com.br\/2019\/casos-de-coronavirus-e-numero-de-mortes-no-brasil-em-21-de-abril\/","title":{"rendered":"Casos de coronav\u00edrus e n\u00famero de mortes no Brasil em 21 de abril"},"content":{"rendered":"<h2 class=\"content-head__subtitle\" style=\"text-align: justify;\"><strong>As secretarias estaduais de Sa\u00fade confirmam no pa\u00eds 43.368 casos do novo coronav\u00edrus (Sars-Cov-2), com 2.761 mortes.<\/strong><\/h2>\n<div class=\"mc-column content-text active-extra-styles \" data-block-type=\"unstyled\" data-block-weight=\"28\" data-block-id=\"2\">\n<p class=\"content-text__container \" style=\"text-align: justify;\" data-track-category=\"Link no Texto\" data-track-links=\"\">As secretarias estaduais de Sa\u00fade divulgaram, at\u00e9 as 19h40 desta ter\u00e7a-feira (21), 43.368 casos confirmados de infectados pelo\u00a0<a href=\"https:\/\/g1.globo.com\/bemestar\/coronavirus\/\">novo coronav\u00edrus (Sars-Cov-2) no Brasil<\/a>, com 2.761 mortes pela Covid-19.<\/p>\n<\/div>\n<div class=\"wall protected-content\">\n<div class=\"mc-column content-text active-extra-styles \" style=\"text-align: justify;\" data-block-type=\"unstyled\" data-block-weight=\"32\" data-block-id=\"3\">\n<p class=\"content-text__container \" data-track-category=\"Link no Texto\" data-track-links=\"\">As mortes est\u00e3o concentradas nos estados de S\u00e3o Paulo (1.093), no Rio de Janeiro (461) e em Pernambuco (260), e crescem em ritmo acelerado: quase mil delas ocorreram nos \u00faltimos sete dias.<\/p>\n<\/div>\n<div class=\"mc-column content-text active-extra-styles \" style=\"text-align: justify;\" data-block-type=\"unstyled\" data-block-weight=\"21\" data-block-id=\"4\">\n<p class=\"content-text__container \" data-track-category=\"Link no Texto\" data-track-links=\"\"><a href=\"https:\/\/g1.globo.com\/bemestar\/coronavirus\/noticia\/2020\/04\/20\/brasil-tem-2845-mortes-e-40581-casos-de-coronavirus-diz-ministerio.ghtml\">Balan\u00e7o divulgado pelo Minist\u00e9rio da Sa\u00fade<\/a>\u00a0no fim da tarde de ter\u00e7a (21) indicava 43.079 casos e 2.741 mortes no pa\u00eds.<\/p>\n<\/div>\n<div class=\"mc-column content-text active-extra-styles\" style=\"text-align: justify;\" data-block-type=\"raw\" data-block-weight=\"5\" data-block-id=\"5\">\n<div class=\"content-intertitle\">\n<h2>Sistema de sa\u00fade no limite<\/h2>\n<\/div>\n<\/div>\n<div class=\"mc-column content-text active-extra-styles \" style=\"text-align: justify;\" data-block-type=\"unstyled\" data-block-weight=\"42\" data-block-id=\"6\">\n<p class=\"content-text__container \" data-track-category=\"Link no Texto\" data-track-links=\"\">Dados da Associa\u00e7\u00e3o Brasileira M\u00e9dica apontam que, em um m\u00eas,\u00a0<a href=\"https:\/\/g1.globo.com\/bemestar\/coronavirus\/noticia\/2020\/04\/21\/em-1-mes-medicos-registraram-31-mil-denuncias-de-falta-de-equipamentos-de-protecao-para-atuar-contra-o-coronavirus-diz-associacao.ghtml\">m\u00e9dicos registraram 3.181 den\u00fancias<\/a>\u00a0sobre falta de equipamentos de prote\u00e7\u00e3o individual (EPI) no atendimento a pacientes com Covid-19. S\u00e3o Paulo, Rio e Porto Alegre s\u00e3o as cidades com mais registros de reclama\u00e7\u00f5es.<\/p>\n<\/div>\n<div class=\"mc-column content-text active-extra-styles \" style=\"text-align: justify;\" data-block-type=\"unstyled\" data-block-weight=\"49\" data-block-id=\"7\">\n<p class=\"content-text__container \" data-track-category=\"Link no Texto\" data-track-links=\"\">No estado do Rio de Janeiro, em quatro semanas,\u00a0<a href=\"https:\/\/g1.globo.com\/rj\/rio-de-janeiro\/noticia\/2020\/04\/21\/em-4-semanas-rj-tem-mais-internacoes-por-sindromes-respiratorias-que-em-todo-2019.ghtml\">mais pessoas foram internadas por s\u00edndrome respirat\u00f3ria aguda grave (SRAG)<\/a>\u00a0que em todo o ano de 2019, segundo levantamento do\u00a0<strong>G1<\/strong>\u00a0com base em dados da Fiocruz. Os dados, segundo especialistas, apontam para a subnotifica\u00e7\u00e3o dos casos do novo coronav\u00edrus.<\/p>\n<\/div>\n<div class=\"mc-column content-text active-extra-styles \" style=\"text-align: justify;\" data-block-type=\"unstyled\" data-block-weight=\"36\" data-block-id=\"8\">\n<p class=\"content-text__container \" data-track-category=\"Link no Texto\" data-track-links=\"\">Em S\u00e3o Paulo, por outro lado, a fila de testes de Covid-19 que aguardam an\u00e1lise\u00a0<a href=\"https:\/\/g1.globo.com\/sp\/sao-paulo\/noticia\/2020\/04\/20\/fila-de-testes-de-coronavirus-parados-em-sp-cai-para-4100-amostras-segundo-instituto-butantan.ghtml\">caiu de mais de 20 mil na semana passada para 4,1 mil<\/a> nesta nesta segunda-feira (20), segundo informa\u00e7\u00f5es do Instituto Butantan.<\/p>\n<\/div>\n<div class=\"mc-column content-text active-extra-styles \" style=\"text-align: justify;\" data-block-type=\"unstyled\" data-block-weight=\"47\" data-block-id=\"10\">\n<p class=\"content-text__container \" data-track-category=\"Link no Texto\" data-track-links=\"\">As unidades de terapia intensiva (UTI) de Manaus j\u00e1\u00a0<a href=\"https:\/\/g1.globo.com\/jornal-nacional\/noticia\/2020\/04\/20\/aumento-de-pacientes-da-covid-19-leva-utis-ao-limite-de-atendimento-em-manaus.ghtml\">chegavam ao seu limite de atendimento<\/a>. Por falta de vagas e de pessoal, os hospitais j\u00e1 n\u00e3o conseguem atender todos os pacientes. O governo do estado declarou que o sistema de sa\u00fade do Amazonas est\u00e1 entrando em colapso.<\/p>\n<\/div>\n<div class=\"mc-column content-text active-extra-styles\" style=\"text-align: justify;\" data-block-type=\"raw\" data-block-weight=\"32\" data-block-id=\"11\">\n<ul class=\"content-unordered-list\">\n<li><strong>MAPA EXCLUSIVO:\u00a0<\/strong><a href=\"https:\/\/especiais.g1.globo.com\/bemestar\/coronavirus\/mapa-coronavirus\/#\/\" target=\"_blank\" rel=\"noopener noreferrer\">mortes e casos de Covid-19 na sua cidade<\/a><\/li>\n<li><strong>MUNDO:\u00a0<\/strong><a href=\"https:\/\/g1.globo.com\/bemestar\/coronavirus\/noticia\/2020\/04\/21\/ultimas-noticias-de-coronavirus-de-21-de-abril.ghtml\">Oktoberfest 2020 \u00e9 cancelada na Alemanha<\/a><\/li>\n<li><strong>GUIA DO HOME OFFICE<\/strong>:<a href=\"https:\/\/g1.globo.com\/fique-em-casa\/noticia\/2020\/03\/30\/g1-faz-guia-do-home-office-em-tempo-de-coronavirus.ghtml\">\u00a0mantenha o foco<\/a><\/li>\n<li><strong>PERGUNTAS E RESPOSTAS<\/strong>:\u00a0<a href=\"https:\/\/g1.globo.com\/bemestar\/coronavirus\/videos-perguntas-e-respostas\/\">saiba sobre sintomas e cuidados<\/a><\/li>\n<\/ul>\n<\/div>\n<div class=\"mc-column content-text active-extra-styles \" style=\"text-align: justify;\" data-block-type=\"unstyled\" data-block-weight=\"19\" data-block-id=\"12\">\n<p class=\"content-text__container \" data-track-category=\"Link no Texto\" data-track-links=\"\">No Cear\u00e1,<a href=\"https:\/\/g1.globo.com\/jornal-nacional\/noticia\/2020\/04\/20\/no-ceara-100percent-das-vagas-de-uti-estao-ocupadas-e-numero-de-leitos-esta-perto-do-limite.ghtml\">\u00a0100% das vagas de UTI est\u00e3o ocupadas\u00a0<\/a>e o n\u00famero de leitos tamb\u00e9m est\u00e1 perto do limite.<\/p>\n<\/div>\n<div class=\"mc-column content-text active-extra-styles \" data-block-type=\"unstyled\" data-block-weight=\"29\" data-block-id=\"13\">\n<p class=\"content-text__container \" style=\"text-align: justify;\" data-track-category=\"Link no Texto\" data-track-links=\"\">Em Pernambuco, segundo o secret\u00e1rio de Sa\u00fade do estado, Andr\u00e9 Longo,\u00a0<a href=\"https:\/\/g1.globo.com\/pe\/pernambuco\/noticia\/2020\/04\/20\/pernambuco-tem-99percent-dos-leitos-de-uti-dedicados-a-covid-19-ocupados-diz-secretario-de-saude.ghtml\">99% dos leitos de UTI da rede p\u00fablica dedicados aos pacientes infectados<\/a>\u00a0pelo novo coronav\u00edrus tamb\u00e9m est\u00e3o ocupados.<\/p>\n<p style=\"text-align: justify;\" data-track-category=\"Link no Texto\" data-track-links=\"\">Fonte: https:\/\/g1.globo.com\/bemestar\/coronavirus\/noticia\/2020\/04\/21\/casos-de-coronavirus-e-numero-de-mortes-no-brasil-em-21-de-abril.ghtml<\/p>\n<p data-track-category=\"Link no Texto\" data-track-links=\"\">Imagem Ilustrativa<\/p>\n<\/div>\n<\/div>\n","protected":false},"excerpt":{"rendered":"<p>As secretarias estaduais de Sa\u00fade confirmam no pa\u00eds 43.368 casos do novo coronav\u00edrus (Sars-Cov-2), com 2.761 mortes. As secretarias estaduais de Sa\u00fade divulgaram, at\u00e9 as 19h40 desta ter\u00e7a-feira (21), 43.368 casos confirmados de infectados pelo\u00a0novo coronav\u00edrus (Sars-Cov-2) no Brasil, com 2.761 mortes pela Covid-19. As mortes est\u00e3o concentradas nos estados de S\u00e3o Paulo (1.093), no [&hellip;]<\/p>\n","protected":false},"author":1,"featured_media":24303,"comment_status":"closed","ping_status":"open","sticky":false,"template":"","format":"standard","meta":{"footnotes":""},"categories":[110,122],"tags":[],"class_list":["post-24301","post","type-post","status-publish","format-standard","has-post-thumbnail","hentry","category-noticiasdestaque","category-saudeeducacaoeconcurso"],"_links":{"self":[{"href":"https:\/\/jorgezanoni.com.br\/2019\/wp-json\/wp\/v2\/posts\/24301","targetHints":{"allow":["GET"]}}],"collection":[{"href":"https:\/\/jorgezanoni.com.br\/2019\/wp-json\/wp\/v2\/posts"}],"about":[{"href":"https:\/\/jorgezanoni.com.br\/2019\/wp-json\/wp\/v2\/types\/post"}],"author":[{"embeddable":true,"href":"https:\/\/jorgezanoni.com.br\/2019\/wp-json\/wp\/v2\/users\/1"}],"replies":[{"embeddable":true,"href":"https:\/\/jorgezanoni.com.br\/2019\/wp-json\/wp\/v2\/comments?post=24301"}],"version-history":[{"count":0,"href":"https:\/\/jorgezanoni.com.br\/2019\/wp-json\/wp\/v2\/posts\/24301\/revisions"}],"wp:featuredmedia":[{"embeddable":true,"href":"https:\/\/jorgezanoni.com.br\/2019\/wp-json\/wp\/v2\/media\/24303"}],"wp:attachment":[{"href":"https:\/\/jorgezanoni.com.br\/2019\/wp-json\/wp\/v2\/media?parent=24301"}],"wp:term":[{"taxonomy":"category","embeddable":true,"href":"https:\/\/jorgezanoni.com.br\/2019\/wp-json\/wp\/v2\/categories?post=24301"},{"taxonomy":"post_tag","embeddable":true,"href":"https:\/\/jorgezanoni.com.br\/2019\/wp-json\/wp\/v2\/tags?post=24301"}],"curies":[{"name":"wp","href":"https:\/\/api.w.org\/{rel}","templated":true}]}}