{"id":24298,"date":"2020-04-22T00:41:01","date_gmt":"2020-04-22T00:41:01","guid":{"rendered":"https:\/\/jorgezanoni.com.br\/2019\/?p=24298"},"modified":"2020-04-22T00:41:01","modified_gmt":"2020-04-22T00:41:01","slug":"motorista-fica-ferido-apos-bater-em-carro-estacionado-e-capotar-em-avenida-de-tupa","status":"publish","type":"post","link":"https:\/\/jorgezanoni.com.br\/2019\/motorista-fica-ferido-apos-bater-em-carro-estacionado-e-capotar-em-avenida-de-tupa\/","title":{"rendered":"Motorista fica ferido ap\u00f3s bater em carro estacionado e capotar em avenida de Tup\u00e3"},"content":{"rendered":"<h2 class=\"content-head__subtitle\" style=\"text-align: justify;\"><strong>V\u00edtima ficou retida no ve\u00edculo e bombeiros tiveram trabalho para retir\u00e1-la. Homem foi levado para a Santa Casa.<\/strong><\/h2>\n<div class=\"mc-column content-text active-extra-styles \" data-block-type=\"unstyled\" data-block-weight=\"23\" data-block-id=\"2\">\n<p class=\"content-text__container \" style=\"text-align: justify;\" data-track-category=\"Link no Texto\" data-track-links=\"\">Um motorista ficou ferido na tarde desta ter\u00e7a-feira (21), ap\u00f3s bater em um ve\u00edculo estacionado e capotar, na Avenida Mar\u00edlia, em Tup\u00e3 (SP).<\/p>\n<\/div>\n<div class=\"wall protected-content\">\n<div class=\"mc-column content-text active-extra-styles \" style=\"text-align: justify;\" data-block-type=\"unstyled\" data-block-weight=\"27\" data-block-id=\"3\">\n<p class=\"content-text__container \" data-track-category=\"Link no Texto\" data-track-links=\"\">Segundo informa\u00e7\u00f5es do Corpo de Bombeiros, a equipe foi acionada por volta das 16h30 e chegando ao local, a v\u00edtima estava retida no interior do ve\u00edculo capotado.<\/p>\n<\/div>\n<div class=\"mc-column content-text active-extra-styles \" style=\"text-align: justify;\" data-block-type=\"unstyled\" data-block-weight=\"40\" data-block-id=\"4\">\n<p class=\"content-text__container \" data-track-category=\"Link no Texto\" data-track-links=\"\">Os bombeiros tiveram dificuldade para retirar a v\u00edtima por causa da forma como o carro ficou e a posi\u00e7\u00e3o onde ela estava dentro do ve\u00edculo. O homem estava confuso e foi levado, com ferimentos leves, para a Santa Casa.<\/p>\n<\/div>\n<div class=\"row medium-uncollapsed content-media content-photo\" data-block-type=\"backstage-photo\" data-block-id=\"5\">\n<div class=\"mc-column content-media__container\">\n<div class=\"progressive-img can-open-lightbox\" style=\"text-align: justify;\" data-min-size=\"1008x776\" data-min-size-url=\"https:\/\/s2.glbimg.com\/6ZvFpc0dKkwZn5n847OsaW6K2GA=\/0x0:926x713\/1008x0\/smart\/filters:strip_icc()\/i.s3.glbimg.com\/v1\/AUTH_59edd422c0c84a879bd37670ae4f538a\/internal_photos\/bs\/2020\/P\/B\/WHvo2ZSESAH2q5oeY6Gw\/acidente-tupa.jpg\" data-max-size=\"1600x1231\" data-max-size-url=\"https:\/\/s2.glbimg.com\/FdR3gUImwE9QRbGQbx-gEJy8tAY=\/0x0:926x713\/1600x0\/smart\/filters:strip_icc()\/i.s3.glbimg.com\/v1\/AUTH_59edd422c0c84a879bd37670ae4f538a\/internal_photos\/bs\/2020\/P\/B\/WHvo2ZSESAH2q5oeY6Gw\/acidente-tupa.jpg\" data-media-index=\"1\">\n<div class=\"placeholder-container\"><img decoding=\"async\" class=\"image content-media__image progressive-loaded\" title=\"Bombeiros retiraram a v\u00edtima de dentro do carro em Tup\u00e3  \u2014 Foto: Jo\u00e3o Trentini \/ Arquivo pessoal \" src=\"https:\/\/s2.glbimg.com\/Fk-jlgEK-E3sA-DhYHK8j0WyyXM=\/0x0:926x713\/984x0\/smart\/filters:strip_icc()\/i.s3.glbimg.com\/v1\/AUTH_59edd422c0c84a879bd37670ae4f538a\/internal_photos\/bs\/2020\/P\/B\/WHvo2ZSESAH2q5oeY6Gw\/acidente-tupa.jpg\" alt=\"Bombeiros retiraram a v\u00edtima de dentro do carro em Tup\u00e3  \u2014 Foto: Jo\u00e3o Trentini \/ Arquivo pessoal \" data-src=\"https:\/\/s2.glbimg.com\/Fk-jlgEK-E3sA-DhYHK8j0WyyXM=\/0x0:926x713\/984x0\/smart\/filters:strip_icc()\/i.s3.glbimg.com\/v1\/AUTH_59edd422c0c84a879bd37670ae4f538a\/internal_photos\/bs\/2020\/P\/B\/WHvo2ZSESAH2q5oeY6Gw\/acidente-tupa.jpg\" \/><\/div>\n<\/div>\n<p class=\"content-media__description \" style=\"text-align: justify;\">Bombeiros retiraram a v\u00edtima de dentro do carro em Tup\u00e3 \u2014 Foto: Jo\u00e3o Trentini \/ Arquivo pessoal<\/p>\n<p>Fonte: G1<\/p>\n<\/div>\n<\/div>\n<\/div>\n","protected":false},"excerpt":{"rendered":"<p>V\u00edtima ficou retida no ve\u00edculo e bombeiros tiveram trabalho para retir\u00e1-la. Homem foi levado para a Santa Casa. Um motorista ficou ferido na tarde desta ter\u00e7a-feira (21), ap\u00f3s bater em um ve\u00edculo estacionado e capotar, na Avenida Mar\u00edlia, em Tup\u00e3 (SP). Segundo informa\u00e7\u00f5es do Corpo de Bombeiros, a equipe foi acionada por volta das 16h30 [&hellip;]<\/p>\n","protected":false},"author":1,"featured_media":24299,"comment_status":"closed","ping_status":"open","sticky":false,"template":"","format":"standard","meta":{"footnotes":""},"categories":[170,110],"tags":[],"class_list":["post-24298","post","type-post","status-publish","format-standard","has-post-thumbnail","hentry","category-acidentes","category-noticiasdestaque"],"_links":{"self":[{"href":"https:\/\/jorgezanoni.com.br\/2019\/wp-json\/wp\/v2\/posts\/24298","targetHints":{"allow":["GET"]}}],"collection":[{"href":"https:\/\/jorgezanoni.com.br\/2019\/wp-json\/wp\/v2\/posts"}],"about":[{"href":"https:\/\/jorgezanoni.com.br\/2019\/wp-json\/wp\/v2\/types\/post"}],"author":[{"embeddable":true,"href":"https:\/\/jorgezanoni.com.br\/2019\/wp-json\/wp\/v2\/users\/1"}],"replies":[{"embeddable":true,"href":"https:\/\/jorgezanoni.com.br\/2019\/wp-json\/wp\/v2\/comments?post=24298"}],"version-history":[{"count":0,"href":"https:\/\/jorgezanoni.com.br\/2019\/wp-json\/wp\/v2\/posts\/24298\/revisions"}],"wp:featuredmedia":[{"embeddable":true,"href":"https:\/\/jorgezanoni.com.br\/2019\/wp-json\/wp\/v2\/media\/24299"}],"wp:attachment":[{"href":"https:\/\/jorgezanoni.com.br\/2019\/wp-json\/wp\/v2\/media?parent=24298"}],"wp:term":[{"taxonomy":"category","embeddable":true,"href":"https:\/\/jorgezanoni.com.br\/2019\/wp-json\/wp\/v2\/categories?post=24298"},{"taxonomy":"post_tag","embeddable":true,"href":"https:\/\/jorgezanoni.com.br\/2019\/wp-json\/wp\/v2\/tags?post=24298"}],"curies":[{"name":"wp","href":"https:\/\/api.w.org\/{rel}","templated":true}]}}