{"id":24295,"date":"2020-04-22T00:14:49","date_gmt":"2020-04-22T00:14:49","guid":{"rendered":"https:\/\/jorgezanoni.com.br\/2019\/?p=24295"},"modified":"2020-04-22T00:14:49","modified_gmt":"2020-04-22T00:14:49","slug":"devido-a-quarentena-rota-encerra-operacao-de-combate-ao-crime-organizado-na-regiao-de-presidente-prudente","status":"publish","type":"post","link":"https:\/\/jorgezanoni.com.br\/2019\/devido-a-quarentena-rota-encerra-operacao-de-combate-ao-crime-organizado-na-regiao-de-presidente-prudente\/","title":{"rendered":"Devido \u00e0 quarentena, Rota encerra opera\u00e7\u00e3o de combate ao crime organizado na regi\u00e3o de Presidente Prudente"},"content":{"rendered":"<h2 class=\"content-head__subtitle\" style=\"text-align: justify;\"><strong>No apoio a ocorr\u00eancias de grande complexidade no Oeste Paulista, tropa realizou mais de 300 abordagens. Novo planejamento de emprego do efetivo \u00e9 realizado.<\/strong><\/h2>\n<div class=\"mc-column content-text active-extra-styles \" data-block-type=\"unstyled\" data-block-weight=\"66\" data-block-id=\"2\">\n<p class=\"content-text__container \" style=\"text-align: justify;\" data-track-category=\"Link no Texto\" data-track-links=\"\">A Rondas Ostensivas Tobias de Aguiar (Rota) revelou ao\u00a0<strong>G1\u00a0<\/strong>que a opera\u00e7\u00e3o no Oeste Paulista foi encerrada devido \u00e0 quarentena de combate \u00e0 Covid-19 determinada em todo o Estado de S\u00e3o Paulo. Desde novembro do ano passado, o 1\u00ba Batalh\u00e3o de Choque da Pol\u00edcia Militar prestava apoio \u00e0s equipes da regi\u00e3o de<a href=\"http:\/\/g1.globo.com\/sp\/presidente-prudente-regiao\/cidade\/presidente-prudente.html\">\u00a0Presidente Prudente<\/a>\u00a0em ocorr\u00eancias de grande complexidade e no combate ao crime organizado.<\/p>\n<\/div>\n<div class=\"wall protected-content\">\n<div class=\"mc-column content-text active-extra-styles \" style=\"text-align: justify;\" data-block-type=\"unstyled\" data-block-weight=\"30\" data-block-id=\"3\">\n<p class=\"content-text__container \" data-track-category=\"Link no Texto\" data-track-links=\"\">Em aproximadamente quatro meses no Oeste Paulista, os policiais da Rota realizaram mais de 300 abordagens, prenderam quatro pessoas em flagrante e apreenderam um adolescente por tr\u00e1fico de drogas.<\/p>\n<\/div>\n<div class=\"mc-column content-text active-extra-styles \" style=\"text-align: justify;\" data-block-type=\"unstyled\" data-block-weight=\"19\" data-block-id=\"4\">\n<p class=\"content-text__container \" data-track-category=\"Link no Texto\" data-track-links=\"\">Houve ainda um procurado da Justi\u00e7a pelo crime de roubo recapturado, conforme informou a Pol\u00edcia Militar ao\u00a0<strong>G1<\/strong>.<\/p>\n<\/div>\n<div class=\"mc-column content-text active-extra-styles \" style=\"text-align: justify;\" data-block-type=\"unstyled\" data-block-weight=\"30\" data-block-id=\"5\">\n<p class=\"content-text__container \" data-track-category=\"Link no Texto\" data-track-links=\"\">A tropa da Rota\u00a0<a href=\"https:\/\/g1.globo.com\/sp\/presidente-prudente-regiao\/noticia\/2020\/02\/10\/em-3-meses-patrulhamento-da-rota-na-regiao-de-presidente-prudente-realiza-mais-de-280-abordagens.ghtml\">come\u00e7ou a opera\u00e7\u00e3o em 1\u00ba de novembro de 2019 e patrulhava diariamente<\/a>\u00a0na cidade de Presidente Prudente e no entorno, bem como nos munic\u00edpios de Caiu\u00e1, Presidente Bernardes, Presidente Epit\u00e1cio e Presidente Venceslau.<\/p>\n<\/div>\n<div class=\"mc-column content-text active-extra-styles\" style=\"text-align: justify;\" data-block-type=\"raw\" data-block-weight=\"35\" data-block-id=\"6\">\n<blockquote class=\"content-blockquote theme-border-color-primary-before\"><p>\u201cA principal meta, que era, al\u00e9m de combater o crime organizado que atua na regi\u00e3o, propiciar sensa\u00e7\u00e3o de seguran\u00e7a para toda a popula\u00e7\u00e3o da regi\u00e3o prudentina, foi feita com excel\u00eancia\u201d, declarou a Rota ao\u00a0<strong>G1<\/strong>.<\/p><\/blockquote>\n<\/div>\n<div class=\"row medium-uncollapsed content-media content-photo\" style=\"text-align: justify;\" data-block-type=\"backstage-photo\" data-block-id=\"7\">\n<div class=\"column medium-22 large-20 medium-centered content-media__container\">\n<div class=\"progressive-img can-open-lightbox\" data-min-size=\"1008x672\" data-min-size-url=\"https:\/\/s2.glbimg.com\/Q-owqfuq2-ffkSWpr1oES0e6RmI=\/0x0:5898x3932\/1008x0\/smart\/filters:strip_icc()\/i.s3.glbimg.com\/v1\/AUTH_59edd422c0c84a879bd37670ae4f538a\/internal_photos\/bs\/2020\/B\/O\/I5aahMSPy4BSPcLqjxlw\/dsc-1428-ok.jpg\" data-max-size=\"1600x1066\" data-max-size-url=\"https:\/\/s2.glbimg.com\/4OOB9Yp86Ozv9cGig_W5qV-FTSk=\/0x0:5898x3932\/1600x0\/smart\/filters:strip_icc()\/i.s3.glbimg.com\/v1\/AUTH_59edd422c0c84a879bd37670ae4f538a\/internal_photos\/bs\/2020\/B\/O\/I5aahMSPy4BSPcLqjxlw\/dsc-1428-ok.jpg\" data-media-index=\"1\">\n<div class=\"placeholder-container\"><img decoding=\"async\" class=\"image content-media__image progressive-loaded\" title=\"Equipes da Rota em Presidente Prudente \u2014 Foto: Stephanie Fonseca\" src=\"https:\/\/s2.glbimg.com\/Q-owqfuq2-ffkSWpr1oES0e6RmI=\/0x0:5898x3932\/1008x0\/smart\/filters:strip_icc()\/i.s3.glbimg.com\/v1\/AUTH_59edd422c0c84a879bd37670ae4f538a\/internal_photos\/bs\/2020\/B\/O\/I5aahMSPy4BSPcLqjxlw\/dsc-1428-ok.jpg\" alt=\"Equipes da Rota em Presidente Prudente \u2014 Foto: Stephanie Fonseca\" data-src=\"https:\/\/s2.glbimg.com\/Q-owqfuq2-ffkSWpr1oES0e6RmI=\/0x0:5898x3932\/1008x0\/smart\/filters:strip_icc()\/i.s3.glbimg.com\/v1\/AUTH_59edd422c0c84a879bd37670ae4f538a\/internal_photos\/bs\/2020\/B\/O\/I5aahMSPy4BSPcLqjxlw\/dsc-1428-ok.jpg\" \/><\/div>\n<\/div>\n<p class=\"content-media__description \">Equipes da Rota em Presidente Prudente \u2014 Foto: Stephanie Fonseca<\/p>\n<\/div>\n<\/div>\n<div class=\"mc-column content-text active-extra-styles \" style=\"text-align: justify;\" data-block-type=\"unstyled\" data-block-weight=\"53\" data-block-id=\"9\">\n<p class=\"content-text__container \" data-track-category=\"Link no Texto\" data-track-links=\"\">A Pol\u00edcia Militar do Estado de S\u00e3o Paulo, institui\u00e7\u00e3o com 188 anos de exist\u00eancia, tem a miss\u00e3o constitucional de preservar a ordem p\u00fablica. \u201cExistem diversas modalidades de policiamento, que funcionam como engrenagens de um sistema voltado ao combate \u00e0 criminalidade e \u00e0 prote\u00e7\u00e3o das pessoas, cada uma com uma fun\u00e7\u00e3o espec\u00edfica\u201d, declarou.<\/p>\n<\/div>\n<div class=\"mc-column content-text active-extra-styles \" style=\"text-align: justify;\" data-block-type=\"unstyled\" data-block-weight=\"41\" data-block-id=\"10\">\n<p class=\"content-text__container \" data-track-category=\"Link no Texto\" data-track-links=\"\">\u201cO patrulhamento T\u00e1tico de Rota \u00e9 uma dessas modalidades, cuja fun\u00e7\u00e3o \u00e9 atuar em apoio \u00e0s demais modalidades de policiamento, em especial em ocorr\u00eancias de grande complexidade e combater o crime organizado e as quadrilhas ultraviolentas\u201d, acrescentou a Rota ao\u00a0<strong>G1<\/strong>.<\/p>\n<\/div>\n<div class=\"mc-column content-text active-extra-styles\" style=\"text-align: justify;\" data-block-type=\"raw\" data-block-weight=\"16\" data-block-id=\"11\">\n<ul class=\"content-unordered-list\">\n<li><a href=\"https:\/\/g1.globo.com\/sp\/presidente-prudente-regiao\/noticia\/2020\/02\/10\/em-3-meses-patrulhamento-da-rota-na-regiao-de-presidente-prudente-realiza-mais-de-280-abordagens.ghtml\">Em 3 meses, patrulhamento da Rota na regi\u00e3o de Presidente Prudente realiza mais de 280 abordagens<\/a><\/li>\n<\/ul>\n<\/div>\n<div class=\"mc-column content-text active-extra-styles \" style=\"text-align: justify;\" data-block-type=\"unstyled\" data-block-weight=\"41\" data-block-id=\"12\">\n<p class=\"content-text__container \" data-track-category=\"Link no Texto\" data-track-links=\"\">Na \u00faltima semana de mar\u00e7o, devido ao in\u00edcio da quarentena decretada em todo o Estado de S\u00e3o Paulo como meio de combate ao cont\u00e1gio do novo coronav\u00edrus, as equipes retornaram \u00e0 capital paulista para um novo planejamento de emprego do efetivo.<\/p>\n<\/div>\n<div class=\"row medium-uncollapsed content-media content-photo\" style=\"text-align: justify;\" data-block-type=\"backstage-photo\" data-block-id=\"13\">\n<div class=\"column medium-22 large-20 medium-centered content-media__container\">\n<div class=\"progressive-img can-open-lightbox\" data-min-size=\"1008x672\" data-min-size-url=\"https:\/\/s2.glbimg.com\/j2-OACCafyNBxogR4Avcm50ofpI=\/0x0:5581x3721\/1008x0\/smart\/filters:strip_icc()\/i.s3.glbimg.com\/v1\/AUTH_59edd422c0c84a879bd37670ae4f538a\/internal_photos\/bs\/2020\/p\/A\/m5k9a6QDO7AeDHpkzjbg\/dsc-1411-reduz.jpg\" data-max-size=\"1600x1066\" data-max-size-url=\"https:\/\/s2.glbimg.com\/3iZdAp_71UZaZrFunJx3ZfPUFFg=\/0x0:5581x3721\/1600x0\/smart\/filters:strip_icc()\/i.s3.glbimg.com\/v1\/AUTH_59edd422c0c84a879bd37670ae4f538a\/internal_photos\/bs\/2020\/p\/A\/m5k9a6QDO7AeDHpkzjbg\/dsc-1411-reduz.jpg\" data-media-index=\"2\">\n<div class=\"placeholder-container\"><img decoding=\"async\" class=\"image content-media__image progressive-loaded\" title=\"Presidente Prudente \u00e9 uma das cidades que recebem equipes da Rota \u2014 Foto: Stephanie Fonseca\" src=\"https:\/\/s2.glbimg.com\/j2-OACCafyNBxogR4Avcm50ofpI=\/0x0:5581x3721\/1008x0\/smart\/filters:strip_icc()\/i.s3.glbimg.com\/v1\/AUTH_59edd422c0c84a879bd37670ae4f538a\/internal_photos\/bs\/2020\/p\/A\/m5k9a6QDO7AeDHpkzjbg\/dsc-1411-reduz.jpg\" alt=\"Presidente Prudente \u00e9 uma das cidades que recebem equipes da Rota \u2014 Foto: Stephanie Fonseca\" data-src=\"https:\/\/s2.glbimg.com\/j2-OACCafyNBxogR4Avcm50ofpI=\/0x0:5581x3721\/1008x0\/smart\/filters:strip_icc()\/i.s3.glbimg.com\/v1\/AUTH_59edd422c0c84a879bd37670ae4f538a\/internal_photos\/bs\/2020\/p\/A\/m5k9a6QDO7AeDHpkzjbg\/dsc-1411-reduz.jpg\" \/><\/div>\n<\/div>\n<p class=\"content-media__description \">Presidente Prudente \u00e9 uma das cidades que recebem equipes da Rota \u2014 Foto: Stephanie Fonseca<\/p>\n<\/div>\n<\/div>\n<div class=\"row medium-uncollapsed content-media content-photo\" data-block-type=\"backstage-photo\" data-block-id=\"14\">\n<div class=\"column medium-22 large-20 medium-centered content-media__container\">\n<div class=\"progressive-img can-open-lightbox\" style=\"text-align: justify;\" data-min-size=\"1008x672\" data-min-size-url=\"https:\/\/s2.glbimg.com\/2JuhUOowb4hz7c6d57Tb3X-76oQ=\/0x0:4608x3072\/1008x0\/smart\/filters:strip_icc()\/i.s3.glbimg.com\/v1\/AUTH_59edd422c0c84a879bd37670ae4f538a\/internal_photos\/bs\/2020\/e\/A\/BrDUczSOCYi0Evxr44Fw\/dsc-8037.jpg\" data-max-size=\"1600x1066\" data-max-size-url=\"https:\/\/s2.glbimg.com\/5UHAlmbPu70um5CHSy2w_HPVZVU=\/0x0:4608x3072\/1600x0\/smart\/filters:strip_icc()\/i.s3.glbimg.com\/v1\/AUTH_59edd422c0c84a879bd37670ae4f538a\/internal_photos\/bs\/2020\/e\/A\/BrDUczSOCYi0Evxr44Fw\/dsc-8037.jpg\" data-media-index=\"3\">\n<div class=\"placeholder-container\"><img decoding=\"async\" class=\"image content-media__image progressive-loaded\" title=\"Equipes da Rota estiveram na regi\u00e3o de Presidente Prudente prestando apoio a outras modalidades \u2014 Foto: Jo\u00e3o Lucas Martins\/G1\" src=\"https:\/\/s2.glbimg.com\/2JuhUOowb4hz7c6d57Tb3X-76oQ=\/0x0:4608x3072\/1008x0\/smart\/filters:strip_icc()\/i.s3.glbimg.com\/v1\/AUTH_59edd422c0c84a879bd37670ae4f538a\/internal_photos\/bs\/2020\/e\/A\/BrDUczSOCYi0Evxr44Fw\/dsc-8037.jpg\" alt=\"Equipes da Rota estiveram na regi\u00e3o de Presidente Prudente prestando apoio a outras modalidades \u2014 Foto: Jo\u00e3o Lucas Martins\/G1\" data-src=\"https:\/\/s2.glbimg.com\/2JuhUOowb4hz7c6d57Tb3X-76oQ=\/0x0:4608x3072\/1008x0\/smart\/filters:strip_icc()\/i.s3.glbimg.com\/v1\/AUTH_59edd422c0c84a879bd37670ae4f538a\/internal_photos\/bs\/2020\/e\/A\/BrDUczSOCYi0Evxr44Fw\/dsc-8037.jpg\" \/><\/div>\n<\/div>\n<p class=\"content-media__description \" style=\"text-align: justify;\">Equipes da Rota estiveram na regi\u00e3o de Presidente Prudente prestando apoio a outras modalidades \u2014 Foto: Jo\u00e3o Lucas Martins\/G1<\/p>\n<p style=\"text-align: justify;\">Fonte:G1<\/p>\n<\/div>\n<\/div>\n<div class=\"content-ads content-ads--reveal\" data-block-type=\"ads\" data-block-id=\"15\">\n<div id=\"banner_materia__612c3191-9d87-4c6c-b7c8-e4b567a63c4e\" class=\"tag-manager-publicidade-container mc-has-reveal mc-has-ad-lazyload tag-manager-publicidade-banner_materia__612c3191-9d87-4c6c-b7c8-e4b567a63c4e tag-manager-publicidade-container--carregado tag-manager-publicidade-container--visivel\" data-id=\"banner_materia__612c3191-9d87-4c6c-b7c8-e4b567a63c4e\" data-google-query-id=\"CPaUj7zf-ugCFRIG1AodO6YC9Q\" data-cid=\"138308540568\" data-lid=\"5351883259\"><\/div>\n<\/div>\n<\/div>\n","protected":false},"excerpt":{"rendered":"<p>No apoio a ocorr\u00eancias de grande complexidade no Oeste Paulista, tropa realizou mais de 300 abordagens. Novo planejamento de emprego do efetivo \u00e9 realizado. A Rondas Ostensivas Tobias de Aguiar (Rota) revelou ao\u00a0G1\u00a0que a opera\u00e7\u00e3o no Oeste Paulista foi encerrada devido \u00e0 quarentena de combate \u00e0 Covid-19 determinada em todo o Estado de S\u00e3o Paulo. [&hellip;]<\/p>\n","protected":false},"author":1,"featured_media":24296,"comment_status":"closed","ping_status":"open","sticky":false,"template":"","format":"standard","meta":{"footnotes":""},"categories":[110,2],"tags":[],"class_list":["post-24295","post","type-post","status-publish","format-standard","has-post-thumbnail","hentry","category-noticiasdestaque","category-policial"],"_links":{"self":[{"href":"https:\/\/jorgezanoni.com.br\/2019\/wp-json\/wp\/v2\/posts\/24295","targetHints":{"allow":["GET"]}}],"collection":[{"href":"https:\/\/jorgezanoni.com.br\/2019\/wp-json\/wp\/v2\/posts"}],"about":[{"href":"https:\/\/jorgezanoni.com.br\/2019\/wp-json\/wp\/v2\/types\/post"}],"author":[{"embeddable":true,"href":"https:\/\/jorgezanoni.com.br\/2019\/wp-json\/wp\/v2\/users\/1"}],"replies":[{"embeddable":true,"href":"https:\/\/jorgezanoni.com.br\/2019\/wp-json\/wp\/v2\/comments?post=24295"}],"version-history":[{"count":0,"href":"https:\/\/jorgezanoni.com.br\/2019\/wp-json\/wp\/v2\/posts\/24295\/revisions"}],"wp:featuredmedia":[{"embeddable":true,"href":"https:\/\/jorgezanoni.com.br\/2019\/wp-json\/wp\/v2\/media\/24296"}],"wp:attachment":[{"href":"https:\/\/jorgezanoni.com.br\/2019\/wp-json\/wp\/v2\/media?parent=24295"}],"wp:term":[{"taxonomy":"category","embeddable":true,"href":"https:\/\/jorgezanoni.com.br\/2019\/wp-json\/wp\/v2\/categories?post=24295"},{"taxonomy":"post_tag","embeddable":true,"href":"https:\/\/jorgezanoni.com.br\/2019\/wp-json\/wp\/v2\/tags?post=24295"}],"curies":[{"name":"wp","href":"https:\/\/api.w.org\/{rel}","templated":true}]}}