{"id":24292,"date":"2020-04-22T00:02:07","date_gmt":"2020-04-22T00:02:07","guid":{"rendered":"https:\/\/jorgezanoni.com.br\/2019\/?p=24292"},"modified":"2020-04-22T00:02:07","modified_gmt":"2020-04-22T00:02:07","slug":"na-quarentena-policia-militar-flagra-duas-festas-com-mais-de-200-pessoas-em-osvaldo-cruz","status":"publish","type":"post","link":"https:\/\/jorgezanoni.com.br\/2019\/na-quarentena-policia-militar-flagra-duas-festas-com-mais-de-200-pessoas-em-osvaldo-cruz\/","title":{"rendered":"Na quarentena, Pol\u00edcia Militar flagra duas festas com mais de 200 pessoas em Osvaldo Cruz"},"content":{"rendered":"<h2 class=\"content-head__subtitle\" style=\"text-align: justify;\"><strong>Eventos aconteciam em lugares distintos na madrugada desta ter\u00e7a-feira (21).<\/strong><\/h2>\n<div class=\"mc-column content-text active-extra-styles \" data-block-type=\"unstyled\" data-block-weight=\"61\" data-block-id=\"2\">\n<p class=\"content-text__container \" style=\"text-align: justify;\" data-track-category=\"Link no Texto\" data-track-links=\"\">A Pol\u00edcia Militar, na madrugada desta ter\u00e7a-feira (21), surpreendeu cerca de 240 pessoas em festas que estavam sendo realizadas em\u00a0<a href=\"https:\/\/g1.globo.com\/sp\/presidente-prudente-regiao\/cidade\/osvaldo-cruz\/\">Osvaldo Cruz<\/a>, em lugares distintos. As ocorr\u00eancias, registradas em per\u00edodo de quarentena, devido \u00e0 pandemia do novo coronav\u00edrus, fere\/descumpre o artigo 268 do C\u00f3digo Penal, referente a &#8220;infringir determina\u00e7\u00e3o do poder p\u00fablico, destinada a impedir introdu\u00e7\u00e3o ou propaga\u00e7\u00e3o de doen\u00e7a contagiosa&#8221;.<\/p>\n<\/div>\n<div class=\"wall protected-content\">\n<div class=\"mc-column content-text active-extra-styles \" style=\"text-align: justify;\" data-block-type=\"unstyled\" data-block-weight=\"36\" data-block-id=\"3\">\n<p class=\"content-text__container \" data-track-category=\"Link no Texto\" data-track-links=\"\">Uma das festas acontecia na zona rural do munic\u00edpio, no bairro Ponte Seca. L\u00e1, o policiamento encontrou aproximadamente 200 pessoas, diversos ve\u00edculos, grande quantidade de bebidas alco\u00f3licas e um adolescente em estado de coma alco\u00f3lico.<\/p>\n<\/div>\n<div class=\"mc-column content-text active-extra-styles \" style=\"text-align: justify;\" data-block-type=\"unstyled\" data-block-weight=\"52\" data-block-id=\"4\">\n<p class=\"content-text__container \" data-track-category=\"Link no Texto\" data-track-links=\"\">Al\u00e9m de descumprir o per\u00edodo de quarentena, a festa ainda cometia outras infra\u00e7\u00f5es, como a falta de alvar\u00e1 municipal e autoriza\u00e7\u00e3o do Corpo de Bombeiros para realiza\u00e7\u00e3o de eventos, a n\u00e3o apresenta\u00e7\u00e3o de autoriza\u00e7\u00e3o do Minist\u00e9rio P\u00fablico (MP) para realiza\u00e7\u00e3o, al\u00e9m de of\u00edcio de ci\u00eancia da Pol\u00edcia Militar e Conselho Tutelar.<\/p>\n<\/div>\n<div class=\"mc-column content-text active-extra-styles \" style=\"text-align: justify;\" data-block-type=\"unstyled\" data-block-weight=\"26\" data-block-id=\"5\">\n<p class=\"content-text__container \" data-track-category=\"Link no Texto\" data-track-links=\"\">A pol\u00edcia acionou uma unidade do resgate do Corpo de Bombeiros e o Conselho Tutelar para atender o adolescente encontrado em estado de coma alco\u00f3lico.<\/p>\n<\/div>\n<div class=\"mc-column content-text active-extra-styles \" style=\"text-align: justify;\" data-block-type=\"unstyled\" data-block-weight=\"27\" data-block-id=\"6\">\n<p class=\"content-text__container \" data-track-category=\"Link no Texto\" data-track-links=\"\">O outro evento, que acontecia na Avenida Brasil, resultou em descumprimento de determina\u00e7\u00e3o judicial relativo a pris\u00e3o em aberto, al\u00e9m do descumprimento do per\u00edodo de quarentena.<\/p>\n<\/div>\n<div class=\"mc-column content-text active-extra-styles \" style=\"text-align: justify;\" data-block-type=\"unstyled\" data-block-weight=\"35\" data-block-id=\"8\">\n<p class=\"content-text__container \" data-track-category=\"Link no Texto\" data-track-links=\"\">A pol\u00edcia foi informada de que no local onde funcionava uma barbearia estaria acontecendo uma festa com aglomera\u00e7\u00e3o e som alto. A equipe constatou a presen\u00e7a de aproximadamente 40 pessoas no interior do im\u00f3vel.<\/p>\n<\/div>\n<div class=\"mc-column content-text active-extra-styles \" style=\"text-align: justify;\" data-block-type=\"unstyled\" data-block-weight=\"47\" data-block-id=\"9\">\n<p class=\"content-text__container \" data-track-category=\"Link no Texto\" data-track-links=\"\">Os policiais conversaram com o respons\u00e1vel pelo evento e constataram que entre os participantes havia um indiv\u00edduo que deixou recentemente o sistema prisional e deveria cumprir restri\u00e7\u00f5es judiciais de hor\u00e1rio, n\u00e3o podendo permanecer fora de sua resid\u00eancia entre \u00e0s 22h e 6h do dia posterior.<\/p>\n<\/div>\n<div class=\"mc-column content-text active-extra-styles \" data-block-type=\"unstyled\" data-block-weight=\"16\" data-block-id=\"10\">\n<p class=\"content-text__container \" style=\"text-align: justify;\" data-track-category=\"Link no Texto\" data-track-links=\"\">Em ambas as festas, a multid\u00e3o foi dispersada e orientada do risco de propaga\u00e7\u00e3o da Covid-19.<\/p>\n<p style=\"text-align: justify;\" data-track-category=\"Link no Texto\" data-track-links=\"\">Fonte: G1<\/p>\n<\/div>\n<\/div>\n","protected":false},"excerpt":{"rendered":"<p>Eventos aconteciam em lugares distintos na madrugada desta ter\u00e7a-feira (21). A Pol\u00edcia Militar, na madrugada desta ter\u00e7a-feira (21), surpreendeu cerca de 240 pessoas em festas que estavam sendo realizadas em\u00a0Osvaldo Cruz, em lugares distintos. As ocorr\u00eancias, registradas em per\u00edodo de quarentena, devido \u00e0 pandemia do novo coronav\u00edrus, fere\/descumpre o artigo 268 do C\u00f3digo Penal, referente [&hellip;]<\/p>\n","protected":false},"author":1,"featured_media":24293,"comment_status":"closed","ping_status":"open","sticky":false,"template":"","format":"standard","meta":{"footnotes":""},"categories":[110,2],"tags":[],"class_list":["post-24292","post","type-post","status-publish","format-standard","has-post-thumbnail","hentry","category-noticiasdestaque","category-policial"],"_links":{"self":[{"href":"https:\/\/jorgezanoni.com.br\/2019\/wp-json\/wp\/v2\/posts\/24292","targetHints":{"allow":["GET"]}}],"collection":[{"href":"https:\/\/jorgezanoni.com.br\/2019\/wp-json\/wp\/v2\/posts"}],"about":[{"href":"https:\/\/jorgezanoni.com.br\/2019\/wp-json\/wp\/v2\/types\/post"}],"author":[{"embeddable":true,"href":"https:\/\/jorgezanoni.com.br\/2019\/wp-json\/wp\/v2\/users\/1"}],"replies":[{"embeddable":true,"href":"https:\/\/jorgezanoni.com.br\/2019\/wp-json\/wp\/v2\/comments?post=24292"}],"version-history":[{"count":0,"href":"https:\/\/jorgezanoni.com.br\/2019\/wp-json\/wp\/v2\/posts\/24292\/revisions"}],"wp:featuredmedia":[{"embeddable":true,"href":"https:\/\/jorgezanoni.com.br\/2019\/wp-json\/wp\/v2\/media\/24293"}],"wp:attachment":[{"href":"https:\/\/jorgezanoni.com.br\/2019\/wp-json\/wp\/v2\/media?parent=24292"}],"wp:term":[{"taxonomy":"category","embeddable":true,"href":"https:\/\/jorgezanoni.com.br\/2019\/wp-json\/wp\/v2\/categories?post=24292"},{"taxonomy":"post_tag","embeddable":true,"href":"https:\/\/jorgezanoni.com.br\/2019\/wp-json\/wp\/v2\/tags?post=24292"}],"curies":[{"name":"wp","href":"https:\/\/api.w.org\/{rel}","templated":true}]}}