{"id":24289,"date":"2020-04-21T23:50:31","date_gmt":"2020-04-21T23:50:31","guid":{"rendered":"https:\/\/jorgezanoni.com.br\/2019\/?p=24289"},"modified":"2020-04-21T23:50:31","modified_gmt":"2020-04-21T23:50:31","slug":"hospital-regional-faz-captacao-de-multiplos-orgaos-em-presidente-prudente","status":"publish","type":"post","link":"https:\/\/jorgezanoni.com.br\/2019\/hospital-regional-faz-captacao-de-multiplos-orgaos-em-presidente-prudente\/","title":{"rendered":"Hospital Regional faz capta\u00e7\u00e3o de m\u00faltiplos \u00f3rg\u00e3os em Presidente Prudente"},"content":{"rendered":"<h2 class=\"content-head__subtitle\" style=\"text-align: justify;\"><strong>A\u00e7\u00e3o mobilizou cerca de 50 profissionais das mais diversas \u00e1reas, vindos de S\u00e3o Paulo, S\u00e3o Jos\u00e9 do Rio Preto, Campinas e Mar\u00edlia, al\u00e9m da equipe do HR.<\/strong><\/h2>\n<div class=\"mc-column content-text active-extra-styles \" data-block-type=\"unstyled\" data-block-weight=\"35\" data-block-id=\"2\">\n<p class=\"content-text__container \" style=\"text-align: justify;\" data-track-category=\"Link no Texto\" data-track-links=\"\">Nesta ter\u00e7a-feira (21), o Hospital Regional de\u00a0<a href=\"https:\/\/g1.globo.com\/sp\/presidente-prudente-regiao\/cidade\/presidente-prudente\/\">Presidente Prudente (SP)<\/a>\u00a0realizou a capta\u00e7\u00e3o de cora\u00e7\u00e3o, pulm\u00f5es, f\u00edgado e rins de um paciente de 34 anos, que foi v\u00edtima de um Acidente Vascular Cerebral (AVC).<\/p>\n<\/div>\n<div class=\"wall protected-content\">\n<div class=\"mc-column content-text active-extra-styles \" style=\"text-align: justify;\" data-block-type=\"unstyled\" data-block-weight=\"66\" data-block-id=\"3\">\n<p class=\"content-text__container \" data-track-category=\"Link no Texto\" data-track-links=\"\">A solidariedade est\u00e1 sendo vista de v\u00e1rias formas nesses tempos de pandemia. E uma dessas a\u00e7\u00f5es que tem sido cada vez mais frequente no Oeste Paulista \u00e9 a doa\u00e7\u00e3o de \u00f3rg\u00e3os. Desde o in\u00edcio da pandemia, o Hospital Regional (HR) j\u00e1 realizou mais de 10 capta\u00e7\u00f5es de \u00f3rg\u00e3os, o que possibilitou salvar a vida de mais de 50 pacientes ao redor do estado de S\u00e3o Paulo.<\/p>\n<\/div>\n<div class=\"mc-column content-text active-extra-styles \" style=\"text-align: justify;\" data-block-type=\"unstyled\" data-block-weight=\"27\" data-block-id=\"4\">\n<p class=\"content-text__container \" data-track-category=\"Link no Texto\" data-track-links=\"\">Essa \u00e9 a terceira capta\u00e7\u00e3o m\u00faltipla de \u00f3rg\u00e3os, que \u00e9 quando \u00e9 poss\u00edvel fazer a doa\u00e7\u00e3o de dois ou mais \u00f3rg\u00e3os simultaneamente, somente nesse m\u00eas de abril.<\/p>\n<\/div>\n<div class=\"mc-column content-text active-extra-styles \" style=\"text-align: justify;\" data-block-type=\"unstyled\" data-block-weight=\"65\" data-block-id=\"5\">\n<p class=\"content-text__container \" data-track-category=\"Link no Texto\" data-track-links=\"\">O cora\u00e7\u00e3o ser\u00e1 doado para uma mulher de 50 anos, que est\u00e1 internada no Instituto Dante Pazzanese de Cardiologia, em\u00a0<a href=\"https:\/\/g1.globo.com\/sp\/sao-paulo\/cidade\/sao-paulo\/\">S\u00e3o Paulo (SP)<\/a>. J\u00e1 o pulm\u00e3o ser\u00e1 encaminhado para o Hospital de Base, em\u00a0<a href=\"https:\/\/g1.globo.com\/sp\/sao-jose-do-rio-preto-aracatuba\/cidade\/sao-jose-do-rio-preto\/\">S\u00e3o Jos\u00e9 do Rio Preto (SP)<\/a>, o f\u00edgado ser\u00e1 direcionado para o Hospital das Cl\u00ednicas, em\u00a0<a href=\"https:\/\/g1.globo.com\/sp\/campinas-regiao\/cidade\/campinas\/\">Campinas (SP)<\/a>\u00a0e os rins para a Santa Casa de Miseric\u00f3rdia, em\u00a0<a href=\"https:\/\/g1.globo.com\/sp\/bauru-marilia\/cidade\/marilia\/\">Mar\u00edlia (SP)<\/a>.<\/p>\n<\/div>\n<div class=\"mc-column content-text active-extra-styles \" style=\"text-align: justify;\" data-block-type=\"unstyled\" data-block-weight=\"67\" data-block-id=\"6\">\n<p class=\"content-text__container \" data-track-category=\"Link no Texto\" data-track-links=\"\">Devido a atual situa\u00e7\u00e3o de pandemia, foi preciso uma s\u00e9rie de cuidados e exames em respeito \u00e0s normas t\u00e9cnicas do Minist\u00e9rio da Sa\u00fade, Secretaria de Estado da Sa\u00fade do Governo de S\u00e3o Paulo e protocolos internos, para garantir um transplante seguro, conforme explica o m\u00e9dico intensivista e coordenador da Comiss\u00e3o Intrahospitalar de Doa\u00e7\u00f5es de \u00d3rg\u00e3os e Tecidos para Transplantes do Hospital Regional, o doutor Renato Ferrari.<\/p>\n<\/div>\n<div class=\"mc-column content-text active-extra-styles \" style=\"text-align: justify;\" data-block-type=\"unstyled\" data-block-weight=\"64\" data-block-id=\"8\">\n<p class=\"content-text__container \" data-track-category=\"Link no Texto\" data-track-links=\"\">&#8220;A doa\u00e7\u00e3o de \u00f3rg\u00e3os pode ser a \u00fanica chance de salvar um paciente, por isso essa solidariedade \u00e9 t\u00e3o importante. \u00c9 gratificante ver que nos tornamos refer\u00eancia no que diz respeito a capta\u00e7\u00e3o de \u00f3rg\u00e3os e estamos seguindo todas as recomenda\u00e7\u00f5es de seguran\u00e7a das autoridades competentes para garantir que todo esse processo de doa\u00e7\u00e3o seja seguro para todos os envolvidos no processo&#8221;, acrescentou Ferrari.<\/p>\n<\/div>\n<div class=\"mc-column content-text active-extra-styles \" style=\"text-align: justify;\" data-block-type=\"unstyled\" data-block-weight=\"23\" data-block-id=\"9\">\n<p class=\"content-text__container \" data-track-category=\"Link no Texto\" data-track-links=\"\">O m\u00e9dico ainda refor\u00e7a que o \u00fanico meio para atingir esse n\u00famero de doa\u00e7\u00f5es \u00e9 a conscientiza\u00e7\u00e3o da popula\u00e7\u00e3o como um todo.<\/p>\n<\/div>\n<div class=\"mc-column content-text active-extra-styles \" style=\"text-align: justify;\" data-block-type=\"unstyled\" data-block-weight=\"25\" data-block-id=\"10\">\n<p class=\"content-text__container \" data-track-category=\"Link no Texto\" data-track-links=\"\">&#8220;Essa rede de solidariedade \u00e9 muito importante, que possamos nos unir e nos conscientizar cada vez mais sobre a import\u00e2ncia da doa\u00e7\u00e3o de \u00f3rg\u00e3os&#8221;, pontuou.<\/p>\n<\/div>\n<div class=\"mc-column content-text active-extra-styles \" style=\"text-align: justify;\" data-block-type=\"unstyled\" data-block-weight=\"48\" data-block-id=\"11\">\n<p class=\"content-text__container \" data-track-category=\"Link no Texto\" data-track-links=\"\">Toda a a\u00e7\u00e3o mobilizou cerca de 50 profissionais das mais diversas \u00e1reas, vindos de S\u00e3o Paulo, S\u00e3o Jos\u00e9 do Rio Preto, Campinas e Mar\u00edlia, al\u00e9m dos profissionais do HR e tamb\u00e9m contou com o apoio de policiais militares que escoltaram os \u00f3rg\u00e3os at\u00e9 o aeroporto de Presidente Prudente.<\/p>\n<\/div>\n<div class=\"row medium-uncollapsed content-media content-photo\" style=\"text-align: justify;\" data-block-type=\"backstage-photo\" data-block-id=\"12\">\n<div class=\"mc-column content-media__container\">\n<div class=\"progressive-img can-open-lightbox\" data-min-size=\"1008x672\" data-min-size-url=\"https:\/\/s2.glbimg.com\/CJbMEKJqjVdfRm43RTTm4m5rgqc=\/0x0:2976x1984\/1008x0\/smart\/filters:strip_icc()\/i.s3.glbimg.com\/v1\/AUTH_59edd422c0c84a879bd37670ae4f538a\/internal_photos\/bs\/2020\/i\/N\/y9A27hSVSURTkm65KwUQ\/img-9342.jpg\" data-max-size=\"1600x1066\" data-max-size-url=\"https:\/\/s2.glbimg.com\/U3iPfylp37-VNGnjtXzz0ooNbTI=\/0x0:2976x1984\/1600x0\/smart\/filters:strip_icc()\/i.s3.glbimg.com\/v1\/AUTH_59edd422c0c84a879bd37670ae4f538a\/internal_photos\/bs\/2020\/i\/N\/y9A27hSVSURTkm65KwUQ\/img-9342.jpg\" data-media-index=\"1\">\n<div class=\"placeholder-container\"><img decoding=\"async\" class=\"image content-media__image progressive-loaded\" title=\"Hospital Regional realiza capta\u00e7\u00e3o de \u00f3rg\u00e3os em Presidente Prudente \u2014 Foto: AI\/HRPP\" src=\"https:\/\/s2.glbimg.com\/iyRIncCSm23AznG_S3_NypEinZ8=\/0x0:2976x1984\/984x0\/smart\/filters:strip_icc()\/i.s3.glbimg.com\/v1\/AUTH_59edd422c0c84a879bd37670ae4f538a\/internal_photos\/bs\/2020\/i\/N\/y9A27hSVSURTkm65KwUQ\/img-9342.jpg\" alt=\"Hospital Regional realiza capta\u00e7\u00e3o de \u00f3rg\u00e3os em Presidente Prudente \u2014 Foto: AI\/HRPP\" data-src=\"https:\/\/s2.glbimg.com\/iyRIncCSm23AznG_S3_NypEinZ8=\/0x0:2976x1984\/984x0\/smart\/filters:strip_icc()\/i.s3.glbimg.com\/v1\/AUTH_59edd422c0c84a879bd37670ae4f538a\/internal_photos\/bs\/2020\/i\/N\/y9A27hSVSURTkm65KwUQ\/img-9342.jpg\" \/><\/div>\n<\/div>\n<p class=\"content-media__description \">Hospital Regional realiza capta\u00e7\u00e3o de \u00f3rg\u00e3os em Presidente Prudente \u2014 Foto: AI\/HRPP<\/p>\n<\/div>\n<\/div>\n<div class=\"row medium-uncollapsed content-media content-photo\" data-block-type=\"backstage-photo\" data-block-id=\"13\">\n<div class=\"mc-column content-media__container\">\n<div class=\"progressive-img can-open-lightbox\" style=\"text-align: justify;\" data-min-size=\"1008x672\" data-min-size-url=\"https:\/\/s2.glbimg.com\/QC0zQSocHGZCFtIH8_pUCl6wHns=\/0x0:2976x1984\/1008x0\/smart\/filters:strip_icc()\/i.s3.glbimg.com\/v1\/AUTH_59edd422c0c84a879bd37670ae4f538a\/internal_photos\/bs\/2020\/W\/u\/SjjFISTfWUzajxDQAK2A\/img-9344.jpg\" data-max-size=\"1600x1066\" data-max-size-url=\"https:\/\/s2.glbimg.com\/7pHPgXBnKX_Zg3atNHa0MRW2wuM=\/0x0:2976x1984\/1600x0\/smart\/filters:strip_icc()\/i.s3.glbimg.com\/v1\/AUTH_59edd422c0c84a879bd37670ae4f538a\/internal_photos\/bs\/2020\/W\/u\/SjjFISTfWUzajxDQAK2A\/img-9344.jpg\" data-media-index=\"2\">\n<div class=\"placeholder-container\"><img decoding=\"async\" class=\"image content-media__image progressive-loaded\" title=\"Hospital Regional realiza capta\u00e7\u00e3o de \u00f3rg\u00e3os em Presidente Prudente \u2014 Foto: AI\/HRPP\" src=\"https:\/\/s2.glbimg.com\/qfUAdtrGgt4U9lw4YFyfcgjtyZ8=\/0x0:2976x1984\/984x0\/smart\/filters:strip_icc()\/i.s3.glbimg.com\/v1\/AUTH_59edd422c0c84a879bd37670ae4f538a\/internal_photos\/bs\/2020\/W\/u\/SjjFISTfWUzajxDQAK2A\/img-9344.jpg\" alt=\"Hospital Regional realiza capta\u00e7\u00e3o de \u00f3rg\u00e3os em Presidente Prudente \u2014 Foto: AI\/HRPP\" data-src=\"https:\/\/s2.glbimg.com\/qfUAdtrGgt4U9lw4YFyfcgjtyZ8=\/0x0:2976x1984\/984x0\/smart\/filters:strip_icc()\/i.s3.glbimg.com\/v1\/AUTH_59edd422c0c84a879bd37670ae4f538a\/internal_photos\/bs\/2020\/W\/u\/SjjFISTfWUzajxDQAK2A\/img-9344.jpg\" \/><\/div>\n<\/div>\n<p class=\"content-media__description \" style=\"text-align: justify;\">Hospital Regional realiza capta\u00e7\u00e3o de \u00f3rg\u00e3os em Presidente Prudente \u2014 Foto: AI\/HRPP<\/p>\n<div class=\"row medium-uncollapsed content-media content-photo\" style=\"text-align: justify;\" data-block-type=\"backstage-photo\" data-block-id=\"15\">\n<div class=\"mc-column content-media__container\">\n<div class=\"progressive-img can-open-lightbox\" data-min-size=\"1008x672\" data-min-size-url=\"https:\/\/s2.glbimg.com\/EDd_nGAZgnBezuV_cFVhQiJB83g=\/0x0:2976x1984\/1008x0\/smart\/filters:strip_icc()\/i.s3.glbimg.com\/v1\/AUTH_59edd422c0c84a879bd37670ae4f538a\/internal_photos\/bs\/2020\/d\/S\/NFtBEURA6rx3wdwuu66w\/img-9362.jpg\" data-max-size=\"1600x1066\" data-max-size-url=\"https:\/\/s2.glbimg.com\/p_8ozVNSGFl5T-yA2t-79eMKDU0=\/0x0:2976x1984\/1600x0\/smart\/filters:strip_icc()\/i.s3.glbimg.com\/v1\/AUTH_59edd422c0c84a879bd37670ae4f538a\/internal_photos\/bs\/2020\/d\/S\/NFtBEURA6rx3wdwuu66w\/img-9362.jpg\" data-media-index=\"3\"><picture><img decoding=\"async\" class=\"image content-media__image progressive-loaded\" title=\"Hospital Regional realiza capta\u00e7\u00e3o de \u00f3rg\u00e3os em Presidente Prudente \u2014 Foto: AI\/HRPP\" src=\"https:\/\/s2.glbimg.com\/vGaAGEUTGkUQjfI23WVT2HD3cK4=\/0x0:2976x1984\/984x0\/smart\/filters:strip_icc()\/i.s3.glbimg.com\/v1\/AUTH_59edd422c0c84a879bd37670ae4f538a\/internal_photos\/bs\/2020\/d\/S\/NFtBEURA6rx3wdwuu66w\/img-9362.jpg\" alt=\"Hospital Regional realiza capta\u00e7\u00e3o de \u00f3rg\u00e3os em Presidente Prudente \u2014 Foto: AI\/HRPP\" data-src=\"https:\/\/s2.glbimg.com\/vGaAGEUTGkUQjfI23WVT2HD3cK4=\/0x0:2976x1984\/984x0\/smart\/filters:strip_icc()\/i.s3.glbimg.com\/v1\/AUTH_59edd422c0c84a879bd37670ae4f538a\/internal_photos\/bs\/2020\/d\/S\/NFtBEURA6rx3wdwuu66w\/img-9362.jpg\" \/><\/picture><\/div>\n<p class=\"content-media__description \">Hospital Regional realiza capta\u00e7\u00e3o de \u00f3rg\u00e3os em Presidente Prudente \u2014 Foto: AI\/HRPP<\/p>\n<\/div>\n<\/div>\n<div class=\"row medium-uncollapsed content-media content-photo\" style=\"text-align: justify;\" data-block-type=\"backstage-photo\" data-block-id=\"16\">\n<div class=\"mc-column content-media__container\">\n<div class=\"progressive-img can-open-lightbox\" data-min-size=\"1008x756\" data-min-size-url=\"https:\/\/s2.glbimg.com\/u5tp49zrEoKl94MKk_9vKm-Vqn8=\/0x0:1024x768\/1008x0\/smart\/filters:strip_icc()\/i.s3.glbimg.com\/v1\/AUTH_59edd422c0c84a879bd37670ae4f538a\/internal_photos\/bs\/2020\/K\/J\/zPqKZAT9OEwsJbwRhVzA\/whatsapp-image-2020-04-21-at-14.19.42.jpeg\" data-max-size=\"1600x1200\" data-max-size-url=\"https:\/\/s2.glbimg.com\/priMvhyPlhpVmUNXgPZDTf7zgOY=\/0x0:1024x768\/1600x0\/smart\/filters:strip_icc()\/i.s3.glbimg.com\/v1\/AUTH_59edd422c0c84a879bd37670ae4f538a\/internal_photos\/bs\/2020\/K\/J\/zPqKZAT9OEwsJbwRhVzA\/whatsapp-image-2020-04-21-at-14.19.42.jpeg\" data-media-index=\"4\">\n<div class=\"placeholder-container\"><img decoding=\"async\" class=\"image content-media__image progressive-loaded\" title=\"Pol\u00edcia Militar realizou a escolta dos \u00f3rg\u00e3os at\u00e9 o aeroporto de Presidente Prudente \u2014 Foto: Pol\u00edcia Militar\" src=\"https:\/\/s2.glbimg.com\/85oAGajavQS1uaD5OdX_JLxvdtc=\/0x0:1024x768\/984x0\/smart\/filters:strip_icc()\/i.s3.glbimg.com\/v1\/AUTH_59edd422c0c84a879bd37670ae4f538a\/internal_photos\/bs\/2020\/K\/J\/zPqKZAT9OEwsJbwRhVzA\/whatsapp-image-2020-04-21-at-14.19.42.jpeg\" alt=\"Pol\u00edcia Militar realizou a escolta dos \u00f3rg\u00e3os at\u00e9 o aeroporto de Presidente Prudente \u2014 Foto: Pol\u00edcia Militar\" data-src=\"https:\/\/s2.glbimg.com\/85oAGajavQS1uaD5OdX_JLxvdtc=\/0x0:1024x768\/984x0\/smart\/filters:strip_icc()\/i.s3.glbimg.com\/v1\/AUTH_59edd422c0c84a879bd37670ae4f538a\/internal_photos\/bs\/2020\/K\/J\/zPqKZAT9OEwsJbwRhVzA\/whatsapp-image-2020-04-21-at-14.19.42.jpeg\" \/><\/div>\n<\/div>\n<p class=\"content-media__description \">Pol\u00edcia Militar realizou a escolta dos \u00f3rg\u00e3os at\u00e9 o aeroporto de Presidente Prudente \u2014 Foto: Pol\u00edcia Militar<\/p>\n<\/div>\n<\/div>\n<div class=\"row medium-uncollapsed content-media content-photo\" data-block-type=\"backstage-photo\" data-block-id=\"17\">\n<div class=\"mc-column content-media__container\">\n<div class=\"progressive-img can-open-lightbox\" data-min-size=\"1008x756\" data-min-size-url=\"https:\/\/s2.glbimg.com\/JZXu4FmWlWW5ztcw_oPZfIwaw78=\/0x0:1024x768\/1008x0\/smart\/filters:strip_icc()\/i.s3.glbimg.com\/v1\/AUTH_59edd422c0c84a879bd37670ae4f538a\/internal_photos\/bs\/2020\/7\/J\/S9nOH4QpqAM7Zoghk4kQ\/whatsapp-image-2020-04-21-at-15.17.02.jpeg\" data-max-size=\"1600x1200\" data-max-size-url=\"https:\/\/s2.glbimg.com\/Rd5WYdOUrgM6YUtKZWPGPO4eqWs=\/0x0:1024x768\/1600x0\/smart\/filters:strip_icc()\/i.s3.glbimg.com\/v1\/AUTH_59edd422c0c84a879bd37670ae4f538a\/internal_photos\/bs\/2020\/7\/J\/S9nOH4QpqAM7Zoghk4kQ\/whatsapp-image-2020-04-21-at-15.17.02.jpeg\" data-media-index=\"5\">\n<div class=\"placeholder-container\" style=\"text-align: justify;\"><img decoding=\"async\" class=\"image content-media__image progressive-loaded\" title=\"Pol\u00edcia Militar realizou a escolta dos \u00f3rg\u00e3os at\u00e9 o aeroporto de Presidente Prudente \u2014 Foto: Pol\u00edcia Militar\" src=\"https:\/\/s2.glbimg.com\/V5zix4EkLIIpRHWhjcOcH-p-SMU=\/0x0:1024x768\/984x0\/smart\/filters:strip_icc()\/i.s3.glbimg.com\/v1\/AUTH_59edd422c0c84a879bd37670ae4f538a\/internal_photos\/bs\/2020\/7\/J\/S9nOH4QpqAM7Zoghk4kQ\/whatsapp-image-2020-04-21-at-15.17.02.jpeg\" alt=\"Pol\u00edcia Militar realizou a escolta dos \u00f3rg\u00e3os at\u00e9 o aeroporto de Presidente Prudente \u2014 Foto: Pol\u00edcia Militar\" data-src=\"https:\/\/s2.glbimg.com\/V5zix4EkLIIpRHWhjcOcH-p-SMU=\/0x0:1024x768\/984x0\/smart\/filters:strip_icc()\/i.s3.glbimg.com\/v1\/AUTH_59edd422c0c84a879bd37670ae4f538a\/internal_photos\/bs\/2020\/7\/J\/S9nOH4QpqAM7Zoghk4kQ\/whatsapp-image-2020-04-21-at-15.17.02.jpeg\" \/>Pol\u00edcia Militar realizou a escolta dos \u00f3rg\u00e3os at\u00e9 o aeroporto de Presidente Prudente \u2014 Foto: Pol\u00edcia Militar<\/div>\n<\/div>\n<\/div>\n<\/div>\n<\/div>\n<\/div>\n<\/div>\n","protected":false},"excerpt":{"rendered":"<p>A\u00e7\u00e3o mobilizou cerca de 50 profissionais das mais diversas \u00e1reas, vindos de S\u00e3o Paulo, S\u00e3o Jos\u00e9 do Rio Preto, Campinas e Mar\u00edlia, al\u00e9m da equipe do HR. Nesta ter\u00e7a-feira (21), o Hospital Regional de\u00a0Presidente Prudente (SP)\u00a0realizou a capta\u00e7\u00e3o de cora\u00e7\u00e3o, pulm\u00f5es, f\u00edgado e rins de um paciente de 34 anos, que foi v\u00edtima de um [&hellip;]<\/p>\n","protected":false},"author":1,"featured_media":24290,"comment_status":"closed","ping_status":"open","sticky":false,"template":"","format":"standard","meta":{"footnotes":""},"categories":[110,122],"tags":[],"class_list":["post-24289","post","type-post","status-publish","format-standard","has-post-thumbnail","hentry","category-noticiasdestaque","category-saudeeducacaoeconcurso"],"_links":{"self":[{"href":"https:\/\/jorgezanoni.com.br\/2019\/wp-json\/wp\/v2\/posts\/24289","targetHints":{"allow":["GET"]}}],"collection":[{"href":"https:\/\/jorgezanoni.com.br\/2019\/wp-json\/wp\/v2\/posts"}],"about":[{"href":"https:\/\/jorgezanoni.com.br\/2019\/wp-json\/wp\/v2\/types\/post"}],"author":[{"embeddable":true,"href":"https:\/\/jorgezanoni.com.br\/2019\/wp-json\/wp\/v2\/users\/1"}],"replies":[{"embeddable":true,"href":"https:\/\/jorgezanoni.com.br\/2019\/wp-json\/wp\/v2\/comments?post=24289"}],"version-history":[{"count":0,"href":"https:\/\/jorgezanoni.com.br\/2019\/wp-json\/wp\/v2\/posts\/24289\/revisions"}],"wp:featuredmedia":[{"embeddable":true,"href":"https:\/\/jorgezanoni.com.br\/2019\/wp-json\/wp\/v2\/media\/24290"}],"wp:attachment":[{"href":"https:\/\/jorgezanoni.com.br\/2019\/wp-json\/wp\/v2\/media?parent=24289"}],"wp:term":[{"taxonomy":"category","embeddable":true,"href":"https:\/\/jorgezanoni.com.br\/2019\/wp-json\/wp\/v2\/categories?post=24289"},{"taxonomy":"post_tag","embeddable":true,"href":"https:\/\/jorgezanoni.com.br\/2019\/wp-json\/wp\/v2\/tags?post=24289"}],"curies":[{"name":"wp","href":"https:\/\/api.w.org\/{rel}","templated":true}]}}