{"id":24285,"date":"2020-04-21T23:23:45","date_gmt":"2020-04-21T23:23:45","guid":{"rendered":"https:\/\/jorgezanoni.com.br\/2019\/?p=24285"},"modified":"2020-04-21T23:23:45","modified_gmt":"2020-04-21T23:23:45","slug":"live-de-gustavo-lima-beneficia-dracena-e-panorama-com-doacao-de-alcool-em-gel","status":"publish","type":"post","link":"https:\/\/jorgezanoni.com.br\/2019\/live-de-gustavo-lima-beneficia-dracena-e-panorama-com-doacao-de-alcool-em-gel\/","title":{"rendered":"Live de Gustavo Lima beneficia Dracena e Panorama com doa\u00e7\u00e3o de \u00e1lcool em gel"},"content":{"rendered":"<p style=\"text-align: justify;\">Gra\u00e7as ao dracenense Marquinhos Milanez que trabalha com o cantor Gustavo Lima, parte do \u00e1lcool em gel arrecadado na live do cantor feita na semana passada beneficiar\u00e1 Dracena e Panorama.<\/p>\n<p style=\"text-align: justify;\">Marquinhos vende os shows de Gustavo Lima para todo o Brasil, disse que o \u00e1lcool faz parte do total doado para live do cantor pela empresa Salvatori de Presidente Prudente.<\/p>\n<div class=\"text_exposed_show\">\n<p style=\"text-align: justify;\">Segundo Fernanda Milanez, irm\u00e3 de Marquinhos, Dracena vai receber 2 mil frascos de \u00e1lcool em gel e Panorama, 1 mil frascos.<\/p>\n<p style=\"text-align: justify;\">Ela disse que em Dracena parte do \u00e1lcool ser\u00e1 doada \u00e0 igreja Matriz Nossa Senhora Aparecida e Santa Casa, e em Panorama, para a Secretaria de Sa\u00fade.<\/p>\n<p style=\"text-align: justify;\">Este \u00e1lcool chegaria a Dracena ontem, mas a entrega foi adiada para quarta-feira, em virtude do ponto facultativo de Tiradentes.<\/p>\n<p style=\"text-align: justify;\">Marquinhos Milanez decidiu fazer a doa\u00e7\u00e3o porque Dracena \u00e9 sua cidade natal.<\/p>\n<p style=\"text-align: justify;\">Ele est\u00e1 na cidade e disse que Pirapozinho tamb\u00e9m ser\u00e1 beneficiada com \u00e1lcool em gel arrecadado por Gustavo Lima.<\/p>\n<p style=\"text-align: justify;\">Elogi\u00e1vel essa atitude de Gustavo Lima e do dracenense Marquinhos Milanez.<\/p>\n<p style=\"text-align: justify;\">Fonte: Assessoria de Imprensa<\/p>\n<\/div>\n","protected":false},"excerpt":{"rendered":"<p>Gra\u00e7as ao dracenense Marquinhos Milanez que trabalha com o cantor Gustavo Lima, parte do \u00e1lcool em gel arrecadado na live do cantor feita na semana passada beneficiar\u00e1 Dracena e Panorama. Marquinhos vende os shows de Gustavo Lima para todo o Brasil, disse que o \u00e1lcool faz parte do total doado para live do cantor pela [&hellip;]<\/p>\n","protected":false},"author":1,"featured_media":24286,"comment_status":"closed","ping_status":"open","sticky":false,"template":"","format":"standard","meta":{"footnotes":""},"categories":[183],"tags":[],"class_list":["post-24285","post","type-post","status-publish","format-standard","has-post-thumbnail","hentry","category-musicaeturismo"],"_links":{"self":[{"href":"https:\/\/jorgezanoni.com.br\/2019\/wp-json\/wp\/v2\/posts\/24285","targetHints":{"allow":["GET"]}}],"collection":[{"href":"https:\/\/jorgezanoni.com.br\/2019\/wp-json\/wp\/v2\/posts"}],"about":[{"href":"https:\/\/jorgezanoni.com.br\/2019\/wp-json\/wp\/v2\/types\/post"}],"author":[{"embeddable":true,"href":"https:\/\/jorgezanoni.com.br\/2019\/wp-json\/wp\/v2\/users\/1"}],"replies":[{"embeddable":true,"href":"https:\/\/jorgezanoni.com.br\/2019\/wp-json\/wp\/v2\/comments?post=24285"}],"version-history":[{"count":0,"href":"https:\/\/jorgezanoni.com.br\/2019\/wp-json\/wp\/v2\/posts\/24285\/revisions"}],"wp:featuredmedia":[{"embeddable":true,"href":"https:\/\/jorgezanoni.com.br\/2019\/wp-json\/wp\/v2\/media\/24286"}],"wp:attachment":[{"href":"https:\/\/jorgezanoni.com.br\/2019\/wp-json\/wp\/v2\/media?parent=24285"}],"wp:term":[{"taxonomy":"category","embeddable":true,"href":"https:\/\/jorgezanoni.com.br\/2019\/wp-json\/wp\/v2\/categories?post=24285"},{"taxonomy":"post_tag","embeddable":true,"href":"https:\/\/jorgezanoni.com.br\/2019\/wp-json\/wp\/v2\/tags?post=24285"}],"curies":[{"name":"wp","href":"https:\/\/api.w.org\/{rel}","templated":true}]}}