{"id":24265,"date":"2020-04-21T16:34:27","date_gmt":"2020-04-21T16:34:27","guid":{"rendered":"https:\/\/jorgezanoni.com.br\/2019\/?p=24265"},"modified":"2020-04-21T20:03:53","modified_gmt":"2020-04-21T20:03:53","slug":"jovem-sobre-acidente-de-proporcoes-sai-ileso-e-da-depoimento-em-rede-social","status":"publish","type":"post","link":"https:\/\/jorgezanoni.com.br\/2019\/jovem-sobre-acidente-de-proporcoes-sai-ileso-e-da-depoimento-em-rede-social\/","title":{"rendered":"Jovem sobre acidente de propor\u00e7\u00f5es, sai ileso e da depoimento em rede social"},"content":{"rendered":"<p style=\"text-align: justify;\"><strong>Dener Moraes \u00e9 morador de Junqueir\u00f3polis e presta servi\u00e7os para uma empresa terceirizada, no Pronto Atendimento Municipal de Dracena.<\/strong><\/p>\n<p style=\"text-align: justify;\">Na noite de domingo, o jovem sofreu um acidente que praticamente destruiu seu ve\u00edculo, batendo na traseira de um \u00f4nibus que estava estacionado, dentro do per\u00edmetro urbano da cidade de Junqueir\u00f3polis.<\/p>\n<p style=\"text-align: justify;\">O impacto da batida foi violento e por sorte o motorista sofreu pequenas escoria\u00e7\u00f5es. Veja o que ele escreveu em sua rede social, no seu Facebook<\/p>\n<p style=\"text-align: justify;\">Gratid\u00e3o cara. \u00c9 s\u00f3 o que eu tenho. GRATID\u00c3O n\u00e3o s\u00f3 por ter sa\u00eddo vivo desse acidente apenas com arranh\u00f5es e corte na orelha, mas tamb\u00e9m por saber e ver quanta gente se preocupou, mandou mensagem perguntando como eu estava, as pessoas que me ajudaram ontem e que eu sabia que nunca iriam me decepcionar em qualquer situa\u00e7\u00e3o. Agradecer ao meu irm\u00e3o\u00a0<a class=\"profileLink\" title=\"Danilo Correa\" href=\"https:\/\/www.facebook.com\/danilo.correa.372?__tn__=%2CdK-R-R&amp;eid=ARA3_ElXT7Ewaz7ofwVPfL4ZyLgnk1v3_jGjv7-5JRsSaTbt11baF9yoo8l5u2uHM9ssQKdep91E-xui&amp;fref=mentions\" data-hovercard=\"\/ajax\/hovercard\/user.php?id=100000713426569&amp;extragetparams=%7B%22__tn__%22%3A%22%2CdK-R-R%22%2C%22eid%22%3A%22ARA3_ElXT7Ewaz7ofwVPfL4ZyLgnk1v3_jGjv7-5JRsSaTbt11baF9yoo8l5u2uHM9ssQKdep91E-xui%22%2C%22fref%22%3A%22mentions%22%7D\" data-hovercard-prefer-more-content-show=\"1\">Danilo<\/a>\u00a0que tomou conta das coisas enquanto eu ia pro hospital e ao\u00a0<a class=\"profileLink\" title=\"Ailton Garcia\" href=\"https:\/\/www.facebook.com\/ailton.garcia.16?__tn__=%2CdK-R-R&amp;eid=ARDvx3SWFR82CKlqIgLGK1ZzAm_pDnRXPAwwF8wDsAN1fxnXWXJ8UO1HAcNe1a76nPqjeAGU8H2CRl1c&amp;fref=mentions\" data-hovercard=\"\/ajax\/hovercard\/user.php?id=100002849789051&amp;extragetparams=%7B%22__tn__%22%3A%22%2CdK-R-R%22%2C%22eid%22%3A%22ARDvx3SWFR82CKlqIgLGK1ZzAm_pDnRXPAwwF8wDsAN1fxnXWXJ8UO1HAcNe1a76nPqjeAGU8H2CRl1c%22%2C%22fref%22%3A%22mentions%22%7D\" data-hovercard-prefer-more-content-show=\"1\">Ailton<\/a>\u00a0que ficou l\u00e1 comigo me vendo chorar por causa do carro e m<span class=\"text_exposed_show\">e dando bronca por isso e agradecer tamb\u00e9m a todo mundo que se preocupou comigo e de algum jeito me ajudou. Obrigado gente, de cora\u00e7\u00e3o. Eu t\u00f4 bem e vivo e o carro \u00e9 s\u00f3 um bem material que conquistei e como a sa\u00fade permaneceu a gente corre atr\u00e1s dnv porque como diz um amigo meu &#8220;aqui, uma coisa que a gente n\u00e3o tem \u00e9 pregui\u00e7a&#8221;. Ent\u00e3o \u00e9 isso, d\u00eaem mais valor a vida do que aos bens materiais, porque como est\u00e3o vendo na foto, eles v\u00e3o e a gente as vezes fica ou as vezes vai junto tamb\u00e9m.<\/span><\/p>\n<p><img loading=\"lazy\" decoding=\"async\" class=\"alignnone size-full wp-image-24266\" src=\"https:\/\/jorgezanoni.com.br\/2019\/wp-content\/uploads\/2020\/04\/Junqueira-1.jpg\" alt=\"\" width=\"438\" height=\"406\" srcset=\"https:\/\/jorgezanoni.com.br\/2019\/wp-content\/uploads\/2020\/04\/Junqueira-1.jpg 438w, https:\/\/jorgezanoni.com.br\/2019\/wp-content\/uploads\/2020\/04\/Junqueira-1-300x278.jpg 300w\" sizes=\"auto, (max-width: 438px) 100vw, 438px\" \/> <img loading=\"lazy\" decoding=\"async\" class=\"alignnone size-full wp-image-24267\" src=\"https:\/\/jorgezanoni.com.br\/2019\/wp-content\/uploads\/2020\/04\/Junqueira1-1.jpg\" alt=\"\" width=\"526\" height=\"542\" srcset=\"https:\/\/jorgezanoni.com.br\/2019\/wp-content\/uploads\/2020\/04\/Junqueira1-1.jpg 526w, https:\/\/jorgezanoni.com.br\/2019\/wp-content\/uploads\/2020\/04\/Junqueira1-1-291x300.jpg 291w, https:\/\/jorgezanoni.com.br\/2019\/wp-content\/uploads\/2020\/04\/Junqueira1-1-408x420.jpg 408w\" sizes=\"auto, (max-width: 526px) 100vw, 526px\" \/><\/p>\n<p>Jorge Zanoni<\/p>\n<p>Fotos de Internauta<\/p>\n","protected":false},"excerpt":{"rendered":"<p>Dener Moraes \u00e9 morador de Junqueir\u00f3polis e presta servi\u00e7os para uma empresa terceirizada, no Pronto Atendimento Municipal de Dracena. Na noite de domingo, o jovem sofreu um acidente que praticamente destruiu seu ve\u00edculo, batendo na traseira de um \u00f4nibus que estava estacionado, dentro do per\u00edmetro urbano da cidade de Junqueir\u00f3polis. O impacto da batida foi [&hellip;]<\/p>\n","protected":false},"author":1,"featured_media":24268,"comment_status":"closed","ping_status":"open","sticky":false,"template":"","format":"standard","meta":{"footnotes":""},"categories":[170,110],"tags":[],"class_list":["post-24265","post","type-post","status-publish","format-standard","has-post-thumbnail","hentry","category-acidentes","category-noticiasdestaque"],"_links":{"self":[{"href":"https:\/\/jorgezanoni.com.br\/2019\/wp-json\/wp\/v2\/posts\/24265","targetHints":{"allow":["GET"]}}],"collection":[{"href":"https:\/\/jorgezanoni.com.br\/2019\/wp-json\/wp\/v2\/posts"}],"about":[{"href":"https:\/\/jorgezanoni.com.br\/2019\/wp-json\/wp\/v2\/types\/post"}],"author":[{"embeddable":true,"href":"https:\/\/jorgezanoni.com.br\/2019\/wp-json\/wp\/v2\/users\/1"}],"replies":[{"embeddable":true,"href":"https:\/\/jorgezanoni.com.br\/2019\/wp-json\/wp\/v2\/comments?post=24265"}],"version-history":[{"count":0,"href":"https:\/\/jorgezanoni.com.br\/2019\/wp-json\/wp\/v2\/posts\/24265\/revisions"}],"wp:featuredmedia":[{"embeddable":true,"href":"https:\/\/jorgezanoni.com.br\/2019\/wp-json\/wp\/v2\/media\/24268"}],"wp:attachment":[{"href":"https:\/\/jorgezanoni.com.br\/2019\/wp-json\/wp\/v2\/media?parent=24265"}],"wp:term":[{"taxonomy":"category","embeddable":true,"href":"https:\/\/jorgezanoni.com.br\/2019\/wp-json\/wp\/v2\/categories?post=24265"},{"taxonomy":"post_tag","embeddable":true,"href":"https:\/\/jorgezanoni.com.br\/2019\/wp-json\/wp\/v2\/tags?post=24265"}],"curies":[{"name":"wp","href":"https:\/\/api.w.org\/{rel}","templated":true}]}}